{"id":7505,"date":"2017-08-18T00:00:00","date_gmt":"2017-08-18T03:00:00","guid":{"rendered":"https:\/\/www.cnbb.org.br\/vocacao-para-a-vida-consagrada\/"},"modified":"2017-08-18T00:00:00","modified_gmt":"2017-08-18T03:00:00","slug":"vocacao-para-a-vida-consagrada","status":"publish","type":"post","link":"https:\/\/www.cnbb.org.br\/vocacao-para-a-vida-consagrada\/","title":{"rendered":"Voca\u00e7\u00e3o para a vida consagrada"},"content":{"rendered":"<p style=\"text-align: right;\"><strong>Dom Caetano Ferrari<\/strong><br \/>\n<strong>Diocese de Bauru (SP)<\/strong><\/p>\n<p style=\"text-align: justify;\">Neste m\u00eas vocacional, este domingo \u00e9 dedicado \u00e0 voca\u00e7\u00e3o da vida consagrada masculina e feminina. A Liturgia nos convida a contemplar a vida consagrada de homens e mulheres que, pertencentes a diversas Ordens Religiosas, Congrega\u00e7\u00f5es e Institutos de vida consagrada, vivem no mundo, no Brasil e entre n\u00f3s na Diocese. S\u00e3o os padres religiosos, os freis e freiras, os irm\u00e3os e irm\u00e3s que seguem a inspira\u00e7\u00e3o carism\u00e1tica, prof\u00e9tica e apost\u00f3lica que o Esp\u00edrito Santo suscitou ao longo dos tempos na Igreja, chamando homens e mulheres a serem fundadores dessas experi\u00eancias religiosas. Muitos desses fundadores de ontem e de hoje s\u00e3o figuras de grande porte espiritual por sua vida de santidade, consagra\u00e7\u00e3o, missionariedade e servi\u00e7o \u00e0 caridade. Exemplos dos religiosos que est\u00e3o em nossa Diocese: Mission\u00e1rios do Sagrado Cora\u00e7\u00e3o do Vener\u00e1vel Jules Chevalier, Franciscanos de S\u00e3o Francisco de Assis, Rogacionistas de Santo An\u00edbal Di Francia, Marianistas, Inacianos, Irm\u00e3os do Sagrado Cora\u00e7\u00e3o. E das religiosas: Monjas Concepcionistas Franciscanas de Santa Beatriz, Irm\u00e3s Ap\u00f3stolas do Sagrado Cora\u00e7\u00e3o de Jesus da bem-aventurada Madre Cl\u00e9lia Merloni e Religiosas do Sagrado Cora\u00e7\u00e3o de Jesus.<\/p>\n<p style=\"text-align: justify;\">Como sabemos \u00e9 da fam\u00edlia que nascem todas as voca\u00e7\u00f5es para o mundo e tamb\u00e9m para a Igreja. Particularmente para a Igreja h\u00e1 as voca\u00e7\u00f5es aos minist\u00e9rios ordenados, \u00e0 vida em fam\u00edlia e ao matrim\u00f4nio, \u00e0 vida religiosa consagrada, ao laicato em geral e \u00e0 catequese. Hoje \u00e9 o dia da vida consagrada das religiosas e religiosos e dos consagrados seculares. Somos convidados a rezar nas inten\u00e7\u00f5es dos freis e freiras e demais religiosos e religiosas. Supliquemos ao Senhor para que desperte mais voca\u00e7\u00f5es e conceda a perseveran\u00e7a, sa\u00fade e paz \u00e0 multid\u00e3o dos consagrados que vivem e realizam na Igreja e no mundo o carisma evang\u00e9lico de suas Ordens, Congrega\u00e7\u00f5es e Institutos, a profecia evang\u00e9lica do reino, o servi\u00e7o da caridade em favor da justi\u00e7a, paz e integridade da cria\u00e7\u00e3o, dos pobres e feridos da sociedade, e o trabalho mission\u00e1rio de coopera\u00e7\u00e3o com a obra evangelizadora da Igreja.<\/p>\n<p style=\"text-align: justify;\">O terceiro domingo de agosto \u00e9 Dia Municipal da Fam\u00edlia por lei municipal, cujo evento faz parte do calend\u00e1rio oficial de festas do munic\u00edpio. Realiza-se hoje pelas ruas da cidade a Caminhada Diocesana da Fam\u00edlia.\u00a0 \u00c9 uma iniciativa da Igreja. O Setor Diocesano da Fam\u00edlia coordena a realiza\u00e7\u00e3o do evento e o p\u00f5e em pr\u00e1tica. A Coordena\u00e7\u00e3o Diocesana de Pastoral \u00e9 a inst\u00e2ncia respons\u00e1vel pela aprova\u00e7\u00e3o da programa\u00e7\u00e3o, supervisiona os trabalhos e articula a coopera\u00e7\u00e3o das demais pastorais, em vista do bom \u00a0\u00eaxito da Caminhada. Toda a programa\u00e7\u00e3o da Caminhada objetiva aprofundar a evangeliza\u00e7\u00e3o da Fam\u00edlia, como \u00e9 nosso sonho. O tema deste ano \u00e9: \u201cA Fam\u00edlia \u00e9 nosso Lar e a Natureza \u00e9 nossa Casa comum\u201d. E o lema: \u201cFazei tudo o que Ele vos mandar\u201d (Jo 2,5). \u00c9 oportuno recordar o que dois grandes Papas disseram sobre a fam\u00edlia: O Papa Bento XVI disse que \u201cA fam\u00edlia \u00e9 a esperan\u00e7a da humanidade, pois nela a vida encontra acolhida, desde a concep\u00e7\u00e3o at\u00e9 seu fim natural\u201d. E o Papa S\u00e3o Jo\u00e3o Paulo II, que \u201cO futuro da humanidade passa pela fam\u00edlia\u201d. O Papa Francisco, falando sobre o matrim\u00f4nio, resumiu-o no seu essencial, ao afirmar que \u201cHomem e Mulher, na sua reciprocidade de esposo e esposa, s\u00e3o imagem de Deus\u201d (Amoris Laetitia \u2013 A Alegria do Amor).<\/p>\n<p style=\"text-align: justify;\">Hoje, na Liturgia, a Igreja celebra a solenidade da Assun\u00e7\u00e3o de Nossa Senhora ao c\u00e9u. Que a Virgem Maria, M\u00e3e de Deus, conclu\u00eddos os dias de sua vida neste mundo, foi elevada em corpo e alma \u00e0 gl\u00f3ria celeste em raz\u00e3o dos m\u00e9ritos da reden\u00e7\u00e3o realizada por seu Filho divino. Na base dessa cren\u00e7a est\u00e1 a convic\u00e7\u00e3o desenvolvida desde os primeiros crist\u00e3os de que n\u00e3o conviria que o corpo daquela que gerou e carregou em seu seio o Filho do Pai eterno sofresse a corrup\u00e7\u00e3o da sepultura, por mais suntuoso que fosse esse monumento. Por conseguinte, a f\u00e9 crist\u00e3 passou a considerar que no momento final da vida terrena de Maria n\u00e3o teria ocorrido, propriamente falando, a morte, mas apenas a \u201cdormitio\u201d, a dormi\u00e7\u00e3o, mediante a qual Maria deixou este mundo e subiu em corpo e alma \u00e0 morada celeste pelo poder do Pai.<\/p>\n<p style=\"text-align: justify;\">O Ap\u00f3stolo Paulo explica que Cristo ressuscitou como prim\u00edcias dos que morreram e que depois ressuscitar\u00e3o os que pertencem a Ele (cf. 1Cor 15,20-27). Ora, a teologia deduz que entre os crist\u00e3os vem Maria como prim\u00edcias; ela \u00e9 a primeira dos frutos da reden\u00e7\u00e3o a participar plenamente da glorifica\u00e7\u00e3o de seu Filho. E a Igreja proclama que Maria \u00e9, sem d\u00favida alguma, a eleita do Senhor em quem resplandeceu a plenitude da gra\u00e7a, a \u00fanica criatura sem pecado, a \u201cImaculada Concei\u00e7\u00e3o\u201d, a obra-prima da Trindade Santa, a cooperadora de maneira singularmente \u00edmpar na obra da Reden\u00e7\u00e3o. Por isso, declara que Maria j\u00e1 est\u00e1 no c\u00e9u em corpo e alma junto do Alt\u00edssimo Deus, Pai e Filho e Esp\u00edrito Santo. A Liturgia canta que a Virgem Maria, Assunta ao C\u00e9u, \u00e9 \u201cAurora e esplendor da Igreja triunfante, \u00e9 consolo e esperan\u00e7a do nosso povo ainda peregrino\u201d. L\u00e1 do c\u00e9u, ela intercede por n\u00f3s.<\/p>\n<p style=\"text-align: justify;\">No Evangelho da Missa &#8211; Lc 1,39-56 \u2013 que relata a visita de Maria \u00e0 sua prima Izabel, as palavras de Maria e Izabel exaltam o amor de Deus que realiza maravilhas. Izabel ressalta a grande f\u00e9 de Maria quando, respondendo ao Anjo, deu o seu \u201cFiat\u201d. Agora, em resposta a Izabel, Maria canta um hino de louvor ao Alt\u00edssimo Deus o \u201cMagnificat\u201d. Ela glorifica a Deus por sua miseric\u00f3rdia e amor para com os pobres, por seu poder que derruba os poderosos de seus tronos e eleva os humildes. Ela, humildemente, reconhece: \u201cFez em mim grandes coisas o Onipotente e o seu nome \u00e9 Santo\u201d.<\/p>\n<p style=\"text-align: justify;\">Nossa Senhora da Assun\u00e7\u00e3o, rogai pelos religiosos e religiosas. Am\u00e9m!<\/p>\n<p style=\"text-align: justify;\">\n<p style=\"text-align: justify;\">\n<p>&nbsp;<\/p>\n","protected":false},"excerpt":{"rendered":"<p>Dom Caetano Ferrari Diocese de Bauru (SP) Neste m\u00eas vocacional, este domingo \u00e9 dedicado \u00e0 voca\u00e7\u00e3o da vida consagrada masculina e feminina. A Liturgia nos convida a contemplar a vida consagrada de homens e mulheres que, pertencentes a diversas Ordens Religiosas, Congrega\u00e7\u00f5es e Institutos de vida consagrada, vivem no mundo, no Brasil e entre n\u00f3s &hellip;<\/p>\n<p class=\"read-more\"> <a class=\"\" href=\"https:\/\/www.cnbb.org.br\/vocacao-para-a-vida-consagrada\/\"> <span class=\"screen-reader-text\">Voca\u00e7\u00e3o para a vida consagrada<\/span> Leia mais &raquo;<\/a><\/p>\n","protected":false},"author":30,"featured_media":0,"comment_status":"closed","ping_status":"open","sticky":false,"template":"","format":"standard","meta":{"site-sidebar-layout":"default","site-content-layout":"default","ast-global-header-display":"","ast-banner-title-visibility":"","ast-main-header-display":"","ast-hfb-above-header-display":"","ast-hfb-below-header-display":"","ast-hfb-mobile-header-display":"","site-post-title":"","ast-breadcrumbs-content":"","ast-featured-img":"","footer-sml-layout":"","theme-transparent-header-meta":"","adv-header-id-meta":"","stick-header-meta":"","header-above-stick-meta":"","header-main-stick-meta":"","header-below-stick-meta":""},"categories":[758],"tags":[],"acf":[],"_links":{"self":[{"href":"https:\/\/www.cnbb.org.br\/cnbb-app\/wp\/v2\/posts\/7505"}],"collection":[{"href":"https:\/\/www.cnbb.org.br\/cnbb-app\/wp\/v2\/posts"}],"about":[{"href":"https:\/\/www.cnbb.org.br\/cnbb-app\/wp\/v2\/types\/post"}],"author":[{"embeddable":true,"href":"https:\/\/www.cnbb.org.br\/cnbb-app\/wp\/v2\/users\/30"}],"replies":[{"embeddable":true,"href":"https:\/\/www.cnbb.org.br\/cnbb-app\/wp\/v2\/comments?post=7505"}],"version-history":[{"count":0,"href":"https:\/\/www.cnbb.org.br\/cnbb-app\/wp\/v2\/posts\/7505\/revisions"}],"wp:attachment":[{"href":"https:\/\/www.cnbb.org.br\/cnbb-app\/wp\/v2\/media?parent=7505"}],"wp:term":[{"taxonomy":"category","embeddable":true,"href":"https:\/\/www.cnbb.org.br\/cnbb-app\/wp\/v2\/categories?post=7505"},{"taxonomy":"post_tag","embeddable":true,"href":"https:\/\/www.cnbb.org.br\/cnbb-app\/wp\/v2\/tags?post=7505"}],"curies":[{"name":"wp","href":"https:\/\/api.w.org\/{rel}","templated":true}]}}