{"id":7508,"date":"2017-08-19T00:00:00","date_gmt":"2017-08-19T03:00:00","guid":{"rendered":"https:\/\/www.cnbb.org.br\/cidadania-pela-fe\/"},"modified":"2017-08-19T00:00:00","modified_gmt":"2017-08-19T03:00:00","slug":"cidadania-pela-fe","status":"publish","type":"post","link":"https:\/\/www.cnbb.org.br\/cidadania-pela-fe\/","title":{"rendered":"Cidadania pela f\u00e9"},"content":{"rendered":"<p style=\"text-align: justify;\"><strong>Dom Walmor Oliveira de Azevedo<\/strong><br \/>\n<strong> Arcebispo metropolitano de Belo Horizonte (MG)<\/strong><\/p>\n<p style=\"text-align: justify;\">A sociedade h\u00e1 de encontrar na f\u00e9 a nota indispens\u00e1vel e insubstitu\u00edvel da sua sinfonia perdida. Pensam muitos que para se conquistar essa harmonia basta a corre\u00e7\u00e3o no \u00e2mbito da pol\u00edtica partid\u00e1ria. Trata-se de aspecto importante, mas que n\u00e3o \u00e9 suficiente. H\u00e1 um longo caminho de reconstru\u00e7\u00e3o das cidadanias para vencer mediocridades. \u00c9 preciso reagir, com investimentos urgentes e indispens\u00e1veis, na educa\u00e7\u00e3o, em reformas, no cultivo da sensibilidade social, da consci\u00eancia de que se pertence a um povo. De modo especial, \u00e9 importante investir na f\u00e9, tesouro que alicer\u00e7a a vida, ilumina a raz\u00e3o, inspira e equilibra a conduta humana.<\/p>\n<p style=\"text-align: justify;\">A Palavra de Deus, na Carta aos Hebreus, cap\u00edtulo 11, bem define esse tesouro: \u201cA f\u00e9 \u00e9 a certeza daquilo que ainda se espera, a demonstra\u00e7\u00e3o de realidades que n\u00e3o se veem\u201d. Cultiv\u00e1-la provoca transforma\u00e7\u00f5es profundas que s\u00e3o capazes de devolver, a cada pessoa, o brilho sagrado que reside no cora\u00e7\u00e3o humano. Por isso mesmo, n\u00e3o \u00e9 permitida a nenhuma confiss\u00e3o religiosa contemporizar com as manipula\u00e7\u00f5es a respeito dos entendimentos sobre Deus e a f\u00e9 n\u2019Ele professada, para alcan\u00e7ar certos objetivos question\u00e1veis.<\/p>\n<p style=\"text-align: justify;\">Os l\u00edderes religiosos t\u00eam grande responsabilidade e n\u00e3o podem retardar a rea\u00e7\u00e3o diante dessas manipula\u00e7\u00f5es que ocorrem a partir de meios de comunica\u00e7\u00e3o bem estruturados, de certas pr\u00e1ticas alicer\u00e7adas na irracionalidade que, por isso mesmo, s\u00e3o incapazes de gerar transforma\u00e7\u00f5es necess\u00e1rias na cultura e na sociedade.\u00a0 Situa\u00e7\u00f5es diversas que impedem o surgimento de novos horizontes, s\u00f3 alcan\u00e7ados pela f\u00e9, por sua viv\u00eancia, a partir da coragem prof\u00e9tica e m\u00edstica de seu testemunho. Compreende-se a f\u00e9 n\u00e3o como pr\u00e1tica piedosa, no sentido de se reserv\u00e1-la a sacristias, ou como for\u00e7a a ser buscada simplesmente pelo vi\u00e9s milagreiro, conduta que muitas vezes apenas alimenta cofres, justifica nomes e deixa, em segundo plano, o que \u00e9 essencial e urgente no que se refere a respostas cidad\u00e3s.<\/p>\n<p style=\"text-align: justify;\">A f\u00e9 \u00e9 uma luz que deve incidir sobre todas as rela\u00e7\u00f5es sociais, desdobrando-se em gestos de solidariedade. Toda aut\u00eantica manifesta\u00e7\u00e3o da f\u00e9 \u00e9 experi\u00eancia de fraternidade, sustentada pelo reconhecimento da paternidade de Deus. No centro dessa experi\u00eancia est\u00e1 o amor do Pai, que n\u00e3o deixa obscurecer a preciosidade singular da vida humana. Assim, a f\u00e9 leva o homem a preservar o seu lugar no universo, sem que se extravie da sua natureza. Quem cultiva a f\u00e9 torna-se cada vez mais consciente da pr\u00f3pria responsabilidade moral, demove-se da pretens\u00e3o de ser \u00e1rbitro absoluto de tudo e n\u00e3o corre o risco oneroso e destruidor de achar que tem o direito de manipular outras pessoas.<\/p>\n<p style=\"text-align: justify;\">\u00c9 verdade que a justa ordem da sociedade e do estado \u00e9 dever da pol\u00edtica e, como afirma Santo Agostinho, \u201cum estado que n\u00e3o se rege segundo a justi\u00e7a, se reduz a uma grande banda de ladr\u00f5es, porque a justi\u00e7a \u00e9 o objetivo e a medida intr\u00ednseca de toda pol\u00edtica\u201d. Na busca pela realiza\u00e7\u00e3o da justi\u00e7a, a pol\u00edtica necessita da f\u00e9, que tem propriedades para iluminar a raz\u00e3o a partir da experi\u00eancia do encontro com o Deus. Essa experi\u00eancia ultrapassa a dimens\u00e3o simplesmente racional. Nesse sentido, a f\u00e9 possibilita \u00e0 raz\u00e3o realizar melhor a sua tarefa de configurar a cidadania nos par\u00e2metros necess\u00e1rios para a constru\u00e7\u00e3o de uma sociedade melhor.<\/p>\n<p style=\"text-align: justify;\">Por tudo isso, \u00e9 poss\u00edvel reconhecer a import\u00e2ncia de cultivar e sempre ter apre\u00e7o pelo patrim\u00f4nio da f\u00e9 enraizado na cultura de um povo. Um dom que exige aten\u00e7\u00e3o redobrada no seu cuidado. Eis um compromisso de todos, de governos tamb\u00e9m, para que a genuinidade da f\u00e9 fecunde cidadanias e reconduza a sociedade aos caminhos da justi\u00e7a, do bem, \u00e0s veredas da verdade e da fraternidade.<\/p>\n","protected":false},"excerpt":{"rendered":"<p>Dom Walmor Oliveira de Azevedo Arcebispo metropolitano de Belo Horizonte (MG) A sociedade h\u00e1 de encontrar na f\u00e9 a nota indispens\u00e1vel e insubstitu\u00edvel da sua sinfonia perdida. Pensam muitos que para se conquistar essa harmonia basta a corre\u00e7\u00e3o no \u00e2mbito da pol\u00edtica partid\u00e1ria. Trata-se de aspecto importante, mas que n\u00e3o \u00e9 suficiente. H\u00e1 um longo &hellip;<\/p>\n<p class=\"read-more\"> <a class=\"\" href=\"https:\/\/www.cnbb.org.br\/cidadania-pela-fe\/\"> <span class=\"screen-reader-text\">Cidadania pela f\u00e9<\/span> Leia mais &raquo;<\/a><\/p>\n","protected":false},"author":8,"featured_media":0,"comment_status":"closed","ping_status":"open","sticky":false,"template":"","format":"standard","meta":{"site-sidebar-layout":"default","site-content-layout":"default","ast-global-header-display":"","ast-banner-title-visibility":"","ast-main-header-display":"","ast-hfb-above-header-display":"","ast-hfb-below-header-display":"","ast-hfb-mobile-header-display":"","site-post-title":"","ast-breadcrumbs-content":"","ast-featured-img":"","footer-sml-layout":"","theme-transparent-header-meta":"","adv-header-id-meta":"","stick-header-meta":"","header-above-stick-meta":"","header-main-stick-meta":"","header-below-stick-meta":""},"categories":[758],"tags":[],"acf":[],"_links":{"self":[{"href":"https:\/\/www.cnbb.org.br\/cnbb-app\/wp\/v2\/posts\/7508"}],"collection":[{"href":"https:\/\/www.cnbb.org.br\/cnbb-app\/wp\/v2\/posts"}],"about":[{"href":"https:\/\/www.cnbb.org.br\/cnbb-app\/wp\/v2\/types\/post"}],"author":[{"embeddable":true,"href":"https:\/\/www.cnbb.org.br\/cnbb-app\/wp\/v2\/users\/8"}],"replies":[{"embeddable":true,"href":"https:\/\/www.cnbb.org.br\/cnbb-app\/wp\/v2\/comments?post=7508"}],"version-history":[{"count":0,"href":"https:\/\/www.cnbb.org.br\/cnbb-app\/wp\/v2\/posts\/7508\/revisions"}],"wp:attachment":[{"href":"https:\/\/www.cnbb.org.br\/cnbb-app\/wp\/v2\/media?parent=7508"}],"wp:term":[{"taxonomy":"category","embeddable":true,"href":"https:\/\/www.cnbb.org.br\/cnbb-app\/wp\/v2\/categories?post=7508"},{"taxonomy":"post_tag","embeddable":true,"href":"https:\/\/www.cnbb.org.br\/cnbb-app\/wp\/v2\/tags?post=7508"}],"curies":[{"name":"wp","href":"https:\/\/api.w.org\/{rel}","templated":true}]}}