{"id":7509,"date":"2017-08-19T00:00:00","date_gmt":"2017-08-19T03:00:00","guid":{"rendered":"https:\/\/www.cnbb.org.br\/o-senhor-faz-maravilhas\/"},"modified":"2017-08-19T00:00:00","modified_gmt":"2017-08-19T03:00:00","slug":"o-senhor-faz-maravilhas","status":"publish","type":"post","link":"https:\/\/www.cnbb.org.br\/o-senhor-faz-maravilhas\/","title":{"rendered":"O Senhor faz maravilhas"},"content":{"rendered":"<p style=\"text-align: right;\"><strong>Cardeal Orani Jo\u00e3o Tempesta<\/strong><br \/>\n<strong>Arcebispo Metropolitano de S\u00e3o Sebasti\u00e3o do Rio de Janeiro, RJ<\/strong><\/p>\n<p style=\"text-align: justify;\">A solenidade da Assun\u00e7\u00e3o de Maria, transferida para o domingo seguinte, neste ano cai no 20\u00ba domingo do tempo comum, quando tamb\u00e9m, no m\u00eas vocacional rezamos pelas voca\u00e7\u00f5es para a vida consagrada, religiosos, novas comunidades, institutos seculares, sociedades e vida apost\u00f3lica, consagrados seculares, \u00e9, primeiramente, exalta\u00e7\u00e3o da gl\u00f3ria do Cristo: n\u2019Ele est\u00e1 a vida e a ressurrei\u00e7\u00e3o; n\u2019Ele, a esperan\u00e7a de liberta\u00e7\u00e3o definitiva! Por isso, todo aquele que cr\u00ea em Jesus e \u00e9 batizado no seu Esp\u00edrito Santo no sacramento do Batismo, morrer\u00e1 com Cristo e com Cristo ressuscitar\u00e1. Imediatamente ap\u00f3s a morte, nossa alma ser\u00e1 glorificada e estaremos para sempre com o Senhor. Quanto ao nosso corpo, ser\u00e1 destru\u00eddo e, no final dos tempos, quando Cristo nossa vida aparecer, ser\u00e1 tamb\u00e9m ressuscitado em gl\u00f3ria e unido \u00e0 nossa alma. Ser\u00e1 assim com todos que caminharem nas sendas do Senhor.<\/p>\n<p style=\"text-align: justify;\">Maria nos precede em tudo! Aquela que n\u00e3o teve pecado n\u00e3o foi tocada pela corrup\u00e7\u00e3o da morte! Imediatamente ap\u00f3s a sua \u201cdormi\u00e7\u00e3o\u201d, ela foi ressuscitada, glorificada em corpo e alma, foi elevada ao c\u00e9u! Podemos, portanto, exclamar como Isabel: <em>\u201cBendita \u00e9s tu entre as mulheres! Bendito \u00e9 o fruto do teu ventre! Bem-aventurada aquela que acreditou, porque ser\u00e1 cumprido o que o Senhor lhe prometeu!\u201d (Lc 1, 42.45)<\/em><\/p>\n<p style=\"text-align: justify;\">A festa da Assun\u00e7\u00e3o de Nossa Senhora, a sua chegada a gl\u00f3ria, nos aponta para nosso destino final. Nela aparece claro a obra da salva\u00e7\u00e3o que Cristo realizou! Ela \u00e9 aquela Mulher vestida do \u201csol\u201d, que \u00e9 Cristo, pisando a instabilidade deste mundo, representada pela lua inconstante, toda coroada de doze estrelas, n\u00famero da Israel e da Igreja! (Ap 12, 1). Por isso no Apocalipse lemos tamb\u00e9m a figura da Igreja junto a de Maria. A leitura do Apocalipse mostra-nos tudo isso; mas, termina afirmando: <em>\u201cAgora se realizou a salva\u00e7\u00e3o, a for\u00e7a e a realeza do nosso Deus e o poder do seu Cristo!\u201d<\/em><em> \u201c<\/em>Eis: a plenitude da Virgem \u00e9 realiza\u00e7\u00e3o da obra de Cristo, da vit\u00f3ria de Cristo nela\u201d (Ap 12, 10ab).<\/p>\n<p style=\"text-align: justify;\">A Assun\u00e7\u00e3o de Maria \u00e9 uma preciosa antecipa\u00e7\u00e3o da nossa ressurrei\u00e7\u00e3o e fundamenta-se na Ressurrei\u00e7\u00e3o de Cristo, que transformar\u00e1 o nosso corpo corrupt\u00edvel, fazendo-o semelhante ao seu corpo glorioso. Por isso S\u00e3o Paulo recorda-nos (1 Cor 15, 20-26): \u201cSe a morte veio por um homem (pelo pecado de Ad\u00e3o), tamb\u00e9m por um homem, Cristo, veio a ressurrei\u00e7\u00e3o. Por Ele, todos retornar\u00e3o \u00e0 vida, mas cada um a seu tempo: como prim\u00edcias, Cristo; em seguida, quando Ele voltar, todos os que s\u00e3o de Cristo; depois, os \u00faltimos, quando Cristo devolver a Deus Pai o seu reino.<\/p>\n<p style=\"text-align: justify;\">S\u00e3o preciosas as leituras dessa solenidade! A primeira leitura (Ap 11,19a;12,1.3-6\u00aa.10ab) nos faz refletir sobre a mulher perseguida pelo drag\u00e3o que apareceu no c\u00e9u. Ele quer devorar a crian\u00e7a que est\u00e1 para nascer! Mas, quem \u00e9 a crian\u00e7a e onde ficaria o deserto, onde, ela (a Igreja) seria escondida? \u00a0A mulher foi levada para o deserto. O autor do Apocalipse, com certeza, profetiza a salva\u00e7\u00e3o de Maria, preservada da morte e glorificada no c\u00e9u \u2013 A Assun\u00e7\u00e3o de Maria ao c\u00e9u! Satan\u00e1s sempre quis a morte do ser humano, e Deus \u2013 Jesus Cristo: Deus e Homem \u2013 mediante sua for\u00e7a divina, manifestada na Ressurrei\u00e7\u00e3o, vence o mal e garante a melhor recompensa para sua M\u00e3e, impedindo-a de apodrecer na sepultura e glorificando-a pela Assun\u00e7\u00e3o em corpo e alma para o c\u00e9u! Mas recorda tamb\u00e9m a miss\u00e3o da Igreja em gerar novas criaturas diante de uma sociedade que quer engolir os crist\u00e3os e impedir o \u201cnovo nascimento\u201d. Incr\u00edvel como isso ocorre ainda hoje.<\/p>\n<p style=\"text-align: justify;\">Na segunda leitura (1 Cor 15,20-27) Paulo nos diz sobre a Ressurrei\u00e7\u00e3o, pois Deus p\u00f4s tudo debaixo de seus p\u00e9s. O dem\u00f4nio (a serpente) quis a morte do ser humano; mas Jesus veio para restituir-nos a vida divina! Quem est\u00e1 e permanece em Jesus Cristo n\u00e3o conhece a morte. Morremos em Ad\u00e3o e Eva, mas em Cristo revivemos para a vida eterna!<\/p>\n<p style=\"text-align: justify;\">No Evangelho (Lc 1,39-56) a Virgem Maria, diante do Anjo Gabriel, declarou-se \u201cServa do Senhor\u201d. Visitou Isabel para levar-lhe a primeira gra\u00e7a do Redentor: \u201cA crian\u00e7a pulou no seu ventre e Isabel ficou cheia do Esp\u00edrito Santo!\u201d. Maria olha a necessidade de sua prima e se coloca em prontid\u00e3o. Mas o an\u00fancio \u00e9 claro: veio ao mundo o \u201cSenhor\u201d que estava sendo gestado no ventre de Maria, \u201caquela que acreditou\u201d.<\/p>\n<p style=\"text-align: justify;\">Ao celebrar a solenidade da Assun\u00e7\u00e3o, recordamos tamb\u00e9m que para n\u00f3s brasileiros este ano temos a gra\u00e7a de celebramos o Ano Mariano. Recordamos os 300 anos do encontro da Imagem de Nossa Senhora da Concei\u00e7\u00e3o Aparecida nas \u00e1guas do Rio Para\u00edba do sul. O nosso povo brasileiro precisa renovar e aprofundar a sua devo\u00e7\u00e3o com a Palavra de Deus. O \u201cAno Santo\u201d proclamado pela Igreja no Brasil tem, exatamente, este objetivo: Aprofundar e documentar nossa devo\u00e7\u00e3o \u00e0 M\u00e3e de Deus. \u2013 \u201cDoravante Todas as gera\u00e7\u00f5es me chamar\u00e3o de Bem Aventurada, porque o todo poderoso fez grandes coisas em meu favor!\u201d. Maria fez e nos ensina a fazer a vontade de seu Filho. Maria ensina-nos a amar e buscar o Reino de Deus. Aqui no Rio de Janeiro, junto com esse grande ano, vivemos tamb\u00e9m o Ano da Fam\u00edlia, e essa solenidade encerra a Semana Nacional da Fam\u00edlia. Com a visita da imagem peregrina de Nossa Senhora de Nazar\u00e9 pedimos a sua intercess\u00e3o para que nos ajude a viver em fam\u00edlias crist\u00e3s que levem Paz ao mundo de hoje, t\u00e3o carente de pessoas renovadas em Cristo. Que o olhar para a Assun\u00e7\u00e3o, que nos aponta para o nosso fim \u00faltimo, nos ajude a viver no dia a dia com o cora\u00e7\u00e3o aberto \u00e0s inspira\u00e7\u00f5es do Senhor.<em>\u00a0<\/em><\/p>\n","protected":false},"excerpt":{"rendered":"<p>Cardeal Orani Jo\u00e3o Tempesta Arcebispo Metropolitano de S\u00e3o Sebasti\u00e3o do Rio de Janeiro, RJ A solenidade da Assun\u00e7\u00e3o de Maria, transferida para o domingo seguinte, neste ano cai no 20\u00ba domingo do tempo comum, quando tamb\u00e9m, no m\u00eas vocacional rezamos pelas voca\u00e7\u00f5es para a vida consagrada, religiosos, novas comunidades, institutos seculares, sociedades e vida apost\u00f3lica, &hellip;<\/p>\n<p class=\"read-more\"> <a class=\"\" href=\"https:\/\/www.cnbb.org.br\/o-senhor-faz-maravilhas\/\"> <span class=\"screen-reader-text\">O Senhor faz maravilhas<\/span> Leia mais &raquo;<\/a><\/p>\n","protected":false},"author":31,"featured_media":0,"comment_status":"closed","ping_status":"open","sticky":false,"template":"","format":"standard","meta":{"site-sidebar-layout":"default","site-content-layout":"default","ast-global-header-display":"","ast-banner-title-visibility":"","ast-main-header-display":"","ast-hfb-above-header-display":"","ast-hfb-below-header-display":"","ast-hfb-mobile-header-display":"","site-post-title":"","ast-breadcrumbs-content":"","ast-featured-img":"","footer-sml-layout":"","theme-transparent-header-meta":"","adv-header-id-meta":"","stick-header-meta":"","header-above-stick-meta":"","header-main-stick-meta":"","header-below-stick-meta":""},"categories":[758],"tags":[],"acf":[],"_links":{"self":[{"href":"https:\/\/www.cnbb.org.br\/cnbb-app\/wp\/v2\/posts\/7509"}],"collection":[{"href":"https:\/\/www.cnbb.org.br\/cnbb-app\/wp\/v2\/posts"}],"about":[{"href":"https:\/\/www.cnbb.org.br\/cnbb-app\/wp\/v2\/types\/post"}],"author":[{"embeddable":true,"href":"https:\/\/www.cnbb.org.br\/cnbb-app\/wp\/v2\/users\/31"}],"replies":[{"embeddable":true,"href":"https:\/\/www.cnbb.org.br\/cnbb-app\/wp\/v2\/comments?post=7509"}],"version-history":[{"count":0,"href":"https:\/\/www.cnbb.org.br\/cnbb-app\/wp\/v2\/posts\/7509\/revisions"}],"wp:attachment":[{"href":"https:\/\/www.cnbb.org.br\/cnbb-app\/wp\/v2\/media?parent=7509"}],"wp:term":[{"taxonomy":"category","embeddable":true,"href":"https:\/\/www.cnbb.org.br\/cnbb-app\/wp\/v2\/categories?post=7509"},{"taxonomy":"post_tag","embeddable":true,"href":"https:\/\/www.cnbb.org.br\/cnbb-app\/wp\/v2\/tags?post=7509"}],"curies":[{"name":"wp","href":"https:\/\/api.w.org\/{rel}","templated":true}]}}