{"id":7513,"date":"2017-08-18T00:00:00","date_gmt":"2017-08-18T03:00:00","guid":{"rendered":"https:\/\/www.cnbb.org.br\/nos-15-anos-de-criacao-da-administracao-apostolica-sao-joao-maria-vianney\/"},"modified":"2017-08-18T00:00:00","modified_gmt":"2017-08-18T03:00:00","slug":"nos-15-anos-de-criacao-da-administracao-apostolica-sao-joao-maria-vianney","status":"publish","type":"post","link":"https:\/\/www.cnbb.org.br\/nos-15-anos-de-criacao-da-administracao-apostolica-sao-joao-maria-vianney\/","title":{"rendered":"Nos 15 anos de cria\u00e7\u00e3o da Administra\u00e7\u00e3o Apost\u00f3lica S\u00e3o Jo\u00e3o Maria  Vianney"},"content":{"rendered":"<p>&nbsp;<\/p>\n<p style=\"text-align: right;\"><strong>Dom Roberto Francisco Ferreria Paz<br \/>\n<\/strong><strong>Bispo de Campos (RJ)<\/strong><\/p>\n<p>&nbsp;<\/p>\n<p style=\"text-align: justify;\">A Diocese de Campos celebra e se congratula com nosso irm\u00e3o Dom Fernando Ar\u00eaas Rifan e sua grei, pelo 15\u00ba anivers\u00e1rio do Decreto Animarum Bonum, que cria a Administra\u00e7\u00e3o Apost\u00f3lica S\u00e3o Jo\u00e3o Maria Vianney.<\/p>\n<p style=\"text-align: justify;\">\u00c9 motivo de gratid\u00e3o e regozijo, n\u00e3o s\u00f3 para a cidade e a Diocese de Campos, mas um dom para a Igreja Universal, trazendo n\u00e3o s\u00f3 a paz lit\u00fargica, mas a vit\u00f3ria da cultura do di\u00e1logo, da viv\u00eancia da unidade na pluralidade, da compreens\u00e3o da catolicidade no sentido mais rico e mais generoso de possibilitar o encontro de diferentes tradi\u00e7\u00f5es, ritos e disciplinas. A valoriza\u00e7\u00e3o da forma antiga do Rito Romano, o Usus Antiquior considerada pela Instru\u00e7\u00e3o Universae Ecclesiae como um tesouro precioso a ser conservado.<\/p>\n<p style=\"text-align: justify;\">Mas, al\u00e9m desta especificidade e carisma eclesial da liturgia celebrada na forma extraordin\u00e1ria, estes 15 anos testemunharam uma partilha e edifica\u00e7\u00e3o comum entre a Diocese e a Administra\u00e7\u00e3o Apost\u00f3lica, participada pela Prov\u00edncia de Niter\u00f3i, o Regional Leste 1 e toda a NBB. Um pensador presbiteriano de renomada proje\u00e7\u00e3o, Rubem Alves, elogia a Igreja at\u00f3lica no seu livro &amp;quot;Dogma e Toler\u00e2ncia, pela capacidade de acolher na unidade um luralismo aberto e diferenciado, respeitando as diversas modalidades e culturas.<\/p>\n<p style=\"text-align: justify;\">Um jornalista colocou, certa vez, na coluna de um jornal da cidade, que tinha-se sentido muito tranquilo e feliz ao ver num restaurante, jantar com proximidade fraterna a Dom Rifan e a minha pessoa, passando um testemunho de amizade e comunh\u00e3o. S\u00e3o ecos que levaram a convites em novenas nas duas Circunscri\u00e7\u00f5es Eclesi\u00e1sticas, a organizarmos em comum a JMJ 2013 no Rio de Janeiro, a juntarmos for\u00e7as nas pastorais: familiar, carcer\u00e1ria, da sa\u00fade e da sobriedade.<\/p>\n<p style=\"text-align: justify;\">Registramos com alegria uma caminhada conjunta de m\u00fatuo respeito, reconhecimento e alvi\u00e7areira esperan\u00e7a em rela\u00e7\u00e3o ao futuro. O que importa \u00e9 o crescimento do Reino, da Igreja na sua comunh\u00e3o e miss\u00e3o, do testemunho de di\u00e1logo, da partilha dos dons, e do firme prop\u00f3sito de caminhar juntos. Vida longa \u00e0 Administra\u00e7\u00e3o Apost\u00f3lica, que seu exemplo possa ser sempre uma ponte de entendimento para a dignidade da celebra\u00e7\u00e3o da Sacra Liturgia. \u00a0Deus seja louvado!<\/p>\n<p>&nbsp;<\/p>\n","protected":false},"excerpt":{"rendered":"<p>&nbsp; Dom Roberto Francisco Ferreria Paz Bispo de Campos (RJ) &nbsp; A Diocese de Campos celebra e se congratula com nosso irm\u00e3o Dom Fernando Ar\u00eaas Rifan e sua grei, pelo 15\u00ba anivers\u00e1rio do Decreto Animarum Bonum, que cria a Administra\u00e7\u00e3o Apost\u00f3lica S\u00e3o Jo\u00e3o Maria Vianney. \u00c9 motivo de gratid\u00e3o e regozijo, n\u00e3o s\u00f3 para a &hellip;<\/p>\n<p class=\"read-more\"> <a class=\"\" href=\"https:\/\/www.cnbb.org.br\/nos-15-anos-de-criacao-da-administracao-apostolica-sao-joao-maria-vianney\/\"> <span class=\"screen-reader-text\">Nos 15 anos de cria\u00e7\u00e3o da Administra\u00e7\u00e3o Apost\u00f3lica S\u00e3o Jo\u00e3o Maria  Vianney<\/span> Leia mais &raquo;<\/a><\/p>\n","protected":false},"author":23,"featured_media":0,"comment_status":"closed","ping_status":"open","sticky":false,"template":"","format":"standard","meta":{"site-sidebar-layout":"default","site-content-layout":"default","ast-global-header-display":"","ast-banner-title-visibility":"","ast-main-header-display":"","ast-hfb-above-header-display":"","ast-hfb-below-header-display":"","ast-hfb-mobile-header-display":"","site-post-title":"","ast-breadcrumbs-content":"","ast-featured-img":"","footer-sml-layout":"","theme-transparent-header-meta":"","adv-header-id-meta":"","stick-header-meta":"","header-above-stick-meta":"","header-main-stick-meta":"","header-below-stick-meta":""},"categories":[758],"tags":[],"acf":[],"_links":{"self":[{"href":"https:\/\/www.cnbb.org.br\/cnbb-app\/wp\/v2\/posts\/7513"}],"collection":[{"href":"https:\/\/www.cnbb.org.br\/cnbb-app\/wp\/v2\/posts"}],"about":[{"href":"https:\/\/www.cnbb.org.br\/cnbb-app\/wp\/v2\/types\/post"}],"author":[{"embeddable":true,"href":"https:\/\/www.cnbb.org.br\/cnbb-app\/wp\/v2\/users\/23"}],"replies":[{"embeddable":true,"href":"https:\/\/www.cnbb.org.br\/cnbb-app\/wp\/v2\/comments?post=7513"}],"version-history":[{"count":0,"href":"https:\/\/www.cnbb.org.br\/cnbb-app\/wp\/v2\/posts\/7513\/revisions"}],"wp:attachment":[{"href":"https:\/\/www.cnbb.org.br\/cnbb-app\/wp\/v2\/media?parent=7513"}],"wp:term":[{"taxonomy":"category","embeddable":true,"href":"https:\/\/www.cnbb.org.br\/cnbb-app\/wp\/v2\/categories?post=7513"},{"taxonomy":"post_tag","embeddable":true,"href":"https:\/\/www.cnbb.org.br\/cnbb-app\/wp\/v2\/tags?post=7513"}],"curies":[{"name":"wp","href":"https:\/\/api.w.org\/{rel}","templated":true}]}}