{"id":7556,"date":"2017-08-24T00:00:00","date_gmt":"2017-08-24T03:00:00","guid":{"rendered":"https:\/\/www.cnbb.org.br\/vacante-diocese-de-paranavai-elege-administrador\/"},"modified":"2017-08-24T00:00:00","modified_gmt":"2017-08-24T03:00:00","slug":"vacante-diocese-de-paranavai-elege-administrador","status":"publish","type":"post","link":"https:\/\/www.cnbb.org.br\/vacante-diocese-de-paranavai-elege-administrador\/","title":{"rendered":"Vacante, diocese de Paranava\u00ed elege administrador"},"content":{"rendered":"<p>Ap\u00f3s a posse de dom Geremias Steinmetz na arquidiocese de Londrina (PR), a diocese de Paranava\u00ed ficou vacante. O Col\u00e9gio de Consultores reuniu-se no dia 16 de agosto para elei\u00e7\u00e3o do administrador diocesano, que estar\u00e1 \u00e0 frente da diocese at\u00e9 a nomea\u00e7\u00e3o de um novo bispo. Foi escolhido o padre S\u00edlvio C\u00e9sar Pereira, que \u00e9 vig\u00e1rio geral da diocese e p\u00e1roco da catedral Maria M\u00e3e da Igreja.<\/p>\n<p><a href=\"http:\/\/cnbbs2.org.br\/site\/2017\/08\/pe-silvio-cesar-pereira-e-eleito-administrador-diocesano-da-diocese-de-paranavai\/\" target=\"_blank\" rel=\"noopener\">Leia a not\u00edcia completa.<\/a><\/p>\n","protected":false},"excerpt":{"rendered":"<p>Vig\u00e1rio geral da diocese, padre S\u00edlvio C\u00e9sar Pereira, estar\u00e1 \u00e0 frente da vacante Igreja particular at\u00e9 a nomea\u00e7\u00e3o de novo bispo<\/p>\n","protected":false},"author":83,"featured_media":0,"comment_status":"closed","ping_status":"open","sticky":false,"template":"","format":"standard","meta":{"site-sidebar-layout":"default","site-content-layout":"default","ast-global-header-display":"","ast-banner-title-visibility":"","ast-main-header-display":"","ast-hfb-above-header-display":"","ast-hfb-below-header-display":"","ast-hfb-mobile-header-display":"","site-post-title":"","ast-breadcrumbs-content":"","ast-featured-img":"","footer-sml-layout":"","theme-transparent-header-meta":"","adv-header-id-meta":"","stick-header-meta":"","header-above-stick-meta":"","header-main-stick-meta":"","header-below-stick-meta":""},"categories":[769,781],"tags":[],"acf":[],"_links":{"self":[{"href":"https:\/\/www.cnbb.org.br\/cnbb-app\/wp\/v2\/posts\/7556"}],"collection":[{"href":"https:\/\/www.cnbb.org.br\/cnbb-app\/wp\/v2\/posts"}],"about":[{"href":"https:\/\/www.cnbb.org.br\/cnbb-app\/wp\/v2\/types\/post"}],"author":[{"embeddable":true,"href":"https:\/\/www.cnbb.org.br\/cnbb-app\/wp\/v2\/users\/83"}],"replies":[{"embeddable":true,"href":"https:\/\/www.cnbb.org.br\/cnbb-app\/wp\/v2\/comments?post=7556"}],"version-history":[{"count":0,"href":"https:\/\/www.cnbb.org.br\/cnbb-app\/wp\/v2\/posts\/7556\/revisions"}],"wp:attachment":[{"href":"https:\/\/www.cnbb.org.br\/cnbb-app\/wp\/v2\/media?parent=7556"}],"wp:term":[{"taxonomy":"category","embeddable":true,"href":"https:\/\/www.cnbb.org.br\/cnbb-app\/wp\/v2\/categories?post=7556"},{"taxonomy":"post_tag","embeddable":true,"href":"https:\/\/www.cnbb.org.br\/cnbb-app\/wp\/v2\/tags?post=7556"}],"curies":[{"name":"wp","href":"https:\/\/api.w.org\/{rel}","templated":true}]}}