{"id":7563,"date":"2017-08-24T00:00:00","date_gmt":"2017-08-24T03:00:00","guid":{"rendered":"https:\/\/www.cnbb.org.br\/sal-da-terra-e-luz-do-mundo\/"},"modified":"2017-08-24T00:00:00","modified_gmt":"2017-08-24T03:00:00","slug":"sal-da-terra-e-luz-do-mundo","status":"publish","type":"post","link":"https:\/\/www.cnbb.org.br\/sal-da-terra-e-luz-do-mundo\/","title":{"rendered":"Sal da Terra e luz do mundo"},"content":{"rendered":"<p style=\"text-align: right;\">\u00a0Dom Caetano Ferrari<br \/>\nDiocese de Bauru<\/p>\n<p><strong>\u00a0<\/strong><\/p>\n<p style=\"text-align: justify;\">Neste \u00faltimo domingo deste m\u00eas vocacional de agosto, a Igreja nos convida a contemplar a voca\u00e7\u00e3o dos fi\u00e9is leigos e leigas, principalmente, do catequista. Os crist\u00e3os leigos e leigas s\u00e3o chamados a ser \u201cSal da Terra e Luz do Mundo\u201d, conforme lemos em Mateus 5,13-14. Sob a inspira\u00e7\u00e3o deste vers\u00edculo do Evangelho de Mateus, a CNBB aprovou na Assembleia de abril de 2016 um documento denominado de \u201cCrist\u00e3os leigos e leigas na Igreja e na Sociedade\u201d.<\/p>\n<p style=\"text-align: justify;\">Na introdu\u00e7\u00e3o do documento, os bispos do Brasil fazem quest\u00e3o de afirmar que \u201c\u00c9 com alegria e admira\u00e7\u00e3o que, mais uma vez, n\u00f3s, bispos, pastores da Igreja de Cristo, expressamos o nosso agradecimento aos crist\u00e3os leigos e leigas, pelo testemunho de sua f\u00e9, pelo amor e dedica\u00e7\u00e3o \u00e0 Igreja e pelo entusiasmo com que se doam ao nosso povo, \u00e0s nossas comunidades, \u00e0s suas fam\u00edlias, \u00e0s suas atividades profissionais, at\u00e9 ao sacrif\u00edcio de si. O laicato como um todo \u00e9 um \u2018verdadeiro sujeito eclesial\u2019. Cada crist\u00e3o leigo e leiga \u00e9 chamado a ser sujeito eclesial para atuar na Igreja e no mundo. A Francisco de Assis o Cristo Crucificado ordenou: \u2018Vai e reconstr\u00f3i a minha Igreja\u2019. Temos firme esperan\u00e7a de que continuar\u00e3o dando grande contribui\u00e7\u00e3o \u00e0 renova\u00e7\u00e3o da Igreja de Cristo e sua atua\u00e7\u00e3o no mundo\u201d.<\/p>\n<p style=\"text-align: justify;\">E na conclus\u00e3o registram que \u201cComo bispos, nos propomos a acolher cada vez mais com cora\u00e7\u00e3o fraterno a todos os crist\u00e3os leigos e leigas, valorizando sua atua\u00e7\u00e3o na Igreja e no mundo; ouvindo suas opini\u00f5es e sugest\u00f5es; buscando seu parecer de acordo com sua compet\u00eancia; confiando-lhes responsabilidades e minist\u00e9rios; escutando os seus apelos e os seus gritos silenciosos; reconhecendo-os em suas reais situa\u00e7\u00f5es de vida como faziam os ap\u00f3stolos (2Tm 4,19-21); apoiando-os em sua forma\u00e7\u00e3o e organiza\u00e7\u00e3o pr\u00f3prias e sofrendo juntos as ang\u00fastias e partilhando as esperan\u00e7as da a\u00e7\u00e3o evangelizadora\u201d. Finalizando, invocam a intercess\u00e3o de Nossa Senhora, dizendo: \u201cPedimos a Maria, m\u00e3e da Igreja, cheia de f\u00e9 e de gra\u00e7a, totalmente consagrada ao Senhor, exemplo de mulher sol\u00edcita e laboriosa, que acompanhe a todos os leigos e leigas, seus filhos e filhas, em cada dia da vida. Sob sua maternal prote\u00e7\u00e3o ecoem em nossos cora\u00e7\u00f5es as suas palavras: \u2018Fazei tudo o que Ele vos disser!\u2019 (Jo 2,5)\u201d<\/p>\n<p style=\"text-align: justify;\">Em nossa Diocese, conforme o 8\u00ba Plano Diocesano de Pastoral, assumimos: valorizar a diversidade de carismas, de servi\u00e7os e de minist\u00e9rios dos leigos e leigas; compartilhar com os leigos e leigas as decis\u00f5es pastorais e econ\u00f4micas da comunidade, atrav\u00e9s dos respectivos conselhos pastorais (CPP) e econ\u00f4micos (CAP), sob os princ\u00edpios da transpar\u00eancia e da corresponsabilidade; estimular o protagonismo dos leigos e leigas na viv\u00eancia da f\u00e9, esperan\u00e7a e caridade, e na a\u00e7\u00e3o evangelizadora por uma atua\u00e7\u00e3o intensa e vigorosa \u00e0 frente das diversas pastorais, subsidiando a implementa\u00e7\u00e3o das quatro metas do nosso 8\u00ba Plano: Renova\u00e7\u00e3o das Par\u00f3quias, Fam\u00edlia, Juventude e A\u00e7\u00e3o Social; incentivar a participa\u00e7\u00e3o dos leigos e leigas no mundo da pol\u00edtica, economia, educa\u00e7\u00e3o, cultura, comunica\u00e7\u00e3o lutando para a constru\u00e7\u00e3o de um mundo mais justo, fraterno e solid\u00e1rio.<\/p>\n<p style=\"text-align: justify;\">Convido-o, prezado leitor e leitora, a rezar por todos os fi\u00e9is leigos e leigas que, respondendo generosamente ao chamado de Deus, desempenham minist\u00e9rios e servi\u00e7os, para o bem das nossas comunidades de f\u00e9. Neste dia do Catequista, rezemos especialmente pelos nossos Catequistas.<\/p>\n<p style=\"text-align: justify;\">No Evangelho da santa Missa de hoje &#8211; Mt 16,13-20 \u2013 Pedro professa sua f\u00e9 em Jesus que lan\u00e7ou esta pergunta aos disc\u00edpulos: \u201cV\u00f3s, quem dizeis que Eu sou?\u201d Pedro, respondendo-Lhe em nome dos outros, disse: \u201cTu \u00e9s o Messias, o Filho do Deus vivo\u201d. Jesus, em resposta, constituiu Pedro rocha, fundamento firme da Igreja, e concedeu-lhe o \u201cpoder das chaves\u201d. Jesus falou assim: \u201cTu \u00e9s Pedro, e sobre esta pedra construirei a minha Igreja, e o poder do inferno nunca poder\u00e1 venc\u00ea-la. Eu te darei as chaves do reino dos c\u00e9us: tudo o que ligares na terra ser\u00e1 ligado nos c\u00e9us; tudo o que desligares na terra ser\u00e1 desligado nos c\u00e9us\u201d.<\/p>\n<p style=\"text-align: justify;\">O poder das chaves significa o minist\u00e9rio\/servi\u00e7o de Pedro e de seus sucessores no tempo, hoje do Papa Francisco. Um minist\u00e9rio\/servi\u00e7o que \u00e9 uma realidade de f\u00e9, mediante o qual, Pedro ou seu sucessor governa ou administra a comunidade de Deus neste mundo, ou seja, a Igreja. O Papa \u00e9 o sinal sacramental garantidor da unidade e da comunh\u00e3o na nossa Igreja Cat\u00f3lica, Apost\u00f3lica e Romana. Seu poder vem de Deus e n\u00e3o dos homens. Ensina-nos o Catecismo: \u201cO Papa \u00e9 o supremo pastor da Igreja, cuja cabe\u00e7a \u00e9, na verdade, Cristo. O Papa \u00e9 \u2018representante de Cristo na Terra\u2019. Como autoridade superior na pastoral e no ensino, vela pela transmiss\u00e3o pura da f\u00e9\u201d (Youcat, 141). Como o Papa Francisco costuma pedir ora\u00e7\u00f5es para ele, rezemos, ent\u00e3o, suplicando a Deus b\u00ean\u00e7\u00e3os de sa\u00fade, paz e todo o bem.<\/p>\n<p>&nbsp;<\/p>\n<p>&nbsp;<\/p>\n","protected":false},"excerpt":{"rendered":"<p>\u00a0Dom Caetano Ferrari Diocese de Bauru \u00a0 Neste \u00faltimo domingo deste m\u00eas vocacional de agosto, a Igreja nos convida a contemplar a voca\u00e7\u00e3o dos fi\u00e9is leigos e leigas, principalmente, do catequista. Os crist\u00e3os leigos e leigas s\u00e3o chamados a ser \u201cSal da Terra e Luz do Mundo\u201d, conforme lemos em Mateus 5,13-14. Sob a inspira\u00e7\u00e3o &hellip;<\/p>\n<p class=\"read-more\"> <a class=\"\" href=\"https:\/\/www.cnbb.org.br\/sal-da-terra-e-luz-do-mundo\/\"> <span class=\"screen-reader-text\">Sal da Terra e luz do mundo<\/span> Leia mais &raquo;<\/a><\/p>\n","protected":false},"author":30,"featured_media":0,"comment_status":"closed","ping_status":"open","sticky":false,"template":"","format":"standard","meta":{"site-sidebar-layout":"default","site-content-layout":"default","ast-global-header-display":"","ast-banner-title-visibility":"","ast-main-header-display":"","ast-hfb-above-header-display":"","ast-hfb-below-header-display":"","ast-hfb-mobile-header-display":"","site-post-title":"","ast-breadcrumbs-content":"","ast-featured-img":"","footer-sml-layout":"","theme-transparent-header-meta":"","adv-header-id-meta":"","stick-header-meta":"","header-above-stick-meta":"","header-main-stick-meta":"","header-below-stick-meta":""},"categories":[758],"tags":[],"acf":[],"_links":{"self":[{"href":"https:\/\/www.cnbb.org.br\/cnbb-app\/wp\/v2\/posts\/7563"}],"collection":[{"href":"https:\/\/www.cnbb.org.br\/cnbb-app\/wp\/v2\/posts"}],"about":[{"href":"https:\/\/www.cnbb.org.br\/cnbb-app\/wp\/v2\/types\/post"}],"author":[{"embeddable":true,"href":"https:\/\/www.cnbb.org.br\/cnbb-app\/wp\/v2\/users\/30"}],"replies":[{"embeddable":true,"href":"https:\/\/www.cnbb.org.br\/cnbb-app\/wp\/v2\/comments?post=7563"}],"version-history":[{"count":0,"href":"https:\/\/www.cnbb.org.br\/cnbb-app\/wp\/v2\/posts\/7563\/revisions"}],"wp:attachment":[{"href":"https:\/\/www.cnbb.org.br\/cnbb-app\/wp\/v2\/media?parent=7563"}],"wp:term":[{"taxonomy":"category","embeddable":true,"href":"https:\/\/www.cnbb.org.br\/cnbb-app\/wp\/v2\/categories?post=7563"},{"taxonomy":"post_tag","embeddable":true,"href":"https:\/\/www.cnbb.org.br\/cnbb-app\/wp\/v2\/tags?post=7563"}],"curies":[{"name":"wp","href":"https:\/\/api.w.org\/{rel}","templated":true}]}}