{"id":7564,"date":"2017-08-24T00:00:00","date_gmt":"2017-08-24T03:00:00","guid":{"rendered":"https:\/\/www.cnbb.org.br\/vamos-a-aparecida\/"},"modified":"2017-08-24T00:00:00","modified_gmt":"2017-08-24T03:00:00","slug":"vamos-a-aparecida","status":"publish","type":"post","link":"https:\/\/www.cnbb.org.br\/vamos-a-aparecida\/","title":{"rendered":"Vamos \u00e0 Aparecida"},"content":{"rendered":"<p style=\"text-align: right;\"><strong>Cardeal Orani Jo\u00e3o Tempesta<br \/>\n<\/strong><strong>Arcebispo do Rio de Janeiro<\/strong><\/p>\n<p><strong>\u00a0<\/strong><\/p>\n<p style=\"text-align: justify;\">\u00a0As peregrina\u00e7\u00f5es constituem uma dimens\u00e3o profunda ligadas \u00e0 pr\u00f3pria natureza do homem de f\u00e9. Ele se sente um ser a caminho. Sua pr\u00f3pria vida \u00e9 uma caminhada do nascimento para a morte, da juventude para a velhice e, em aspira\u00e7\u00e3o mais profunda, uma passagem desta vida ef\u00eamera para uma vida mais feliz.<\/p>\n<p style=\"text-align: justify;\">\u00a0Por isso, sair de um lugar para buscar outro \u00e9 pr\u00f3prio do cora\u00e7\u00e3o humano. O homem \u00e9 o eterno peregrino, o permanente \u201cprocurador\u201d de Deus. Sa\u00edmos de Deus e estamos em cont\u00ednua tend\u00eancia para Aquele que \u00e9 o nosso princ\u00edpio e o nosso fim. \u00c9 da\u00ed que o caminhar adquire um sentido especial para o homem. Todos os povos t\u00eam seus lugares de peregrina\u00e7\u00e3o. \u00c9, por assim dizer, o subconsciente universal que est\u00e1 \u00e0 procura de uma perfei\u00e7\u00e3o perdida, o para\u00edso perdido, na esperan\u00e7a de encontra-lo, o c\u00e9u.<\/p>\n<p style=\"text-align: justify;\">No Novo Testamento, o nascimento de Jesus est\u00e1 ligado a uma viagem da Galil\u00e9ia para a Jud\u00e9ia. Temos ainda a fuga para o Egito. E a Sagrada Fam\u00edlia de Nazar\u00e9 cumpria fielmente a lei, conforme nos narra o Evangelho: \u201cseus pais iam todos os anos a Jerusal\u00e9m na festa da P\u00e1scoa. Tendo ele atingido doze anos, subiram a Jerusal\u00e9m, segundo o costume de festa\u201d (Lc 2,41-42). Jesus e os Ap\u00f3stolos tamb\u00e9m n\u00e3o deixavam de subir a Jerusal\u00e9m por ocasi\u00e3o das festas anuais (cf. Jo 5 1; 7,1-14).<\/p>\n<p style=\"text-align: justify;\">J\u00e1 nos primeiros s\u00e9culos da era crist\u00e3 foi muito comum ver os crist\u00e3os reunidos, ainda no tempo da persegui\u00e7\u00e3o, para levar em prociss\u00e3o o corpo dos m\u00e1rtires at\u00e9 o lugar de seu sepulcro, assim \u00e9 descrito nas Atas dos mart\u00edrios de S\u00e3o Cipriano e de outros mais.<\/p>\n<p style=\"text-align: justify;\">A primeira romaria arquidiocesana aconteceu em 1902 (115 anos), motivada pelo Cardeal Joaquim Arcoverde, em prepara\u00e7\u00e3o ao jubileu \u00e1ureo da proclama\u00e7\u00e3o do dogma da Imaculada Concei\u00e7\u00e3o, realizado dois anos depois. Foi a partir de 1931, por\u00e9m, que a peregrina\u00e7\u00e3o ganhou maior impulso e anualidade, ap\u00f3s a visita da imagem de Nossa Senhora Aparecida ao Rio de Janeiro, quando foi proclamada Padroeira do Brasil.<\/p>\n<p style=\"text-align: justify;\">Esta peregrina\u00e7\u00e3o integra a Arquidiocese numa caminhada em comum. \u00c9 importante por todo o trabalho evangelizador que a Arquidiocese do Rio realiza. O \u00faltimo s\u00e1bado do m\u00eas de agosto \u00e9 a data marcada para a peregrina\u00e7\u00e3o da Arquidiocese do Rio de Janeiro ao Santu\u00e1rio Nacional de Aparecida, que atualmente tem reunido mais de 60 mil fi\u00e9is, sendo a maior peregrina\u00e7\u00e3o de uma Diocese ao Santu\u00e1rio Nacional de Aparecida.<\/p>\n<p style=\"text-align: justify;\">A peregrina\u00e7\u00e3o da nossa Arquidiocese a Aparecida neste ano ser\u00e1 no dia 26 de agosto, ou seja, no pr\u00f3ximo s\u00e1bado. O tema deste ano \u00e9 \u201cNossa Senhora Aparecida acolhe as fam\u00edlias\u201d, que est\u00e1 em sintonia com o nosso Plano Pastoral de Conjunto que dedicou 2017 como Ano da Fam\u00edlia na Arquidiocese, al\u00e9m do Ano Mariano nacional. Aproveitamos tamb\u00e9m essa peregrina\u00e7\u00e3o, para celebrar os 300 anos do encontro da imagem da padroeira do Brasil \u00e0s margens do rio Para\u00edba do Sul.<\/p>\n<p style=\"text-align: justify;\">Temos uma s\u00e9rie de atividades neste dia da peregrina\u00e7\u00e3o: a programa\u00e7\u00e3o da romaria come\u00e7a \u00e0s 7h com a recita\u00e7\u00e3o do Ros\u00e1rio de Nossa Senhora, na Tribuna do Papa. A Missa \u201cO Rio Celebra\u201d ser\u00e1 na Catedral Bas\u00edlica, \u00e0s 9h, transmitida para todo o Brasil com imagens geradas pela TV Aparecida, pela Rede Vida de Televis\u00e3o, R\u00e1dio Catedral FM, pela WebTV Redentor, Rede Nazar\u00e9, e outras emissoras cat\u00f3licas. Mais tarde, \u00e0s 10h15, os peregrinos se encontrar\u00e3o na Porta Santa para o in\u00edcio da caminhada at\u00e9 o Morro do Cruzeiro, para a Via-Sacra. No trajeto continuaremos a rezar o ros\u00e1rio at\u00e9 a chegada ao morro do Cruzeiro, quando ent\u00e3o, haver\u00e1 a Via Sacra, com a participa\u00e7\u00e3o de todos os peregrinos. A R\u00e1dio Catedral transmitir\u00e1 tamb\u00e9m os outros eventos da Arquidiocese em Aparecida, facilitando para os doentes e idosos que n\u00e3o puderam ir a Aparecida, para estarem participando com a sua arquidiocese da grande peregrina\u00e7\u00e3o anual mariana.<\/p>\n<p style=\"text-align: justify;\">Ap\u00f3s os 3 compromissos arquidiocesanos, cada Par\u00f3quia, grupo ou comunidade continuar\u00e1 sua peregrina\u00e7\u00e3o conforme a escolha de cada um, seja visitando outros locais, seja com tempo de ora\u00e7\u00e3o ou confiss\u00f5es na Bas\u00edlica Santu\u00e1rio.<\/p>\n<p style=\"text-align: justify;\">O tema deste ano nos faz olhar para a vida da Bem-Aventurada Virgem e ver que ela como M\u00e3e, zela por nossas fam\u00edlias. Foi assim que aconteceu na pr\u00f3pria vida de Maria, pois, quando soube que sua prima estava gr\u00e1vida logo se colocou apressadamente a regi\u00e3o montanhosa para ajudar Isabel em suas necessidades. Assim, Maria se coloca ao lado daquela fam\u00edlia. Nas Bodas de Can\u00e1, Maria v\u00ea que acabou o vinho na festa de casamento. Que vexame passaria aquele casal, mas, Maria olha para a necessidade daquele lar e logo se coloca em prontid\u00e3o para interceder ao seu Filho. Nas nossas casas e nas nossas fam\u00edlias, quantas vezes pedimos que pela intercess\u00e3o dela tudo seja alcan\u00e7ado para o bem daqueles que amam \u00e0 Deus. Maria nos ama, Maria nos acolhe e olha por cada um de n\u00f3s.<\/p>\n<p style=\"text-align: justify;\">Somos convidados a ir a Aparecida entregar todas as fam\u00edlias sob o olhar terno de Maria. Nossa M\u00e3e Aparecida olha por cada um de n\u00f3s, toma-nos pelo colo e ajude a cada fam\u00edlia e viver sempre no: amor, na f\u00e9 e na paz. Nossa Senhora Aparecida, interceda por todos n\u00f3s. Am\u00e9m.<\/p>\n<p style=\"text-align: justify;\">\n<p style=\"text-align: justify;\">\n","protected":false},"excerpt":{"rendered":"<p>Cardeal Orani Jo\u00e3o Tempesta Arcebispo do Rio de Janeiro \u00a0 \u00a0As peregrina\u00e7\u00f5es constituem uma dimens\u00e3o profunda ligadas \u00e0 pr\u00f3pria natureza do homem de f\u00e9. Ele se sente um ser a caminho. Sua pr\u00f3pria vida \u00e9 uma caminhada do nascimento para a morte, da juventude para a velhice e, em aspira\u00e7\u00e3o mais profunda, uma passagem desta &hellip;<\/p>\n<p class=\"read-more\"> <a class=\"\" href=\"https:\/\/www.cnbb.org.br\/vamos-a-aparecida\/\"> <span class=\"screen-reader-text\">Vamos \u00e0 Aparecida<\/span> Leia mais &raquo;<\/a><\/p>\n","protected":false},"author":31,"featured_media":0,"comment_status":"closed","ping_status":"open","sticky":false,"template":"","format":"standard","meta":{"site-sidebar-layout":"default","site-content-layout":"default","ast-global-header-display":"","ast-banner-title-visibility":"","ast-main-header-display":"","ast-hfb-above-header-display":"","ast-hfb-below-header-display":"","ast-hfb-mobile-header-display":"","site-post-title":"","ast-breadcrumbs-content":"","ast-featured-img":"","footer-sml-layout":"","theme-transparent-header-meta":"","adv-header-id-meta":"","stick-header-meta":"","header-above-stick-meta":"","header-main-stick-meta":"","header-below-stick-meta":""},"categories":[758],"tags":[],"acf":[],"_links":{"self":[{"href":"https:\/\/www.cnbb.org.br\/cnbb-app\/wp\/v2\/posts\/7564"}],"collection":[{"href":"https:\/\/www.cnbb.org.br\/cnbb-app\/wp\/v2\/posts"}],"about":[{"href":"https:\/\/www.cnbb.org.br\/cnbb-app\/wp\/v2\/types\/post"}],"author":[{"embeddable":true,"href":"https:\/\/www.cnbb.org.br\/cnbb-app\/wp\/v2\/users\/31"}],"replies":[{"embeddable":true,"href":"https:\/\/www.cnbb.org.br\/cnbb-app\/wp\/v2\/comments?post=7564"}],"version-history":[{"count":0,"href":"https:\/\/www.cnbb.org.br\/cnbb-app\/wp\/v2\/posts\/7564\/revisions"}],"wp:attachment":[{"href":"https:\/\/www.cnbb.org.br\/cnbb-app\/wp\/v2\/media?parent=7564"}],"wp:term":[{"taxonomy":"category","embeddable":true,"href":"https:\/\/www.cnbb.org.br\/cnbb-app\/wp\/v2\/categories?post=7564"},{"taxonomy":"post_tag","embeddable":true,"href":"https:\/\/www.cnbb.org.br\/cnbb-app\/wp\/v2\/tags?post=7564"}],"curies":[{"name":"wp","href":"https:\/\/api.w.org\/{rel}","templated":true}]}}