{"id":7565,"date":"2017-08-24T00:00:00","date_gmt":"2017-08-24T03:00:00","guid":{"rendered":"https:\/\/www.cnbb.org.br\/em-encontro-grebicat-aprofunda-estudo-do-texto-base-para-o-mes-da-biblia-2018\/"},"modified":"2017-08-24T00:00:00","modified_gmt":"2017-08-24T03:00:00","slug":"em-encontro-grebicat-aprofunda-estudo-do-texto-base-para-o-mes-da-biblia-2018","status":"publish","type":"post","link":"https:\/\/www.cnbb.org.br\/em-encontro-grebicat-aprofunda-estudo-do-texto-base-para-o-mes-da-biblia-2018\/","title":{"rendered":"Em encontro, Grebicat aprofunda estudo do texto-base para o M\u00eas da B\u00edblia 2018"},"content":{"rendered":"<p style=\"text-align: justify;\">Organizado pela Comiss\u00e3o Episcopal Pastoral para a Anima\u00e7\u00e3o B\u00edblico-Catequ\u00e9tica da Confer\u00eancia Nacional dos Bispos do Brasil (CNBB), o encontro anual do Grupo de Reflex\u00e3o B\u00edblico-Catequ\u00e9tica (Grebicat) com representantes de Entidades B\u00edblicas aconteceu no Centro de Forma\u00e7\u00e3o Sagrada Fam\u00edlia, em S\u00e3o Paulo, no dia 18. O objetivo da atividade foi trabalhar os ajustes finais do texto-base para o M\u00eas da B\u00edblia de 2018 que tem como<strong>\u00a0<\/strong>tema<strong> \u201c<\/strong>Para que n&#8217;Ele nossos povos tenham vida &#8211; Livro da Sabedoria\u201d e lema \u201cA sabedoria \u00e9 um esp\u00edrito amigo do ser humano&#8221; (Sb 1,6).<\/p>\n<p style=\"text-align: justify;\">Na ocasi\u00e3o tamb\u00e9m foram pensadas propostas de reflex\u00e3o e a\u00e7\u00e3o para o quadri\u00eanio referente ao per\u00edodo de 2020 a 2023, no \u00e2mbito da anima\u00e7\u00e3o b\u00edblica da vida e da pastoral, tendo em vista tamb\u00e9m a possibilidade de um ano b\u00edblico para toda a Igreja a realizar-se de 2019 a 2020, ocasi\u00e3o em que faz-se mem\u00f3ria dos 1600 anos da morte de S\u00e3o Jer\u00f4nimo.<\/p>\n<figure id=\"attachment_5768\" aria-describedby=\"caption-attachment-5768\" style=\"width: 300px\" class=\"wp-caption alignright\"><a href=\"http:\/\/cnbb.net.br\/em-encontro-grebicat-aprofunda-estudo-do-texto-base-para-o-mes-da-biblia-2018\/grebicat23-2\/\" rel=\"attachment wp-att-5768 noopener\" target=\"_blank\"><img decoding=\"async\" loading=\"lazy\" class=\"size-medium wp-image-5768\" src=\"http:\/\/cnbb.net.br\/wp-content\/uploads\/2017\/08\/Grebicat23-1-300x225.jpg\" alt=\"\" width=\"300\" height=\"225\" \/><\/a><figcaption id=\"caption-attachment-5768\" class=\"wp-caption-text\">Grupo reunido no Centro de Forma\u00e7\u00e3o Sagrada Fam\u00edlia, em S\u00e3o Paulo. Cr\u00e9dito: Divulga\u00e7\u00e3o<\/figcaption><\/figure>\n<p style=\"text-align: justify;\">Outra quest\u00e3o levada em considera\u00e7\u00e3o no encontro foi ainda a defini\u00e7\u00e3o do tema \u201cPara que n&#8217;Ele nossos povos tenham vida &#8211; Primeira Carta de Jo\u00e3o\u201d e lema \u201cN\u00f3s amamos porque Deus primeiro nos amou&#8221; (1 Jo 4,19) para o M\u00eas da B\u00edblia 2019.<\/p>\n<p style=\"text-align: justify;\"><span style=\"color: #800000;\"><strong>Segundo encontro<\/strong><\/span><\/p>\n<p style=\"text-align: justify;\">Em sequ\u00eancia, nos dias 19 e 20, aconteceu o segundo encontro do Grebicat. Entre os trabalhos desenvolvidos estiveram o estudo do Documento 107 da CNBB intitulado \u201cInicia\u00e7\u00e3o \u00e0 Vida Crist\u00e3: Itiner\u00e1rio para formar disc\u00edpulos mission\u00e1rios\u201d e o di\u00e1logo sobre a recep\u00e7\u00e3o e repercuss\u00e3o do mesmo no cen\u00e1rio nacional.<\/p>\n<p style=\"text-align: justify;\">Ainda durante a reuni\u00e3o, o grupo p\u00f4de compartilhar ideias sobre o Diret\u00f3rio Geral para a Catequese, elaborar propostas para a prepara\u00e7\u00e3o da 4\u00aa Semana Brasileira de Catequese e ainda fazer a escolha do elenco de textos b\u00edblicos que far\u00e3o parte de uma publica\u00e7\u00e3o da Comiss\u00e3o. Esses textos servir\u00e3o de base para os v\u00e1rios autores, biblistas em sua maioria, desenvolverem reflex\u00e3o inspirada no cap\u00edtulo primeiro do Documento 107 da CNBB. A inten\u00e7\u00e3o \u00e9 a de que o grupo considere esse trabalho durante a Semana Nacional, prevista para realizar-se em Itaici, S\u00e3o Paulo, de 14 a 18 de novembro de 2018.<\/p>\n","protected":false},"excerpt":{"rendered":"<p>O grupo p\u00f4de compartilhar tamb\u00e9m ideias sobre o Diret\u00f3rio Geral para a Catequese e elaborar propostas para a prepara\u00e7\u00e3o da 4\u00aa Semana Brasileira de Catequese<\/p>\n","protected":false},"author":83,"featured_media":0,"comment_status":"closed","ping_status":"open","sticky":false,"template":"","format":"standard","meta":{"site-sidebar-layout":"default","site-content-layout":"default","ast-global-header-display":"","ast-banner-title-visibility":"","ast-main-header-display":"","ast-hfb-above-header-display":"","ast-hfb-below-header-display":"","ast-hfb-mobile-header-display":"","site-post-title":"","ast-breadcrumbs-content":"","ast-featured-img":"","footer-sml-layout":"","theme-transparent-header-meta":"","adv-header-id-meta":"","stick-header-meta":"","header-above-stick-meta":"","header-main-stick-meta":"","header-below-stick-meta":""},"categories":[800,748],"tags":[],"acf":[],"_links":{"self":[{"href":"https:\/\/www.cnbb.org.br\/cnbb-app\/wp\/v2\/posts\/7565"}],"collection":[{"href":"https:\/\/www.cnbb.org.br\/cnbb-app\/wp\/v2\/posts"}],"about":[{"href":"https:\/\/www.cnbb.org.br\/cnbb-app\/wp\/v2\/types\/post"}],"author":[{"embeddable":true,"href":"https:\/\/www.cnbb.org.br\/cnbb-app\/wp\/v2\/users\/83"}],"replies":[{"embeddable":true,"href":"https:\/\/www.cnbb.org.br\/cnbb-app\/wp\/v2\/comments?post=7565"}],"version-history":[{"count":0,"href":"https:\/\/www.cnbb.org.br\/cnbb-app\/wp\/v2\/posts\/7565\/revisions"}],"wp:attachment":[{"href":"https:\/\/www.cnbb.org.br\/cnbb-app\/wp\/v2\/media?parent=7565"}],"wp:term":[{"taxonomy":"category","embeddable":true,"href":"https:\/\/www.cnbb.org.br\/cnbb-app\/wp\/v2\/categories?post=7565"},{"taxonomy":"post_tag","embeddable":true,"href":"https:\/\/www.cnbb.org.br\/cnbb-app\/wp\/v2\/tags?post=7565"}],"curies":[{"name":"wp","href":"https:\/\/api.w.org\/{rel}","templated":true}]}}