{"id":7571,"date":"2017-08-27T00:00:00","date_gmt":"2017-08-27T03:00:00","guid":{"rendered":"https:\/\/www.cnbb.org.br\/fundados-na-rocha\/"},"modified":"2017-08-27T00:00:00","modified_gmt":"2017-08-27T03:00:00","slug":"fundados-na-rocha","status":"publish","type":"post","link":"https:\/\/www.cnbb.org.br\/fundados-na-rocha\/","title":{"rendered":"Fundados na Rocha"},"content":{"rendered":"<p style=\"text-align: right;\"><strong>Dom Alberto Taveira Corr\u00eaa<\/strong><br \/>\n<strong>Arcebispo Metropolitano de Bel\u00e9m do Par\u00e1<\/strong><\/p>\n<p style=\"text-align: justify;\">Durante o m\u00eas de agosto, dedicado \u00e0s voca\u00e7\u00f5es, voltamos o olhar para pessoas que nos s\u00e3o oferecidas como pontos de refer\u00eancia, quais sejam os pais de fam\u00edlia, os padres, religiosos e religiosas, catequistas, lideran\u00e7as de Igreja. Deus tem oferecido, atrav\u00e9s da hist\u00f3ria da Igreja, exemplos magn\u00edficos, cuja seguran\u00e7a aponta justamente para Ele, escolhendo-os para ajudar na caminhada do povo de Deus. N\u00f3s os chamamos de santos e santas, mas hoje, ao nosso redor, existem muitos homens e mulheres capazes de arrastar multid\u00f5es, mesmo em seu sil\u00eancio, atrav\u00e9s do testemunho dos valores do Evangelho.<\/p>\n<p style=\"text-align: justify;\">Tamb\u00e9m a vida da sociedade depende muito das pessoas que se sobressaem diante do conjunto, podendo conduzir ao sucesso ou ao fracasso. E aqui se encontra uma das crises de nossa \u00e9poca, quando desmoronam verdadeiras colunas, e basta pensar no quadro pol\u00edtico em que nos encontramos. Faltam valores consistentes, perdem-se as lideran\u00e7as, as escolhas se tornam err\u00e1ticas, abrem-se perspectivas negativas para os passos a serem dados em elei\u00e7\u00f5es, o futuro se torna opaco.<\/p>\n<p style=\"text-align: justify;\">Entretanto, o quadro pode trazer consigo novos desafios e novas respostas, justamente a partir de nossa experi\u00eancia crist\u00e3, fazendo crescer nossa responsabilidade, pois somos, mais por gra\u00e7a de Deus do que por merecimento, detentores das reservas de esperan\u00e7a, ali\u00e1s, a \u00fanica! De fato, Jesus Cristo \u00e9 a \u00fanica esperan\u00e7a.<\/p>\n<p style=\"text-align: justify;\">\u00a0\u00a0\u00a0\u00a0\u00a0\u00a0\u00a0\u00a0 Em \u00e9poca de grande crise pol\u00edtica e religiosa, o livro do Profeta Isa\u00edas (Cf. Is 22,19-23) oferece uma promessa de uma nova lideran\u00e7a: \u201cChamarei o meu servo Eliacim, para vesti-lo com tua t\u00fanica, prender-lhe a cintura com teu cintur\u00e3o, colocando-lhe nas m\u00e3os a tua autoridade. Ele ser\u00e1 um pai para os habitantes de Jerusal\u00e9m e para a casa de Jud\u00e1. Colocarei em seus ombros as chaves do pal\u00e1cio de Davi, quando ele abrir, ningu\u00e9m poder\u00e1 fechar, quando fechar, ningu\u00e9m poder\u00e1 abrir. Hei de fix\u00e1-lo como estaca firme no lugar e o seu desempenho ser\u00e1 prest\u00edgio para a casa do seu pai\u201d. Como acontece com os textos prof\u00e9ticos do Antigo Testamento, estes se dirigem a seu tempo e ampliam o horizonte para aquele os realiza plenamente, o Messias prometido.<\/p>\n<p style=\"text-align: justify;\">\u00c9 necess\u00e1rio encontrar algu\u00e9m com a firmeza de uma estaca, cujas palavras e a\u00e7\u00f5es n\u00e3o mudem com o vento e indique rumos para o povo! Mais forte ainda do que uma estaca \u00e9 uma pedra! O salmista cantou que \u201ca pedra que os pedreiros rejeitaram ficou sendo a pedra principal\u201d (Sl 117, 22). E aquele que \u00e9 esta pedra assim se expressou: \u201cNunca lestes nas Escrituras: \u2018A pedra que os construtores rejeitaram, esta \u00e9 que se tornou a pedra angular. Isto foi feito pelo Senhor, e \u00e9 admir\u00e1vel aos nossos olhos\u2019?\u201d (Mt 21,42). Jesus Cristo \u00e9 a pedra angular, sem a qual todo o edif\u00edcio desmorona!<\/p>\n<p style=\"text-align: justify;\">Ao chamar seus disc\u00edpulos, Jesus os acolheu com a hist\u00f3ria que traziam. Um deles, Sim\u00e3o, Jesus chamou de Pedro. Logo ele! O Sim\u00e3o da inseguran\u00e7a, ao caminhar sobre o mar, o mesmo do ardor cheio de promessas, o que sabe e reconhece ser pecador, at\u00e9 pedindo que Jesus se afastasse dele, o Sim\u00e3o da nega\u00e7\u00e3o na hora mais decisiva, ou aquele que vem a ser repreendido por Paulo por suas dissimula\u00e7\u00f5es. E foi chamado Pedro, de pedra, rocha firme! Jesus o escolheu por amor e lhe deu as condi\u00e7\u00f5es necess\u00e1rias para \u201cconfirmar os irm\u00e3os\u201d (Cf. Lc 22,32). A ele, como tamb\u00e9m a outras pessoas na hist\u00f3ria da Igreja, coube a miss\u00e3o de ser esta refer\u00eancia segura. E n\u00e3o lhe foi feita uma promessa pequena! \u201cTu \u00e9s Pedro, e sobre esta pedra edificarei a minha Igreja\u201d (Mt 16,18).<\/p>\n<p style=\"text-align: justify;\">Como fazer para uma pessoa fr\u00e1gil e limitada assumir uma miss\u00e3o na Igreja? Como superar os eventuais limites de temperamento, ou os grandes defeitos, muitas vezes insistentes em sua hist\u00f3ria pessoal? E \u00e9 poss\u00edvel encontrar pessoas confi\u00e1veis, para atribuir-lhes responsabilidades? E as fraquezas podem nossas, o que leva a perguntar sobre as condi\u00e7\u00f5es que temos para eventuais responsabilidades ou fun\u00e7\u00f5es de lideran\u00e7a!<\/p>\n<p style=\"text-align: justify;\">Vale para Sim\u00e3o Pedro e para n\u00f3s! Uma boa dose de realismo, raiz na terra, no ch\u00e3o que pisamos, reconhecendo qualidades e limites, sem querer dar passos maiores do que nossas pernas! Olhar para frente e para o alto, com a mente voltada para o C\u00e9u, alimentar os grandes ideais, valorizar o est\u00edmulo que vem dos exemplos positivos das outras pessoas, superar o pessimismo! No entanto, o cora\u00e7\u00e3o precisa estar repleto de um grande amor de paix\u00e3o pela humanidade! Aquele em quem acreditamos, Nosso Senhor Jesus Cristo, derramou seu sangue e entregou sua vida pelo perd\u00e3o dos pecados. Nenhuma situa\u00e7\u00e3o humana fica alheia ao seu amor. E ele \u00e9 o \u00fanico ideal que a humanidade espera, tantas vezes sem saber, a \u00fanica for\u00e7a capaz de reunir os esfor\u00e7os de todos, o \u00fanico que valoriza a busca incessante existente em cada pessoa humana.<\/p>\n<p style=\"text-align: justify;\">Consideradas as devidas propor\u00e7\u00f5es, cada fiel pode ser ponto de partida para plantar a vida de Igreja e tamb\u00e9m para construir um mundo melhor, mais justo e fraterno. Ningu\u00e9m diminua suas possibilidades de ser para algu\u00e9m estaca firma, rocha segura, exemplo consistente, est\u00edmulo \u00e0 caminhada. Basta olhar ao redor e identificar as sementes do bem, sejam as que foram plantadas por outras pessoas, como tamb\u00e9m aquelas que cada um de n\u00f3s foi capaz de espalhar. E vale ainda olhar para algu\u00e9m que, aos oitenta anos, feito sucessor do pescador da Galileia, chamado Sim\u00e3o Pedro, conduz a barca da Igreja, como rocha firme, nos mares bravios de nosso tempo, ainda que tantas vezes se diga pecador e necessitado de nossas ora\u00e7\u00f5es. Seu nome \u00e9 Papa Francisco.<\/p>\n","protected":false},"excerpt":{"rendered":"<p>Dom Alberto Taveira Corr\u00eaa Arcebispo Metropolitano de Bel\u00e9m do Par\u00e1 Durante o m\u00eas de agosto, dedicado \u00e0s voca\u00e7\u00f5es, voltamos o olhar para pessoas que nos s\u00e3o oferecidas como pontos de refer\u00eancia, quais sejam os pais de fam\u00edlia, os padres, religiosos e religiosas, catequistas, lideran\u00e7as de Igreja. Deus tem oferecido, atrav\u00e9s da hist\u00f3ria da Igreja, exemplos &hellip;<\/p>\n<p class=\"read-more\"> <a class=\"\" href=\"https:\/\/www.cnbb.org.br\/fundados-na-rocha\/\"> <span class=\"screen-reader-text\">Fundados na Rocha<\/span> Leia mais &raquo;<\/a><\/p>\n","protected":false},"author":21,"featured_media":0,"comment_status":"closed","ping_status":"open","sticky":false,"template":"","format":"standard","meta":{"site-sidebar-layout":"default","site-content-layout":"default","ast-global-header-display":"","ast-banner-title-visibility":"","ast-main-header-display":"","ast-hfb-above-header-display":"","ast-hfb-below-header-display":"","ast-hfb-mobile-header-display":"","site-post-title":"","ast-breadcrumbs-content":"","ast-featured-img":"","footer-sml-layout":"","theme-transparent-header-meta":"","adv-header-id-meta":"","stick-header-meta":"","header-above-stick-meta":"","header-main-stick-meta":"","header-below-stick-meta":""},"categories":[758],"tags":[],"acf":[],"_links":{"self":[{"href":"https:\/\/www.cnbb.org.br\/cnbb-app\/wp\/v2\/posts\/7571"}],"collection":[{"href":"https:\/\/www.cnbb.org.br\/cnbb-app\/wp\/v2\/posts"}],"about":[{"href":"https:\/\/www.cnbb.org.br\/cnbb-app\/wp\/v2\/types\/post"}],"author":[{"embeddable":true,"href":"https:\/\/www.cnbb.org.br\/cnbb-app\/wp\/v2\/users\/21"}],"replies":[{"embeddable":true,"href":"https:\/\/www.cnbb.org.br\/cnbb-app\/wp\/v2\/comments?post=7571"}],"version-history":[{"count":0,"href":"https:\/\/www.cnbb.org.br\/cnbb-app\/wp\/v2\/posts\/7571\/revisions"}],"wp:attachment":[{"href":"https:\/\/www.cnbb.org.br\/cnbb-app\/wp\/v2\/media?parent=7571"}],"wp:term":[{"taxonomy":"category","embeddable":true,"href":"https:\/\/www.cnbb.org.br\/cnbb-app\/wp\/v2\/categories?post=7571"},{"taxonomy":"post_tag","embeddable":true,"href":"https:\/\/www.cnbb.org.br\/cnbb-app\/wp\/v2\/tags?post=7571"}],"curies":[{"name":"wp","href":"https:\/\/api.w.org\/{rel}","templated":true}]}}