{"id":7576,"date":"2017-08-28T00:00:00","date_gmt":"2017-08-28T03:00:00","guid":{"rendered":"https:\/\/www.cnbb.org.br\/dom-helder-e-dom-luciano-tambem-faleceram-dia-27-de-agosto\/"},"modified":"2017-08-28T00:00:00","modified_gmt":"2017-08-28T03:00:00","slug":"dom-helder-e-dom-luciano-tambem-faleceram-dia-27-de-agosto","status":"publish","type":"post","link":"https:\/\/www.cnbb.org.br\/dom-helder-e-dom-luciano-tambem-faleceram-dia-27-de-agosto\/","title":{"rendered":"27 de agosto tamb\u00e9m marca a passagem de dom H\u00e9lder C\u00e2mara e dom Luciano Mendes"},"content":{"rendered":"<p style=\"text-align: justify;\">Dois arcebispos brasileiros que t\u00eam seus nomes inscritos, com destaque, na hist\u00f3ria da CNBB, dom H\u00e9lder C\u00e2mara e dom Luciano Mendes de Almeida, tamb\u00e9m faleceram no dia 27 de agosto.<\/p>\n<p style=\"text-align: justify;\">No dia 27 de agosto de 1999, ap\u00f3s uma parada cardiorrespirat\u00f3ria, falecia em Recife (PE), dom Helder C\u00e2mara. No dia seguinte, o Jornal &#8220;Folha de S\u00e3o Paulo&#8221; noticiava: &#8220;<em>Segundo Antonio da Matta, um dos volunt\u00e1rios que trabalhava com d. H\u00e9lder, o religioso morreu dormindo, \u00e0s 22h20. A causa da morte teria sido uma parada cardiorrespirat\u00f3ria. At\u00e9 as 0h25 de hoje, as informa\u00e7\u00f5es ainda n\u00e3o eram oficiais. A secret\u00e1ria particular de d. H\u00e9lder, Maria Jos\u00e9 Duperron Cavalcanti, a Zezita, foi quem primeiro teria alertado sobre a morte do religioso. Ela percebeu que o arcebispo n\u00e3o estava bem quando foi dormir e, cerca de tr\u00eas horas depois, foi ao quarto verificar seu estado de sa\u00fade, segundo Da Matta. Ao notar que o religioso n\u00e3o respondia aos seus chamados, afirmou o volunt\u00e1rio, ela entrou em contato com um m\u00e9dico. A morte foi ent\u00e3o confirmada. D. H\u00e9lder, segundo Da Matta, passou o dia &#8220;tranquilo&#8221;, mas, pouco antes de dormir, por volta das 20h, aparentava estar &#8220;cansado, com falta de ar&#8221;. Ainda segundo o volunt\u00e1rio, dias antes de morrer, o arcebispo disse que sua maior preocupa\u00e7\u00e3o era que um dia sua alma &#8216;fosse embora e que seu corpo resistisse<\/em>&#8216;&#8221;.<\/p>\n<p style=\"text-align: justify;\">Era tamb\u00e9m domingo, dia 27 de agosto de 2006, quando falecia, em S\u00e3o Paulo (SP), dom Luciano Mendes de Almeida. A &#8220;Folha&#8221; deu a not\u00edcia no mesmo dia: &#8220;M<em>orreu neste domingo dom Luciano Pedro Mendes de Almeida, 75, arcebispo de Mariana (MG), em decorr\u00eancia de fal\u00eancia m\u00faltipla de \u00f3rg\u00e3os. Dom Luciano estava internado no Hospital das Cl\u00ednicas, da Faculdade de Medicina da USP, desde o dia 17 de julho, para tratar de um c\u00e2ncer no f\u00edgado. Ele foi transferido para a UTI (Unidade de Terapia Intensiva), onde permaneceu em estado grave, sedado e respirando com a ajuda de aparelhos. No Hospital das Cl\u00ednicas, Dom Luciano tratava de um tumor provocado por uma recidiva do c\u00e2ncer desenvolvido h\u00e1 dois anos. Em 2004, submeteu-se a uma cirurgia no f\u00edgado para retirada do tecido doente. Ele havia contra\u00eddo hepatite C h\u00e1 cerca de cinco anos, devido a uma transfus\u00e3o. Em alguns casos, o c\u00e2ncer de f\u00edgado aparece como uma das complica\u00e7\u00f5es da hepatite C. Presidiu a CNBB (Confer\u00eancia Nacional dos Bispos do Brasil) de 1987 a 1994, tendo sido tamb\u00e9m secret\u00e1rio-geral de 1979 a 1987. Foi vice-presidente do Celam (Conselho Episcopal Latino-Americano)de 1995 a 1998<\/em>&#8220;.<\/p>\n","protected":false},"excerpt":{"rendered":"<p>Arcebispo de Olinda e Recife (PE) h\u00e1 18 anos e o arcebispo de Mariana (MG), h\u00e1 11. Ambos tamb\u00e9m, como dom Jos\u00e9 Maria, faleceram no dia 27\/08<\/p>\n","protected":false},"author":83,"featured_media":0,"comment_status":"closed","ping_status":"open","sticky":false,"template":"","format":"standard","meta":{"site-sidebar-layout":"default","site-content-layout":"default","ast-global-header-display":"","ast-banner-title-visibility":"","ast-main-header-display":"","ast-hfb-above-header-display":"","ast-hfb-below-header-display":"","ast-hfb-mobile-header-display":"","site-post-title":"","ast-breadcrumbs-content":"","ast-featured-img":"","footer-sml-layout":"","theme-transparent-header-meta":"","adv-header-id-meta":"","stick-header-meta":"","header-above-stick-meta":"","header-main-stick-meta":"","header-below-stick-meta":""},"categories":[841],"tags":[],"acf":[],"_links":{"self":[{"href":"https:\/\/www.cnbb.org.br\/cnbb-app\/wp\/v2\/posts\/7576"}],"collection":[{"href":"https:\/\/www.cnbb.org.br\/cnbb-app\/wp\/v2\/posts"}],"about":[{"href":"https:\/\/www.cnbb.org.br\/cnbb-app\/wp\/v2\/types\/post"}],"author":[{"embeddable":true,"href":"https:\/\/www.cnbb.org.br\/cnbb-app\/wp\/v2\/users\/83"}],"replies":[{"embeddable":true,"href":"https:\/\/www.cnbb.org.br\/cnbb-app\/wp\/v2\/comments?post=7576"}],"version-history":[{"count":0,"href":"https:\/\/www.cnbb.org.br\/cnbb-app\/wp\/v2\/posts\/7576\/revisions"}],"wp:attachment":[{"href":"https:\/\/www.cnbb.org.br\/cnbb-app\/wp\/v2\/media?parent=7576"}],"wp:term":[{"taxonomy":"category","embeddable":true,"href":"https:\/\/www.cnbb.org.br\/cnbb-app\/wp\/v2\/categories?post=7576"},{"taxonomy":"post_tag","embeddable":true,"href":"https:\/\/www.cnbb.org.br\/cnbb-app\/wp\/v2\/tags?post=7576"}],"curies":[{"name":"wp","href":"https:\/\/api.w.org\/{rel}","templated":true}]}}