{"id":7615,"date":"2017-08-30T00:00:00","date_gmt":"2017-08-30T03:00:00","guid":{"rendered":"https:\/\/www.cnbb.org.br\/a-patria-somos-nos\/"},"modified":"2017-08-30T00:00:00","modified_gmt":"2017-08-30T03:00:00","slug":"a-patria-somos-nos","status":"publish","type":"post","link":"https:\/\/www.cnbb.org.br\/a-patria-somos-nos\/","title":{"rendered":"A p\u00e1tria somos n\u00f3s"},"content":{"rendered":"<p style=\"text-align: right;\"><strong>Dom Jos\u00e9 Gislon<br \/>\n<\/strong><strong>Bispo de Erexim<\/p>\n<p><\/strong><\/p>\n<p style=\"text-align: justify;\">Estimados Diocesanos! Estamos iniciando o m\u00eas de setembro e, malgrado o pouco esp\u00edrito c\u00edvico, de patriotismo, de amor pela na\u00e7\u00e3o manifestado no agir de muitos pol\u00edticos, que acabam contaminando e penalizando a sociedade brasileira, queremos louvar e agradecer a Deus por termos uma p\u00e1tria. Mesmo vendo-a ferida por muitos, que deveriam proteg\u00ea-la, n\u00e3o devemos releg\u00e1-la ao abandono, como filhos e filhas ap\u00e1tridas desta terra, que acolheu nossos antepassados e nos oferece condi\u00e7\u00f5es para transform\u00e1-la em um lugar de oportunidades de vida e dignidade para todos os que aqui vivem.<\/p>\n<p style=\"text-align: justify;\">A na\u00e7\u00e3o que queremos deve ser constru\u00edda com a participa\u00e7\u00e3o de todos, nas pequenas a\u00e7\u00f5es do dia a dia. Escutamos muito falar da corrup\u00e7\u00e3o nas altas esferas do governo, mas fechamos os olhos, os ouvidos e a boca quando se trata das pequenas corrup\u00e7\u00f5es que nos envolvem, ou da nossa indiferen\u00e7a em agir e colaborar na constru\u00e7\u00e3o de um pa\u00eds melhor. Queremos cidadania sem termos atitudes de cidad\u00e3os que olham e cuidam do bem comum. A p\u00e1tria, como um lar digno para todos, se constr\u00f3i com a participa\u00e7\u00e3o respons\u00e1vel a partir das pequenas coisas que nos envolvem. Podemos come\u00e7ar n\u00e3o jogando o lixo no ch\u00e3o, no riacho que passa perto de casa, no terreno baldio que h\u00e1 no bairro, etc.<\/p>\n<p style=\"text-align: justify;\">Quando mudarmos nossas atitudes em rela\u00e7\u00e3o \u00e0s pequenas coisas que est\u00e3o ao nosso alcance, estaremos iniciando uma grande mudan\u00e7a em nosso pa\u00eds. Mudan\u00e7a que n\u00e3o visa dar privil\u00e9gios a um pequeno grupo, mas a dignidade de vida de todos os brasileiros. Essa mudan\u00e7a \u00e9 poss\u00edvel com a participa\u00e7\u00e3o democr\u00e1tica e respons\u00e1vel de um povo, que sente pulsar no cora\u00e7\u00e3o e correr nas veias o sangue da liberdade, da dignidade e da esperan\u00e7a de um novo amanh\u00e3.<\/p>\n<p style=\"text-align: justify;\">Tendo presente a dif\u00edcil conjuntura pol\u00edtica e econ\u00f4mica pela qual passa o nosso pa\u00eds, afetando milh\u00f5es de pessoas de todos os extratos sociais, causando um elevado aumento da viol\u00eancia e inseguran\u00e7a na sociedade, a Igreja Cat\u00f3lica no Brasil convida todos os seus fi\u00e9is, \u00e0 luz da Palavra de Deus, a fazerem um dia de jejum e ora\u00e7\u00f5es pela p\u00e1tria no dia 7 de setembro. Desejo imensamente que o querido povo de Deus da nossa Diocese assuma de cora\u00e7\u00e3o este convite. Queremos clamar ao Senhor, que conduziu o povo de Deus da escravid\u00e3o do Egito \u00e0 p\u00e1tria dos seus antepassados atrav\u00e9s do caminho da purifica\u00e7\u00e3o no deserto. Que Ele nos ajude a percorrermos o caminho da honestidade, da responsabilidade pelo bem comum, da educa\u00e7\u00e3o, da liberdade e da justi\u00e7a para continuarmos a ter uma p\u00e1tria para chamar de nossa.<\/p>\n<p style=\"text-align: justify;\">Que o Deus da vida continue iluminado nossos passos e o nosso caminho nesta terra, sem perdermos a esperan\u00e7a nesta e na p\u00e1tria celeste.<\/p>\n<p>&nbsp;<\/p>\n","protected":false},"excerpt":{"rendered":"<p>Dom Jos\u00e9 Gislon Bispo de Erexim Estimados Diocesanos! Estamos iniciando o m\u00eas de setembro e, malgrado o pouco esp\u00edrito c\u00edvico, de patriotismo, de amor pela na\u00e7\u00e3o manifestado no agir de muitos pol\u00edticos, que acabam contaminando e penalizando a sociedade brasileira, queremos louvar e agradecer a Deus por termos uma p\u00e1tria. Mesmo vendo-a ferida por muitos, &hellip;<\/p>\n<p class=\"read-more\"> <a class=\"\" href=\"https:\/\/www.cnbb.org.br\/a-patria-somos-nos\/\"> <span class=\"screen-reader-text\">A p\u00e1tria somos n\u00f3s<\/span> Leia mais &raquo;<\/a><\/p>\n","protected":false},"author":20,"featured_media":0,"comment_status":"closed","ping_status":"open","sticky":false,"template":"","format":"standard","meta":{"site-sidebar-layout":"default","site-content-layout":"default","ast-global-header-display":"","ast-banner-title-visibility":"","ast-main-header-display":"","ast-hfb-above-header-display":"","ast-hfb-below-header-display":"","ast-hfb-mobile-header-display":"","site-post-title":"","ast-breadcrumbs-content":"","ast-featured-img":"","footer-sml-layout":"","theme-transparent-header-meta":"","adv-header-id-meta":"","stick-header-meta":"","header-above-stick-meta":"","header-main-stick-meta":"","header-below-stick-meta":""},"categories":[758],"tags":[],"acf":[],"_links":{"self":[{"href":"https:\/\/www.cnbb.org.br\/cnbb-app\/wp\/v2\/posts\/7615"}],"collection":[{"href":"https:\/\/www.cnbb.org.br\/cnbb-app\/wp\/v2\/posts"}],"about":[{"href":"https:\/\/www.cnbb.org.br\/cnbb-app\/wp\/v2\/types\/post"}],"author":[{"embeddable":true,"href":"https:\/\/www.cnbb.org.br\/cnbb-app\/wp\/v2\/users\/20"}],"replies":[{"embeddable":true,"href":"https:\/\/www.cnbb.org.br\/cnbb-app\/wp\/v2\/comments?post=7615"}],"version-history":[{"count":0,"href":"https:\/\/www.cnbb.org.br\/cnbb-app\/wp\/v2\/posts\/7615\/revisions"}],"wp:attachment":[{"href":"https:\/\/www.cnbb.org.br\/cnbb-app\/wp\/v2\/media?parent=7615"}],"wp:term":[{"taxonomy":"category","embeddable":true,"href":"https:\/\/www.cnbb.org.br\/cnbb-app\/wp\/v2\/categories?post=7615"},{"taxonomy":"post_tag","embeddable":true,"href":"https:\/\/www.cnbb.org.br\/cnbb-app\/wp\/v2\/tags?post=7615"}],"curies":[{"name":"wp","href":"https:\/\/api.w.org\/{rel}","templated":true}]}}