{"id":7619,"date":"2017-08-31T00:00:00","date_gmt":"2017-08-31T03:00:00","guid":{"rendered":"https:\/\/www.cnbb.org.br\/bispos-do-regional-norte-2-elaboraram-carta-em-favor-dos-indigenas-e-comunidades-tradicionais\/"},"modified":"2017-08-31T00:00:00","modified_gmt":"2017-08-31T03:00:00","slug":"bispos-do-regional-norte-2-elaboraram-carta-em-favor-dos-indigenas-e-comunidades-tradicionais","status":"publish","type":"post","link":"https:\/\/www.cnbb.org.br\/bispos-do-regional-norte-2-elaboraram-carta-em-favor-dos-indigenas-e-comunidades-tradicionais\/","title":{"rendered":"Regional elabora carta em favor dos ind\u00edgenas e comunidades tradicionais"},"content":{"rendered":"<p style=\"text-align: justify;\">Bispos do Regional Norte 2 (Par\u00e1 e Amap\u00e1) da Confer\u00eancia Nacional dos Bispos do Brasil (CNBB) elaboraram uma carta de solidariedade em favor dos povos ind\u00edgenas e comunidades tradicionais durante reuni\u00e3o, em Bel\u00e9m, de 28 a 31 de agosto.<\/p>\n<p>&nbsp;<\/p>\n<p style=\"text-align: justify;\">Na ocasi\u00e3o, os bispos discutiram mais uma vez a realidade preocupante em que os povos ind\u00edgenas, quilombolas e outros grupos tradicionais se encontram diante do favorecimento do agroneg\u00f3cio, das empresas mineradoras e de criadores de gado, grupos representados pela bancada ruralista no Congresso Nacional que prop\u00f5em a anula\u00e7\u00e3o ou diminui\u00e7\u00e3o de \u00e1reas tradicionalmente habitadas por povos ind\u00edgenas e quilombolas e a abertura de \u00c1reas de Conserva\u00e7\u00e3o a empresas mineradoras.<\/p>\n<p style=\"text-align: justify;\">Leia a carta na \u00edntegra:<strong>\u00a0<\/strong><\/p>\n<p style=\"text-align: right;\"><strong>\u201cSenhor, salvai o vosso povo e libertai-o\u201d<br \/>\n<\/strong>(Salmo 27,9)<\/p>\n<p style=\"text-align: justify;\">Reunidos em Bel\u00e9m, de 28 a 31 de agosto de 2017, n\u00f3s, bispos do Regional Norte II da CNBB (Par\u00e1 e Amap\u00e1) nos deparamos mais uma vez com a realidade preocupante em que os povos ind\u00edgenas, quilombolas e outros grupos tradicionais se encontram. Apesar de inscritos na Constitui\u00e7\u00e3o Federal de 1988 (Art. 231 e 232) os direitos ind\u00edgenas est\u00e3o seriamente amea\u00e7ados pela Proposta de Emenda \u00e0 Constitui\u00e7\u00e3o (PEC)215\/2000 que pretende passar a decis\u00e3o final da demarca\u00e7\u00e3o de terras ind\u00edgenas do Executivo para o Legislativo e a A\u00e7\u00e3o Direta de Inconstitucionalidade (ADI) n\u00ba 3239, que prev\u00ea a Lei do Marco Temporal para definir um limite de tempo para a ocupa\u00e7\u00e3o e o reconhecimento de terras ind\u00edgenas e questiona a exist\u00eancia dos territ\u00f3rios quilombolas.<\/p>\n<p style=\"text-align: justify;\">Para favorecer o agroneg\u00f3cio, as empresas mineradores e os criadores de gado, grupos representados pela bancada ruralista no Congresso prop\u00f5em a anula\u00e7\u00e3o ou diminui\u00e7\u00e3o de \u00e1reas tradicionalmente habitadas por povos ind\u00edgenas e quilombolas e a abertura de \u00c1reas de Conserva\u00e7\u00e3o a empresas mineradoras. Projetos de minera\u00e7\u00e3o e agroneg\u00f3cio do jeito como v\u00eam sendo implementados na Amaz\u00f4nia trazem conseq\u00fc\u00eancias desastrosas e irrevers\u00edveis para o meio-ambiente e os povos que habitam essa regi\u00e3o. O recente decreto presidencial sobre a extin\u00e7\u00e3o da Reserva Nacional do Cobre e Associados (<em>Renca<\/em>) emanado sem nenhuma consulta pr\u00e9via dos povos diretamente atingidos como prev\u00ea a Constitui\u00e7\u00e3o Federal \u00e9 mais um golpe contra a Amaz\u00f4nia.<\/p>\n<p style=\"text-align: justify;\">Como pastores da Amaz\u00f4nia n\u00e3o podemos nos calar diante dos desmandos governamentais e conclamamos a todos os homens e mulheres de boa vontade a se opor \u00e0s cont\u00ednuas investidas contra a Amaz\u00f4nia e seus povos \u201cutilizando inclusive leg\u00edtimos mecanismos de press\u00e3o, para que o governo cumpra o dever pr\u00f3prio e n\u00e3o-deleg\u00e1vel de preservar o meio ambiente e os recursos naturais (&#8230;) do seu pa\u00eds, sem se vender a esp\u00farios interesses locais ou internacionais\u201d (LS 38).<\/p>\n<p style=\"text-align: justify;\">Pedimos ao Senhor da Vida que salve os seus povos da extin\u00e7\u00e3o f\u00edsica e cultural e liberte a Amaz\u00f4nia da destrui\u00e7\u00e3o e ru\u00edna.<\/p>\n<p style=\"text-align: justify;\">Bel\u00e9m, 30 de agosto de 2017<br \/>\nOs bispos do Par\u00e1 e Amap\u00e1.<\/p>\n<p style=\"text-align: justify;\">Dom Alberto Taveira Corr\u00eaa<br \/>\nArcebispo Metropolitano da Arquidiocese de Bel\u00e9m (PA)<\/p>\n<p style=\"text-align: justify;\">Dom Irineu Roman<br \/>\nBispo Auxiliar da Arquidiocese de Bel\u00e9m (PA)<\/p>\n<p style=\"text-align: justify;\">Dom Jos\u00e9 Maria Chaves dos Reis<br \/>\nBispo da Diocese de Abaetetuba\u00a0(PA)<\/p>\n<p style=\"text-align: justify;\">Dom Jesus Maria Cizaurre Berdonces<br \/>\nBispo da Diocese de Bragan\u00e7a\u00a0(PA)<\/p>\n<p style=\"text-align: justify;\">Dom Carlos Verzeletti<br \/>\nBispo da Diocese de Castanhal\u00a0(PA)<\/p>\n<p style=\"text-align: justify;\">Dom Pedro Jos\u00e9 Conti<br \/>\nBispo da Diocese de Macap\u00e1 (AP)<\/p>\n<p style=\"text-align: justify;\">Pe. Jo\u00e3o Thim\u00f3teo de Oliveira<br \/>\nAdministrator Diocesano da Diocese de Camet\u00e1\u00a0(PA)<\/p>\n<p style=\"text-align: justify;\">Dom Erwin Kr\u00e4utler<br \/>\nBispo Em\u00e9rito da Prelazia do Xingu\u00a0(PA)<\/p>\n<p style=\"text-align: justify;\">Dom Bernardo Johannes Bahlmann<br \/>\nBispo da Diocese de \u00d3bidos\u00a0(PA)<\/p>\n<p style=\"text-align: justify;\">Dom Teodoro Mendes Tavares<br \/>\nBispo da Diocese de Ponta de Pedras\u00a0(PA)<\/p>\n<p style=\"text-align: justify;\">Dom Fl\u00e1vio Giovenale<br \/>\nBispo da Diocese de Santar\u00e9m (PA)<\/p>\n<p style=\"text-align: justify;\">Dom Evaristo Spengler<br \/>\nBispo da Prelazia do Maraj\u00f3\u00a0(PA)<\/p>\n<p style=\"text-align: justify;\">Dom Jo\u00e3o Muniz Alves<br \/>\nBispo da Prelazia do Xingu\u00a0(PA)<\/p>\n<p style=\"text-align: justify;\">Dom Jos\u00e9 Lu\u00eds Azcona Hermoso<br \/>\nBispo Em\u00e9rito da Prelazia do Maraj\u00f3<\/p>\n<p style=\"text-align: justify;\">Dom Vital Corbellini<br \/>\nBispo da Diocese de Marab\u00e1 (PA)<\/p>\n","protected":false},"excerpt":{"rendered":"<p>O manifesto foi elaborado diante das tentativas de anula\u00e7\u00e3o ou diminui\u00e7\u00e3o de \u00e1reas tradicionalmente habitadas por ind\u00edgenas e quilombolas<\/p>\n","protected":false},"author":83,"featured_media":7620,"comment_status":"closed","ping_status":"open","sticky":false,"template":"","format":"standard","meta":{"site-sidebar-layout":"default","site-content-layout":"default","ast-global-header-display":"","ast-banner-title-visibility":"","ast-main-header-display":"","ast-hfb-above-header-display":"","ast-hfb-below-header-display":"","ast-hfb-mobile-header-display":"","site-post-title":"","ast-breadcrumbs-content":"","ast-featured-img":"","footer-sml-layout":"","theme-transparent-header-meta":"","adv-header-id-meta":"","stick-header-meta":"","header-above-stick-meta":"","header-main-stick-meta":"","header-below-stick-meta":""},"categories":[822,769],"tags":[],"acf":[],"_links":{"self":[{"href":"https:\/\/www.cnbb.org.br\/cnbb-app\/wp\/v2\/posts\/7619"}],"collection":[{"href":"https:\/\/www.cnbb.org.br\/cnbb-app\/wp\/v2\/posts"}],"about":[{"href":"https:\/\/www.cnbb.org.br\/cnbb-app\/wp\/v2\/types\/post"}],"author":[{"embeddable":true,"href":"https:\/\/www.cnbb.org.br\/cnbb-app\/wp\/v2\/users\/83"}],"replies":[{"embeddable":true,"href":"https:\/\/www.cnbb.org.br\/cnbb-app\/wp\/v2\/comments?post=7619"}],"version-history":[{"count":0,"href":"https:\/\/www.cnbb.org.br\/cnbb-app\/wp\/v2\/posts\/7619\/revisions"}],"wp:featuredmedia":[{"embeddable":true,"href":"https:\/\/www.cnbb.org.br\/cnbb-app\/wp\/v2\/media\/7620"}],"wp:attachment":[{"href":"https:\/\/www.cnbb.org.br\/cnbb-app\/wp\/v2\/media?parent=7619"}],"wp:term":[{"taxonomy":"category","embeddable":true,"href":"https:\/\/www.cnbb.org.br\/cnbb-app\/wp\/v2\/categories?post=7619"},{"taxonomy":"post_tag","embeddable":true,"href":"https:\/\/www.cnbb.org.br\/cnbb-app\/wp\/v2\/tags?post=7619"}],"curies":[{"name":"wp","href":"https:\/\/api.w.org\/{rel}","templated":true}]}}