{"id":7624,"date":"2017-08-31T00:00:00","date_gmt":"2017-08-31T03:00:00","guid":{"rendered":"https:\/\/www.cnbb.org.br\/novo-bispo-auxiliar-de-belem\/"},"modified":"2017-08-31T00:00:00","modified_gmt":"2017-08-31T03:00:00","slug":"novo-bispo-auxiliar-de-belem","status":"publish","type":"post","link":"https:\/\/www.cnbb.org.br\/novo-bispo-auxiliar-de-belem\/","title":{"rendered":"Novo bispo auxiliar de Bel\u00e9m"},"content":{"rendered":"<p style=\"text-align: right;\"><strong>\u00a0Dom Alberto Taveira Corr\u00eaa<br \/>\nArcebispo Metropolitano de Bel\u00e9m do Par\u00e1<\/strong><\/p>\n<p style=\"text-align: justify;\">Uma tarde de ora\u00e7\u00e3o na Capela da Medalha Milagrosa, em Paris, 12 de junho de 2017, nos bra\u00e7os de Nossa Senhora, teve conclus\u00e3o inesperada e feliz, quando a Nunciatura Apost\u00f3lica no Brasil me comunicou a realiza\u00e7\u00e3o de um insistente pedido ao Santo Padre de receber para a Arquidiocese de Bel\u00e9m um novo Bispo Auxiliar, cuja nomea\u00e7\u00e3o seria publicada no dia 28 de junho. Imediatamente entrei em contato telef\u00f4nico com o eleito, Padre Ant\u00f4nio de Assis Ribeiro, SDB, depois de constatar o fato de que era um paraense da gema, papa-chib\u00e9 nascido em Capit\u00e3o Po\u00e7o e criado em Our\u00e9m! De l\u00e1 para c\u00e1, uma sucess\u00e3o de informa\u00e7\u00f5es carregadas de sentimentos de alegria e gratid\u00e3o a Deus pelo presente recebido de Deus, pela benevol\u00eancia do Papa Francisco. Dom Irineu Roman e eu, juntamente com o Clero e todo o povo de Deus na Arquidiocese, elevamos os bra\u00e7os aos C\u00e9us para a justa a\u00e7\u00e3o de gra\u00e7as.<\/p>\n<p style=\"text-align: justify;\">Quando foi publicada a nomea\u00e7\u00e3o, o futuro <strong>Dom<\/strong> <strong>Ant\u00f4nio de Assis<\/strong>, como deseja ser chamado, assim se dirigiu a todos n\u00f3s, com palavras a serem registradas em letras de fogo em nossa hist\u00f3ria: &#8220;\u00c9 com sentimento de alegria, surpresa e confian\u00e7a em Deus que, pela primeira vez, me dirijo a voc\u00eas tendo tomado conhecimento da minha nomea\u00e7\u00e3o para Bispo Auxiliar da Arquidiocese de Bel\u00e9m. Deus me fez uma grande surpresa dando-me uma s\u00e9ria e exigente miss\u00e3o! Essa not\u00edcia me causou um forte impacto emocional. Minha primeira rea\u00e7\u00e3o foi aquela impulsiva de questionar: <em>por que eu? <\/em>\u00a0Um forte sentimento de medo e ansiedade tomou conta de mim! Todavia, com discernimento e ora\u00e7\u00e3o, tamb\u00e9m emergiu em mim a consci\u00eancia vocacional e, com ela, o sentimento de confian\u00e7a, de esperan\u00e7a, de serenidade e de gratid\u00e3o. Sou consciente da minha pequenez, de ser pecador e estar carregado de fragilidades, mas creio firmemente que a Miseric\u00f3rdia Divina \u00e9 infinitamente maior do que tudo! Por isso, \u00e0 Bondade Divina confio minha vida que ousou, por sua gra\u00e7a, me chamar para esse nobre servi\u00e7o \u00e0 Igreja, povo de Deus, em vista da promo\u00e7\u00e3o do Reino de Deus. Creio que Aquele que me chamou desde o ventre materno para ser seu servo (Cf. Is 49,1), por sua pura bondade (Cf. Gl 1,15) tamb\u00e9m continuar\u00e1 me dando os meios necess\u00e1rios para que eu possa servir com alegria, generosidade e ardor \u00e0 nossa Igreja. Dela sou servo por voca\u00e7\u00e3o, n\u00e3o por m\u00e9rito pessoal!&#8221;<\/p>\n<p style=\"text-align: justify;\"><strong>\u00a0<\/strong>Ao povo de Deus, apresentou um verdadeiro programa de pastoreio: &#8220;Tenho plena consci\u00eancia de ter sido chamado por Deus para ser um bom pastor; para isso pe\u00e7o a ajuda de voc\u00eas atrav\u00e9s da ora\u00e7\u00e3o cotidiana, da paci\u00eancia com o meu crescimento, do apoio necess\u00e1rio, da escuta e do acompanhamento. Entre ovelha e pastor deve haver uma afetiva e serena rela\u00e7\u00e3o de confian\u00e7a (Cf. Jo 10,11-17). Assim, crescemos juntos como irm\u00e3os, amigos e servidores uns dos outros! Um novo horizonte de servi\u00e7os eclesiais se abre \u00e0 minha frente, por isso pe\u00e7o-lhes ora\u00e7\u00f5es para que a virtude da compaix\u00e3o, da solicitude, do entusiasmo e do esp\u00edrito de iniciativa do Bom Pastor sejam marcas vivas da minha a\u00e7\u00e3o pastoral. Sou consciente de que vivemos em tempos de grandes obst\u00e1culos para a f\u00e9 e a evangeliza\u00e7\u00e3o! Em meio a tantas correntes ideol\u00f3gicas contr\u00e1rias a Jesus Cristo, ser um l\u00edder que tenha os olhos fixos nele (Cf. Lc 4,20), assumindo suas atitudes de Bom Pastor, educador e guia, \u00e9 um enorme desafio. Mas \u00e9 preciso n\u00e3o ter medo! Assim Deus falou ao jovem Josu\u00e9 chamado a liderar o povo Israelita, ap\u00f3s a morte de Mois\u00e9s: <em>\u201ceu estou mandando que voc\u00ea seja firme e corajoso&#8230; n\u00e3o tenha medo, n\u00e3o se acovarde&#8230; pois Jav\u00e9, seu Deus est\u00e1 com voc\u00ea aonde quer que voc\u00ea v\u00e1\u00bb <\/em>(Js 1,9). S\u00e3o palavras profundamente estimulantes! Isso significa que a miss\u00e3o \u00e9 de Deus, e n\u00f3s, simplesmente seus instrumentos!&#8221;<\/p>\n<p style=\"text-align: justify;\">Quem \u00e9 o novo Bispo Auxiliar de Bel\u00e9m? Filho de Hip\u00f3lito dos Santos Ribeiro, j\u00e1 falecido e Domingas de Assis Ribeiro \u00e9 o quinto filho de uma numerosa fam\u00edlia de onze irm\u00e3os, oito homens e tr\u00eas mulheres. Nasceu no dia vinte e seis de junho de mil, novecentos e sessenta e seis, na zona rural de Capit\u00e3o Po\u00e7o &#8211; PA. Estudou na cidade de Our\u00e9m e aos quatorze anos entrou, como aspirante, no Centro Vocacional Salesiano em Ananindeua &#8211; PA, onde passou cinco anos. Em mil, novecentos e oitenta e cinco, iniciou a forma\u00e7\u00e3o espec\u00edfica para a vida religiosa salesiana em Manaus, \u00a0que o conduziu, pelas sucessivas etapas, ao curso teol\u00f3gico na Universidade Pontif\u00edcia Salesiana em Roma. Ap\u00f3s a ordena\u00e7\u00e3o diaconal retornou ao Brasil para a experi\u00eancia do diaconado, trabalhando na forma\u00e7\u00e3o dos estudantes de filosofia em Manaus. Foi ordenado sacerdote em Our\u00e9m no dia dezessete de junto de mil, novecentos e noventa e cinco, por Dom Miguel Maria Giambelli ent\u00e3o Bispo de Bragan\u00e7a, e continuou contribuindo na forma\u00e7\u00e3o salesiana em Manaus. Cursou o mestrado em teologia moral na Academia Alfonsiana em Roma, e assumiu \u00a0diversas responsabilidades dentro e fora da Inspetoria Salesiana da Amaz\u00f4nia, a saber: Diretor da Escola Salesiana do Trabalho em Bel\u00e9m, professor de Teologia Moral no Centro de Forma\u00e7\u00e3o Presbiteral da Arquidiocese de Bel\u00e9m; fundou o Centro Associa\u00e7\u00e3o Damas Salesianas em Ananindeua, ONG voltada para a promo\u00e7\u00e3o do voluntariado feminino, com o esp\u00edrito salesiano; membro do Conselho Estadual dos Direitos da Crian\u00e7a e do Adolescente do Par\u00e1, Conselheiro Municipal dos Direitos da Crian\u00e7a e do Adolescente da capital paraense; diretor da Miss\u00e3o Salesiana de Yauaret\u00ea e p\u00e1roco da Par\u00f3quia S\u00e3o Miguel Arcanjo na Diocese de S\u00e3o Gabriel da Cachoeira; diretor do Col\u00e9gio Dom Bosco e p\u00e1roco da Par\u00f3quia Dom Bosco em Manaus; diretor do Centro Juvenil Salesiano e p\u00e1roco da Par\u00f3quia Nossa Senhora das Dores em Manicor\u00e9, na Diocese de Humait\u00e1 no Sul do estado do Amazonas. At\u00e9 sua nomea\u00e7\u00e3o como Bispo Auxiliar de Bel\u00e9m, era vice-inspetor, delegado provincial para a Pastoral Juvenil Salesiana e vocacional, encarregado da promo\u00e7\u00e3o do voluntariado Juvenil Inspetorial e diretor-s\u00f3cio da Faculdade Salesiana de Dom Bosco de Manaus.<\/p>\n<p style=\"text-align: justify;\">Um novo Bispo Auxiliar! A ele cabe ajudar o Arcebispo de Bel\u00e9m na tarefa de conduzir o Povo de\u00a0 Deus pelos caminhos da verdade do Evangelho. Ele veio para servir, trazendo, mais do que a rica folha de servi\u00e7os prestados como sacerdote salesiano, a disposi\u00e7\u00e3o para dar a vida pelo rebanho de Jesus Cristo. Como Bispo, \u00e9 feito leg\u00edtimo sucessor dos Ap\u00f3stolos, para o an\u00fancio da Palavra de Deus, o Pastoreio e a santifica\u00e7\u00e3o do Povo de Deus. Escolheu como lema de seu minist\u00e9rio episcopal o texto de Jo\u00e3o 17,19: &#8220;Por eles me consagro&#8221;. Nossa Arquidiocese o recebe com muita alegria, desejando-lhe a fecundidade no minist\u00e9rio episcopal, unindo-nos a prece da ordena\u00e7\u00e3o: &#8220;Que ele vos sirva, \u00f3 Pai, dia e noite, intercedendo a v\u00f3s pelo seu povo e oferecendo os dons da vossa Igreja. Pela for\u00e7a do Esp\u00edrito Santo, que a plenitude do sacerd\u00f3cio lhe comunica, concedei-lhe o poder de perdoar os pecados segundo o vosso mandamento; que ele distribua os minist\u00e9rios segundo o vosso preceito e desligue todo o v\u00ednculo, conforme o poder dado aos Ap\u00f3stolos. Pela mansid\u00e3o e pureza de cora\u00e7\u00e3o, que ele seja para v\u00f3s oferenda agrad\u00e1vel, por vosso Filho, Jesus Cristo&#8221;.<\/p>\n<p style=\"text-align: justify;\">Semana 35: 31 de agosto de 2017<\/p>\n","protected":false},"excerpt":{"rendered":"<p>\u00a0Dom Alberto Taveira Corr\u00eaa Arcebispo Metropolitano de Bel\u00e9m do Par\u00e1 Uma tarde de ora\u00e7\u00e3o na Capela da Medalha Milagrosa, em Paris, 12 de junho de 2017, nos bra\u00e7os de Nossa Senhora, teve conclus\u00e3o inesperada e feliz, quando a Nunciatura Apost\u00f3lica no Brasil me comunicou a realiza\u00e7\u00e3o de um insistente pedido ao Santo Padre de receber &hellip;<\/p>\n<p class=\"read-more\"> <a class=\"\" href=\"https:\/\/www.cnbb.org.br\/novo-bispo-auxiliar-de-belem\/\"> <span class=\"screen-reader-text\">Novo bispo auxiliar de Bel\u00e9m<\/span> Leia mais &raquo;<\/a><\/p>\n","protected":false},"author":21,"featured_media":0,"comment_status":"closed","ping_status":"open","sticky":false,"template":"","format":"standard","meta":{"site-sidebar-layout":"default","site-content-layout":"default","ast-global-header-display":"","ast-banner-title-visibility":"","ast-main-header-display":"","ast-hfb-above-header-display":"","ast-hfb-below-header-display":"","ast-hfb-mobile-header-display":"","site-post-title":"","ast-breadcrumbs-content":"","ast-featured-img":"","footer-sml-layout":"","theme-transparent-header-meta":"","adv-header-id-meta":"","stick-header-meta":"","header-above-stick-meta":"","header-main-stick-meta":"","header-below-stick-meta":""},"categories":[758],"tags":[],"acf":[],"_links":{"self":[{"href":"https:\/\/www.cnbb.org.br\/cnbb-app\/wp\/v2\/posts\/7624"}],"collection":[{"href":"https:\/\/www.cnbb.org.br\/cnbb-app\/wp\/v2\/posts"}],"about":[{"href":"https:\/\/www.cnbb.org.br\/cnbb-app\/wp\/v2\/types\/post"}],"author":[{"embeddable":true,"href":"https:\/\/www.cnbb.org.br\/cnbb-app\/wp\/v2\/users\/21"}],"replies":[{"embeddable":true,"href":"https:\/\/www.cnbb.org.br\/cnbb-app\/wp\/v2\/comments?post=7624"}],"version-history":[{"count":0,"href":"https:\/\/www.cnbb.org.br\/cnbb-app\/wp\/v2\/posts\/7624\/revisions"}],"wp:attachment":[{"href":"https:\/\/www.cnbb.org.br\/cnbb-app\/wp\/v2\/media?parent=7624"}],"wp:term":[{"taxonomy":"category","embeddable":true,"href":"https:\/\/www.cnbb.org.br\/cnbb-app\/wp\/v2\/categories?post=7624"},{"taxonomy":"post_tag","embeddable":true,"href":"https:\/\/www.cnbb.org.br\/cnbb-app\/wp\/v2\/tags?post=7624"}],"curies":[{"name":"wp","href":"https:\/\/api.w.org\/{rel}","templated":true}]}}