{"id":7638,"date":"2017-09-02T00:00:00","date_gmt":"2017-09-02T03:00:00","guid":{"rendered":"https:\/\/www.cnbb.org.br\/sede-nacional-da-cnbb-sofre-com-desgastes-do-tempo-veja-imagens-apresentadas-aos-bispos\/"},"modified":"2017-09-02T00:00:00","modified_gmt":"2017-09-02T03:00:00","slug":"sede-nacional-da-cnbb-sofre-com-desgastes-do-tempo-veja-imagens-apresentadas-aos-bispos","status":"publish","type":"post","link":"https:\/\/www.cnbb.org.br\/sede-nacional-da-cnbb-sofre-com-desgastes-do-tempo-veja-imagens-apresentadas-aos-bispos\/","title":{"rendered":"Sede nacional da CNBB sofre com desgastes do tempo. Veja imagens"},"content":{"rendered":"<p style=\"text-align: justify;\">Em agosto, a Confer\u00eancia Nacional dos Bispos do Brasil (CNBB) iniciou a campanha que convida toda as comunidades, par\u00f3quias e dioceses do pa\u00eds para uma generosa contribui\u00e7\u00e3o em vista da reforma da sede nacional da entidade. A necessidade da interven\u00e7\u00e3o reflete-se em imagens apresentadas na \u00faltima Assembleia Geral: infiltra\u00e7\u00f5es e instala\u00e7\u00f5es antigas s\u00e3o reflexo da deteriora\u00e7\u00e3o causada pelo tempo.<\/p>\n<p style=\"text-align: justify;\">A sede da CNBB em Bras\u00edlia (DF) foi constru\u00edda em 1973 e desde ent\u00e3o passou por interven\u00e7\u00f5es pontuais, como a reforma da capela Nossa Senhora Aparecida, em 2002, por ocasi\u00e3o dos 50 anos da entidade, e a readapta\u00e7\u00e3o do audit\u00f3rio Dom Helder C\u00e2mara, dez anos depois. Estes espa\u00e7os n\u00e3o devem sofrer altera\u00e7\u00f5es. Entretanto, os outros espa\u00e7os, como refeit\u00f3rio, salas de trabalho administrativo, das assessorias das comiss\u00f5es pastorais e a \u00e1rea dos dormit\u00f3rios precisam ser readequados.<\/p>\n<p style=\"text-align: justify;\">O arcebispo de Salvador (BA) e vice-presidente da CNBB, dom Murilo Krieger, recorda que a sede nacional da CNBB acolhe bispos, sacerdotes, di\u00e1conos, religiosos e religiosas, leigos e leigas e pessoas de outras religi\u00f5es \u201cque aqui vem para trocar ideias, se enriquecerem e renovarem a sua disposi\u00e7\u00e3o de evangelizar esse Brasil\u201d.<\/p>\n<p style=\"text-align: justify;\">O bispo auxiliar de Bras\u00edlia e secret\u00e1rio-geral da entidade, dom Leonardo Ulrich Steiner, conta que durante a 55\u00aa Assembleia Geral da CNBB os bispos debateram formas de ajudar a CNBB ser mais evangelizadora e mais mission\u00e1ria, \u201ccriando assim espa\u00e7os maiores na sua sede para podermos ajudar mais as nossas dioceses, os nossos regionais, as nossas par\u00f3quias, as nossas comunidades\u201d.<\/p>\n<p style=\"text-align: justify;\">Foi de sua responsabilidade apresentar ao episcopado uma s\u00e9rie de imagens com problemas encontrados no pr\u00e9dio. Ele esclarece que n\u00e3o s\u00e3o problemas estruturais, mas as instala\u00e7\u00f5es el\u00e9trica e hidr\u00e1ulica e os pisos que ainda s\u00e3o da d\u00e9cada de 1970. \u201cAlguns banheiros est\u00e3o fechados\u201d, conta.<\/p>\n<p>Clique abaixo e veja as imagens:<br \/>\n<a data-flickr-embed=\"true\" data-header=\"true\" data-footer=\"true\" href=\"https:\/\/www.flickr.com\/gp\/cnbbnacional\/v7983V\" title=\"Pr\u00e9dio da CNBB e desgaste do tempo\" target=\"_blank\" rel=\"noopener\"><img decoding=\"async\" loading=\"lazy\" src=\"https:\/\/www.cnbb.org.br\/wp-content\/uploads\/2020\/03\/36822822311_77c6fbf23b_z.jpg\" width=\"640\" height=\"426\" alt=\"Pr\u00e9dio da CNBB e desgaste do tempo\"><\/a><script async src=\"\/\/embedr.flickr.com\/assets\/client-code.js\" charset=\"utf-8\"><\/script><\/p>\n<p style=\"text-align: justify;\"><strong><span style=\"color: #993300;\">Hist\u00f3ria da constru\u00e7\u00e3o<\/span><\/strong><br \/>\nA sede da CNBB foi constru\u00edda na quadra 801 do Setor de Embaixadas Sul, ao lado da Nunciatura Apost\u00f3lica e no entorno da Esplanada dos Minist\u00e9rios, no centro da Capital Federal. Recentemente, visitou o pr\u00e9dio o senhor \u00c1lvaro Alves Filho, 91 anos, que foi mestre de<\/p>\n<figure id=\"attachment_6204\" aria-describedby=\"caption-attachment-6204\" style=\"width: 300px\" class=\"wp-caption alignleft\"><a href=\"http:\/\/cnbb.net.br\/sede-nacional-da-cnbb-sofre-com-desgastes-do-tempo-veja-imagens-apresentadas-aos-bispos\/alvaro-filho\/\" rel=\"attachment wp-att-6204 noopener\" target=\"_blank\"><img decoding=\"async\" loading=\"lazy\" class=\"size-medium wp-image-6204\" src=\"http:\/\/cnbb.net.br\/wp-content\/uploads\/2017\/09\/Alvaro-Filho-300x225.jpeg\" alt=\"\" width=\"300\" height=\"225\" \/><\/a><figcaption id=\"caption-attachment-6204\" class=\"wp-caption-text\"><em>Foto: CNBB\/Willian Bonfim | Aos, 91 anos, \u00c1lvaro Filho visitou sede da CNBB, onde trabalhou na \u00e9poca da constru\u00e7\u00e3o<\/em><\/figcaption><\/figure>\n<p style=\"text-align: justify;\">obras da constru\u00e7\u00e3o do edif\u00edcio sede. \u00c1lvaro mudou-se para Bras\u00edlia em 1968, \u00e9 pai de sete filhos e 13 netos. Vi\u00favo h\u00e1 cinco anos, mora em Taguatinga (DF).<\/p>\n<p style=\"text-align: justify;\">Al\u00e9m de coordenar os trabalhadores na constru\u00e7\u00e3o, recebia o material, as notas fiscais das compras e as enviava \u00e0 contabilidade. Um galp\u00e3o met\u00e1lico, lembra-se, foi constru\u00eddo para dar suporte aos trabalhadores e para guardar o material de constru\u00e7\u00e3o do pr\u00e9dio.<\/p>\n<p style=\"text-align: justify;\">\u201cAqui era s\u00f3 mato. N\u00e3o tinha nada\u201d, recorda \u00c1lvaro Filho. Mem\u00f3ria carinhosa tem de dom Ivo Lorscheiter, ent\u00e3o secret\u00e1rio-geral da CNBB, a quem define como um homem de uma humildade incompar\u00e1vel. &#8220;Toda vez que passava perto de mim, me dava um tapinha nas costas&#8221;, conta.<\/p>\n<p>&nbsp;<\/p>\n<p><a href=\"http:\/\/materiais.edicoescnbb.com.br\/kit-coleta-nacional\" target=\"_blank\" rel=\"noopener\">Acesse os materiais da Coleta Nacional<\/a><\/p>\n","protected":false},"excerpt":{"rendered":"<p>Em mais de quarenta anos, instala\u00e7\u00f5es ficaram comprometidas e espa\u00e7os limitados. Mestre de obras visita sede e recorda \u00e9poca da constru\u00e7\u00e3o<\/p>\n","protected":false},"author":83,"featured_media":7639,"comment_status":"closed","ping_status":"open","sticky":false,"template":"","format":"standard","meta":{"site-sidebar-layout":"default","site-content-layout":"default","ast-global-header-display":"","ast-banner-title-visibility":"","ast-main-header-display":"","ast-hfb-above-header-display":"","ast-hfb-below-header-display":"","ast-hfb-mobile-header-display":"","site-post-title":"","ast-breadcrumbs-content":"","ast-featured-img":"","footer-sml-layout":"","theme-transparent-header-meta":"","adv-header-id-meta":"","stick-header-meta":"","header-above-stick-meta":"","header-main-stick-meta":"","header-below-stick-meta":""},"categories":[841],"tags":[],"acf":[],"_links":{"self":[{"href":"https:\/\/www.cnbb.org.br\/cnbb-app\/wp\/v2\/posts\/7638"}],"collection":[{"href":"https:\/\/www.cnbb.org.br\/cnbb-app\/wp\/v2\/posts"}],"about":[{"href":"https:\/\/www.cnbb.org.br\/cnbb-app\/wp\/v2\/types\/post"}],"author":[{"embeddable":true,"href":"https:\/\/www.cnbb.org.br\/cnbb-app\/wp\/v2\/users\/83"}],"replies":[{"embeddable":true,"href":"https:\/\/www.cnbb.org.br\/cnbb-app\/wp\/v2\/comments?post=7638"}],"version-history":[{"count":0,"href":"https:\/\/www.cnbb.org.br\/cnbb-app\/wp\/v2\/posts\/7638\/revisions"}],"wp:featuredmedia":[{"embeddable":true,"href":"https:\/\/www.cnbb.org.br\/cnbb-app\/wp\/v2\/media\/7639"}],"wp:attachment":[{"href":"https:\/\/www.cnbb.org.br\/cnbb-app\/wp\/v2\/media?parent=7638"}],"wp:term":[{"taxonomy":"category","embeddable":true,"href":"https:\/\/www.cnbb.org.br\/cnbb-app\/wp\/v2\/categories?post=7638"},{"taxonomy":"post_tag","embeddable":true,"href":"https:\/\/www.cnbb.org.br\/cnbb-app\/wp\/v2\/tags?post=7638"}],"curies":[{"name":"wp","href":"https:\/\/api.w.org\/{rel}","templated":true}]}}