{"id":7681,"date":"2017-09-10T00:00:00","date_gmt":"2017-09-10T03:00:00","guid":{"rendered":"https:\/\/www.cnbb.org.br\/correcao-fraterna-2\/"},"modified":"2017-09-10T00:00:00","modified_gmt":"2017-09-10T03:00:00","slug":"correcao-fraterna-2","status":"publish","type":"post","link":"https:\/\/www.cnbb.org.br\/correcao-fraterna-2\/","title":{"rendered":"Corre\u00e7\u00e3o Fraterna"},"content":{"rendered":"<p style=\"text-align: justify;\"><strong>Dom Caetano Ferrari<\/strong><br \/>\n<strong>Diocese de Bauru (SP)<\/strong><\/p>\n<p style=\"text-align: justify;\">Posso dizer que como crist\u00e3os, n\u00f3s temos muito amor \u00e0 Palavra de Deus, \u00e0 B\u00edblia Sagrada, \u00e0s Divinas Escrituras, como queiramos chamar este que \u00e9 o livro traduzido em todas as l\u00ednguas e o mais divulgado em todo o mundo. A Igreja estabeleceu setembro como o m\u00eas preferencial da B\u00edblia, com o objetivo de nos estimular a conhec\u00ea-la mais, a am\u00e1-la mais e a viv\u00ea-la mais. \u00c9 bom termos presente as palavras b\u00edblicas que nos recordam que \u201cMuitas vezes e de modos diversos falou Deus, outrora, aos Pais pelos profetas; agora, nestes dias que s\u00e3o os \u00faltimos, falou-nos por meio do Filho, a quem constituiu herdeiro de todas as coisas, e pelo qual fez os s\u00e9culos\u201d (Hb 1,1-2). Conhecer e amar a B\u00edblia \u00e9 conhecer e amar o autor da Palavra Sagrada, Deus, e o seu maior revelador, Jesus Cristo. Como Palavra de Deus, o seu poder \u00e9 enorme, ela n\u00e3o desce sobre n\u00f3s sem produzir os seus efeitos, a come\u00e7ar atingindo-nos desde o \u00e2mago do nosso ser, indo a fundo para desvendar nossas mais secretas inten\u00e7\u00f5es, pondo \u00e0s claras nossa vida interior, nossos sentimentos e disposi\u00e7\u00f5es. Ela p\u00f5e a descoberto o mist\u00e9rio do pecado que nos habita, nos divide internamente e destr\u00f3i ao nosso redor a comunh\u00e3o no amor. Mas, ela \u00e9 poderosa para nos curar e salvar, como lemos em Hebreus que \u201cA Palavra de Deus \u00e9 viva, eficaz e mais penetrante do que qualquer espada de dois gumes; penetra at\u00e9 dividir alma e esp\u00edrito, junturas e medulas. Ela julga as disposi\u00e7\u00f5es e as inten\u00e7\u00f5es do cora\u00e7\u00e3o. E n\u00e3o h\u00e1 criatura oculta \u00e0 sua presen\u00e7a. Tudo est\u00e1 nu e descoberto aos olhos daquele a quem devemos prestar contas\u201d (Hb 4, 12-13). Na sequ\u00eancia, lemos que temos um sumo sacerdote eminente capaz de se compadecer das nossas fraquezas e que ofereceu dons e sacrif\u00edcios pelos nossos pecados, Jesus Cristo. E convida-nos a aproximarmos, com seguran\u00e7a, desse trono da gra\u00e7a para alcan\u00e7armos miseric\u00f3rdia (cf. Hb 4, 14-16). S\u00e3o Paulo Ap\u00f3stolo advertiu Tim\u00f3teo, a quem considerava como verdadeiro filho amado na f\u00e9, a permanecer firme no ensinamento das Sagradas Letras, como ele dizia, que te foi passado desde a tua inf\u00e2ncia, porque \u201cElas t\u00eam o poder de comunicar-te a sabedoria que conduz \u00e0 salva\u00e7\u00e3o pela f\u00e9 em Jesus Cristo. Toda a Escritura \u00e9 inspirada por Deus e \u00fatil para instruir, para refutar, para corrigir, para educar na justi\u00e7a, a fim de que o homem de Deus seja perfeito, qualificado para toda boa obra. Eu te conjuro, diante de Deus e de Jesus Cristo, que h\u00e1 de vir julgar os vivos e os mortos, pela sua Apari\u00e7\u00e3o e por seu Reino: proclama a Palavra, insiste, no tempo oportuno e no inoportuno, refuta, amea\u00e7a, exorta com toda paci\u00eancia e doutrina. Pois vir\u00e1 tempo em que alguns n\u00e3o suportar\u00e3o a s\u00e3 doutrina; pelo contr\u00e1rio, segundo os seus pr\u00f3prios desejos, como que sentindo comich\u00e3o nos ouvidos, se rodear\u00e3o de mestres. Desviar\u00e3o os ouvidos da verdade, orientando-os para as f\u00e1bulas. Tu, por\u00e9m, s\u00ea s\u00f3brio em tudo, suporta o sofrimento, faze o trabalho de evangelista, realiza plenamente teu minist\u00e9rio\u201d (2Tm3,15-4,5).<\/p>\n<p style=\"text-align: justify;\">Por ocasi\u00e3o deste m\u00eas da B\u00edblia, que o Senhor nos d\u00ea a gra\u00e7a de crescer no amor \u00e0 sua Palavra Divina, de aprender a ler a vida com a B\u00edblia e a B\u00edblia com a vida.<\/p>\n<p style=\"text-align: justify;\">O Evangelho da santa Missa de hoje fala-nos da corre\u00e7\u00e3o fraterna. \u00c9 um ensinamento novo que Jesus passou aos disc\u00edpulos e, por conseguinte, a todos n\u00f3s com uma sabedoria e pedagogia que s\u00f3 podem mesmo ter vindo dEle, o Divino Mestre \u2013 Mt 18, 15-20). O erro ou o pecado de algu\u00e9m contra ti, dizia Jesus, n\u00e3o deve servir de ocasi\u00e3o para que tu humilhes esse algu\u00e9m, mas para que tu o conquistes, indo ao seu encontro com o bom prop\u00f3sito de corrigi-lo, por meio de uma conversa particular a s\u00f3s. \u201cSe ele te ouvir, tu ganhaste o teu irm\u00e3o. Se ele n\u00e3o te ouvir, toma contigo mais uma ou duas pessoas, para que toda a quest\u00e3o seja decidida sob a palavra de duas ou tr\u00eas testemunhas. Se ele n\u00e3o vos der ouvido, dize-o \u00e0 Igreja. Se nem mesmo \u00e0 Igreja ele ouvir, seja tratado como se fosse um pag\u00e3o ou um pecador p\u00fablico\u201d. A corre\u00e7\u00e3o fraterna proposta por Jesus deve, portanto, se dar por esses v\u00e1rios passos, a fim de que prevale\u00e7a a compreens\u00e3o, o amor, a miseric\u00f3rdia em vista da paz e da comunh\u00e3o na comunidade. A luz do amor m\u00fatuo entre os irm\u00e3os brilhar\u00e1 no rosto da pessoa humilde que reconhece o seu erro e se corrige, e no rosto de quem corrige na caridade para perdoar e n\u00e3o humilhar. Desta maneira, Jesus nos ensina a manifestar a responsabilidade pelos irm\u00e3os que pecam. Agindo com esse esp\u00edrito de caridade, o que se liga e se desliga com responsabilidade para o bem da Comunidade Eclesial ser\u00e1 ratificado por Deus no c\u00e9u. Jesus insiste em dizer aos disc\u00edpulos que \u201cse dois de v\u00f3s estiverem de acordo na terra sobre qualquer coisa que quiserem pedir, isso lhes ser\u00e1 concedido por meu Pai que est\u00e1 nos c\u00e9us. Pois onde dois ou tr\u00eas estiverem reunidos em meu nome, eu estou a\u00ed, no meio deles\u201d. \u00c9 muito interessante como Jesus valoriza que as pessoas aprendam a se reunir em seu nome para se p\u00f4r de acordo sobre o que desejar pedir ao Pai, que os atender\u00e1, porque Ele, Jesus, estar\u00e1 presente e isto basta para que a gra\u00e7a aconte\u00e7a. Pois onde est\u00e1 o Filho est\u00e1 o Pai e o Esp\u00edrito Santo.<\/p>\n","protected":false},"excerpt":{"rendered":"<p>Dom Caetano Ferrari Diocese de Bauru (SP) Posso dizer que como crist\u00e3os, n\u00f3s temos muito amor \u00e0 Palavra de Deus, \u00e0 B\u00edblia Sagrada, \u00e0s Divinas Escrituras, como queiramos chamar este que \u00e9 o livro traduzido em todas as l\u00ednguas e o mais divulgado em todo o mundo. A Igreja estabeleceu setembro como o m\u00eas preferencial &hellip;<\/p>\n<p class=\"read-more\"> <a class=\"\" href=\"https:\/\/www.cnbb.org.br\/correcao-fraterna-2\/\"> <span class=\"screen-reader-text\">Corre\u00e7\u00e3o Fraterna<\/span> Leia mais &raquo;<\/a><\/p>\n","protected":false},"author":30,"featured_media":0,"comment_status":"closed","ping_status":"open","sticky":false,"template":"","format":"standard","meta":{"site-sidebar-layout":"default","site-content-layout":"default","ast-global-header-display":"","ast-banner-title-visibility":"","ast-main-header-display":"","ast-hfb-above-header-display":"","ast-hfb-below-header-display":"","ast-hfb-mobile-header-display":"","site-post-title":"","ast-breadcrumbs-content":"","ast-featured-img":"","footer-sml-layout":"","theme-transparent-header-meta":"","adv-header-id-meta":"","stick-header-meta":"","header-above-stick-meta":"","header-main-stick-meta":"","header-below-stick-meta":""},"categories":[758],"tags":[],"acf":[],"_links":{"self":[{"href":"https:\/\/www.cnbb.org.br\/cnbb-app\/wp\/v2\/posts\/7681"}],"collection":[{"href":"https:\/\/www.cnbb.org.br\/cnbb-app\/wp\/v2\/posts"}],"about":[{"href":"https:\/\/www.cnbb.org.br\/cnbb-app\/wp\/v2\/types\/post"}],"author":[{"embeddable":true,"href":"https:\/\/www.cnbb.org.br\/cnbb-app\/wp\/v2\/users\/30"}],"replies":[{"embeddable":true,"href":"https:\/\/www.cnbb.org.br\/cnbb-app\/wp\/v2\/comments?post=7681"}],"version-history":[{"count":0,"href":"https:\/\/www.cnbb.org.br\/cnbb-app\/wp\/v2\/posts\/7681\/revisions"}],"wp:attachment":[{"href":"https:\/\/www.cnbb.org.br\/cnbb-app\/wp\/v2\/media?parent=7681"}],"wp:term":[{"taxonomy":"category","embeddable":true,"href":"https:\/\/www.cnbb.org.br\/cnbb-app\/wp\/v2\/categories?post=7681"},{"taxonomy":"post_tag","embeddable":true,"href":"https:\/\/www.cnbb.org.br\/cnbb-app\/wp\/v2\/tags?post=7681"}],"curies":[{"name":"wp","href":"https:\/\/api.w.org\/{rel}","templated":true}]}}