{"id":7684,"date":"2017-09-10T00:00:00","date_gmt":"2017-09-10T03:00:00","guid":{"rendered":"https:\/\/www.cnbb.org.br\/amar-o-proximo\/"},"modified":"2017-09-10T00:00:00","modified_gmt":"2017-09-10T03:00:00","slug":"amar-o-proximo","status":"publish","type":"post","link":"https:\/\/www.cnbb.org.br\/amar-o-proximo\/","title":{"rendered":"Amar o pr\u00f3ximo"},"content":{"rendered":"<p style=\"text-align: right;\"><strong>Cardeal Orani Jo\u00e3o Tempesta<\/strong><br \/>\n<strong>Arcebispo Metropolitano de S\u00e3o Sebasti\u00e3o do Rio de Janeiro, RJ<\/strong><\/p>\n<p style=\"text-align: justify;\">A liturgia deste XXIII Domingo do tempo comum nos focaliza a realidade do perd\u00e3o e do amor: \u201cAmar\u00e1s a teu pr\u00f3ximo como a ti mesmo\u201d. O amor n\u00e3o faz nenhum mal contra o pr\u00f3ximo. Portanto, \u201co amor \u00e9 o cumprimento perfeito da Lei\u201d (Rm 13, 9c-10). Em todas as leituras deste Dia do Senhor, a Palavra de Deus vem insistir que somos respons\u00e1veis uns pelos outros e devemos ser um suporte para os fracos, indecisos, t\u00edbios, ap\u00e1ticos na f\u00e9 e no seguimento de Jesus.<\/p>\n<p style=\"text-align: justify;\">A primeira leitura Ez 33,7-9 \u2013 A miss\u00e3o do profeta Ezequiel \u00e9 a miss\u00e3o de cada um de n\u00f3s: Vigiar e zelar pela vida e felicidade dos pr\u00f3prios irm\u00e3os! Somos respons\u00e1veis pela transmiss\u00e3o da Palavra de Deus junto a nossos irm\u00e3os. O profeta n\u00e3o somente \u00e9 o porta-voz de Deus, mas tamb\u00e9m uma sentinela para o povo. A sentinela era algu\u00e9m que estava de prontid\u00e3o, que permanecia acordado enquanto todos dormiam. Era algu\u00e9m que percebia a aproxima\u00e7\u00e3o de um inimigo ou de um viajante noturno aos port\u00f5es da aldeia. Esse simbolismo nos ajuda a ver nossa responsabilidade para com as pessoas com as quais convivemos em casa, no trabalho, na vizinhan\u00e7a, nos c\u00edrculos de amizade, na Igreja.<\/p>\n<p style=\"text-align: justify;\">A Segunda leitura Rm 13,8-10 \u2013 enuncia que os Mandamentos da Lei de Deus n\u00e3o s\u00e3o caprichos de Deus! S\u00e3o caminhos seguros de felicidade! Eles n\u00e3o escravizam; pelo contr\u00e1rio, libertam e conduzem para a salva\u00e7\u00e3o. O \u201camor n\u00e3o pratica o mal contra o pr\u00f3ximo\u201d e tamb\u00e9m n\u00e3o quer o mal para os outros. O fato de algu\u00e9m n\u00e3o fazer nenhum ato de maldade n\u00e3o significa que possa ficar confort\u00e1vel, dizendo a si mesmo: \u201cN\u00e3o roubei, n\u00e3o matei, logo sou bom para meu pr\u00f3ximo\u201d. Quem n\u00e3o pratica o mal, mas omite ou negligencia a responsabilidade pelo outro, n\u00e3o ama verdadeiramente o seu pr\u00f3ximo.<\/p>\n<p style=\"text-align: justify;\">No Evangelho Mt 18,15-20 \u2013 Jesus n\u00e3o veio para abolir as Leis e os Profetas; Ele veio para aperfei\u00e7oar as normas de Deus. As normas de Deus s\u00e3o sabedoria e caminhos seguros de salva\u00e7\u00e3o e de felicidade! Aqui nesta p\u00e1gina do Evangelho de hoje, Jesus ensina como corrigir um membro da comunidade. Primeiro, corrigi-lo a s\u00f3s. Se isso n\u00e3o adianta, \u00e9 necess\u00e1rio levar consigo uma ou duas testemunhas, conforme a Lei de Mois\u00e9s (Dt 19,15). Se isso n\u00e3o basta, deve-se apresentar o caso \u00e0 comunidade eclesial. E se, mesmo assim, o indiv\u00edduo n\u00e3o quer ouvir, seja expulso da comunidade, \u00e0 qual \u00e9 dado o poder de \u201cligar (obrigar) e desligar (deixar livre)\u201d (Mt 18,18). Pois quando dois ou tr\u00eas se reun\u00e9m em seu nome, Deus est\u00e1 no meio deles (18,19). Diz Jesus: \u201cSe teu irm\u00e3o pecar contra ti, vai corrigi-lo, mas em particular, a s\u00f3s contigo\u201d(Mt 18,15).Este primeiro momento demonstra o respeito e o amor para com o pr\u00f3ximo. Muitas vezes acontece que se espalha o erro da pessoa aos quatro ventos. Esta atitude n\u00e3o \u00e9 crist\u00e3! \u00c9 necess\u00e1rio rezar, pedindo as luzes do Esp\u00edrito Santo para saber quando se deve calar\u2026 quando se deve falar\u2026 e como falar\u2026<\/p>\n<p style=\"text-align: justify;\">O Evangelho deste domingo situa-se no contexto do \u201cserm\u00e3o sobre a comunidade\u201d, cujos textos s\u00e3o direcionados especificamente para orientar a vida na Igreja. E um tema muito precioso para o Evangelho de Mateus \u00e9 a corre\u00e7\u00e3o fraterna, essencial para o crescimento pessoal do crist\u00e3o na comunidade. O amor crist\u00e3o n\u00e3o \u00e9 simplesmente amizade ou simpatia humana, mas o fruto da presen\u00e7a do pr\u00f3prio Esp\u00edrito de Amor, o Esp\u00edrito Santo em n\u00f3s:\u00a0<em>\u201cO amor de Deus foi derramado nos nossos cora\u00e7\u00f5es pelo Esp\u00edrito que nos foi dado! \u201d<\/em> (Rm 5,5) \u00c9 desse amor que fala S\u00e3o Paulo no cap\u00edtulo 13 da Primeira Carta aos Cor\u00edntios; \u00e9 esse amor que\u00a0<em>\u201ccobre uma multid\u00e3o de pecados\u201d <\/em>(Tg 5,20)<em>, <\/em>\u00e9 esse amor que \u00e9\u00a0<em>\u201ca plenitude da Lei\u201d<\/em>. S\u00f3 ama assim quem se abre para o amor de Cristo, deixando-se guiar e impregnar pelo seu Esp\u00edrito de amor! A Igreja deve ser o ambiente impregnado desse amor, mais forte que nossas diferen\u00e7as de temperamento, de opini\u00f5es, de modo de agir\u2026 \u201cOnde est\u00e1 o amor, a caridade, Deus a\u00ed est\u00e1\u201d; onde o amor reina, o Reino de Deus est\u00e1 presente neste mundo! A Igreja deve ser o lugar do amor, lugar do Reino!<\/p>\n<p style=\"text-align: justify;\">\u00c9 nesss\u00e1rio saber que a corre\u00e7\u00e3o \u00e9 um modo de amar, \u00e9 um modo de preocupar-se com o outro e com a Comunidade que \u00e9 ferida pelo pecado e o mau exemplo. A corre\u00e7\u00e3o pode salvar o irm\u00e3o. Quantos esc\u00e2ndalos nas nossas Comunidades poderiam ter sido evitados se houvera a corre\u00e7\u00e3o no momento oportuno e do modo discreto e sincero que Jesus nos recomenda.<\/p>\n<p style=\"text-align: justify;\">Somos convidados a encarnar a Palavra de Deus em nossa vida. Sendo assim, olhando para a liturgia deste domingo, o Senhor nos chama a praticar o amor e a corre\u00e7\u00e3o fraterna. Acolher com amor e no amor. Nossa maior preo\u00adcupa\u00e7\u00e3o dever\u00e1 ser de caridade fraterna para conduzir os irm\u00e3os que se distanciaram de volta \u00e0 comunh\u00e3o com Deus expressa na comunidade crente. Se fizermos isso, certamente a Igreja desempenhar\u00e1 bem seu papel de media\u00e7\u00e3o da boa-nova de Jesus Cristo.<\/p>\n<p>&nbsp;<\/p>\n","protected":false},"excerpt":{"rendered":"<p>Cardeal Orani Jo\u00e3o Tempesta Arcebispo Metropolitano de S\u00e3o Sebasti\u00e3o do Rio de Janeiro, RJ A liturgia deste XXIII Domingo do tempo comum nos focaliza a realidade do perd\u00e3o e do amor: \u201cAmar\u00e1s a teu pr\u00f3ximo como a ti mesmo\u201d. O amor n\u00e3o faz nenhum mal contra o pr\u00f3ximo. Portanto, \u201co amor \u00e9 o cumprimento perfeito &hellip;<\/p>\n<p class=\"read-more\"> <a class=\"\" href=\"https:\/\/www.cnbb.org.br\/amar-o-proximo\/\"> <span class=\"screen-reader-text\">Amar o pr\u00f3ximo<\/span> Leia mais &raquo;<\/a><\/p>\n","protected":false},"author":31,"featured_media":0,"comment_status":"closed","ping_status":"open","sticky":false,"template":"","format":"standard","meta":{"site-sidebar-layout":"default","site-content-layout":"default","ast-global-header-display":"","ast-banner-title-visibility":"","ast-main-header-display":"","ast-hfb-above-header-display":"","ast-hfb-below-header-display":"","ast-hfb-mobile-header-display":"","site-post-title":"","ast-breadcrumbs-content":"","ast-featured-img":"","footer-sml-layout":"","theme-transparent-header-meta":"","adv-header-id-meta":"","stick-header-meta":"","header-above-stick-meta":"","header-main-stick-meta":"","header-below-stick-meta":""},"categories":[758],"tags":[],"acf":[],"_links":{"self":[{"href":"https:\/\/www.cnbb.org.br\/cnbb-app\/wp\/v2\/posts\/7684"}],"collection":[{"href":"https:\/\/www.cnbb.org.br\/cnbb-app\/wp\/v2\/posts"}],"about":[{"href":"https:\/\/www.cnbb.org.br\/cnbb-app\/wp\/v2\/types\/post"}],"author":[{"embeddable":true,"href":"https:\/\/www.cnbb.org.br\/cnbb-app\/wp\/v2\/users\/31"}],"replies":[{"embeddable":true,"href":"https:\/\/www.cnbb.org.br\/cnbb-app\/wp\/v2\/comments?post=7684"}],"version-history":[{"count":0,"href":"https:\/\/www.cnbb.org.br\/cnbb-app\/wp\/v2\/posts\/7684\/revisions"}],"wp:attachment":[{"href":"https:\/\/www.cnbb.org.br\/cnbb-app\/wp\/v2\/media?parent=7684"}],"wp:term":[{"taxonomy":"category","embeddable":true,"href":"https:\/\/www.cnbb.org.br\/cnbb-app\/wp\/v2\/categories?post=7684"},{"taxonomy":"post_tag","embeddable":true,"href":"https:\/\/www.cnbb.org.br\/cnbb-app\/wp\/v2\/tags?post=7684"}],"curies":[{"name":"wp","href":"https:\/\/api.w.org\/{rel}","templated":true}]}}