{"id":7685,"date":"2017-09-10T00:00:00","date_gmt":"2017-09-10T03:00:00","guid":{"rendered":"https:\/\/www.cnbb.org.br\/a-missao-do-bispo\/"},"modified":"2017-09-10T00:00:00","modified_gmt":"2017-09-10T03:00:00","slug":"a-missao-do-bispo","status":"publish","type":"post","link":"https:\/\/www.cnbb.org.br\/a-missao-do-bispo\/","title":{"rendered":"A miss\u00e3o do Bispo"},"content":{"rendered":"<p style=\"text-align: right;\"><strong>Cardeal Orani Jo\u00e3o Tempesta<br \/>\n<\/strong><strong>Arcebispo Metropolitano de S\u00e3o Sebasti\u00e3o do Rio de Janeiro, RJ<\/strong><\/p>\n<p style=\"text-align: justify;\">A nossa Arquidiocese recebe mais um Bispo Auxiliar que est\u00e1 sendo ordenado neste final de semana em Cachoeiro de Itapemirim, no Espirito Santo. \u00c9 uma boa ocasi\u00e3o para refletir, ainda que de modo breve, sobre a import\u00e2ncia do Bispo na Igreja, como sinal de unidade e exemplo de servi\u00e7o ao Povo de Deus a ele confiado. Faz parte da miss\u00e3o que temos em aprofundar e esclarecer catequeticamente aqueles com quem nos relacionamos na miss\u00e3o pastoral. Atenho-me para isso ao <em>Catecismo da Igreja Cat\u00f3lica<\/em> e a textos seletos dos Padres (no sentido de pais da f\u00e9) da Igreja. Creio que uma leitura direta da fonte muito ajudar\u00e1 e melhor entender, no campo da f\u00e9, a fun\u00e7\u00e3o de um Bispo na Igreja, seja ele auxiliar ou diocesano, ainda que cada um tenha, na pr\u00e1tica, fun\u00e7\u00f5es can\u00f4nicas diferenciadas.<\/p>\n<p style=\"text-align: justify;\">Lemos no par\u00e1grafo 861 do <em>Catecismo da Igreja Cat\u00f3lica<\/em> a prop\u00f3sito dos Ap\u00f3stolos: \u201cPara que a miss\u00e3o que lhes fora confiada pudesse ser continuada depois da sua morte, os Ap\u00f3stolos, como que por testamento, mandaram os seus cooperadores imediatos para levarem a cabo a sua tarefa e consolidarem a obra por eles come\u00e7ada, encomendando-lhes a guarda do rebanho em que o Esp\u00edrito Santo os tinha institu\u00eddo para apascentar a Igreja de Deus. Assim, institu\u00edram homens nestas condi\u00e7\u00f5es e tudo dispuseram para que, ap\u00f3s a sua morte, outros homens provados tomassem conta do seu minist\u00e9rio\u201d (<em>Lumen Gentium<\/em> 20, citando S\u00e3o Clemente de Roma <em>in<\/em> Cor 42,44).<\/p>\n<p style=\"text-align: justify;\">E continua o mesmo Catecismo a dizer, no n. 862, que \u201cDo mesmo modo que o encargo confiado pelo Senhor singularmente a Pedro, o primeiro dos Ap\u00f3stolos, e destinado a ser transmitido aos seus sucessores, \u00e9 um m\u00fanus permanente, assim tamb\u00e9m \u00e9 permanente o m\u00fanus confiado aos Ap\u00f3stolos de serem pastores da Igreja, m\u00fanus cuja perenidade a ordem sagrada dos bispos deve garantir\u201d. Por isso, a Igreja ensina que, \u201cem virtude da sua institui\u00e7\u00e3o divina, os bispos sucedem aos Ap\u00f3stolos como pastores da Igreja, de modo que quem os ouve, ouve a Cristo e quem os despreza, despreza a Cristo e Aquele que enviou Cristo\u201d (<em>Lumen Gentium<\/em> 20).<\/p>\n<p style=\"text-align: justify;\">A\u00ed est\u00e1 expresso, em suma, tudo aquilo que a Igreja expressa a respeito do Bispo enquanto leg\u00edtimo sucessor dos Ap\u00f3stolos e sinal da unidade em uma Igreja Particular. Embora com a colabora\u00e7\u00e3o de todos os homens e mulheres no santo Batismo, \u00e9 em torno do Bispo que a Igreja particular vive porque ele \u00e9 chamado a bem servir a cada um, inclusive aos n\u00e3o cat\u00f3licos, na caridade.<\/p>\n<p style=\"text-align: justify;\">Da\u00ed, escrever Santo In\u00e1cio de Antioquia, falecido no ano 107, o que segue: \u201cSegui ao bispo, v\u00f3s todos, como Jesus Cristo ao Pai. Segui ao presb\u00edtero como aos ap\u00f3stolos. Respeitai os di\u00e1conos como ao preceito de Deus. Ningu\u00e9m ouse fazer sem o bispo coisa alguma concernente \u00e0 Igreja. Como v\u00e1lida s\u00f3 se tenha a eucaristia celebrada sob a presid\u00eancia do bispo ou de um delegado seu. A comunidade se re\u00fane onde estiver o bispo e onde est\u00e1 Jesus Cristo est\u00e1 a Igreja cat\u00f3lica. Sem a uni\u00e3o do bispo n\u00e3o \u00e9 l\u00edcito batizar nem celebrar a eucaristia; s\u00f3 o que tiver a sua aprova\u00e7\u00e3o ser\u00e1 do agrado de Deus e assim ser\u00e1 firme e seguro o que fizerdes\u201d (Cirilo Folch Gomes, OSB. <em>Antologia dos Santos Padres<\/em>. S\u00e3o Paulo: Paulinas, 1979, p. 43-44).<\/p>\n<p style=\"text-align: justify;\">Tamb\u00e9m no combate \u00e0 heresia gn\u00f3stica, Santo Ireneu (\u2020 202) dizia: \u201cOra, todos esses hereges s\u00e3o de muito posteriores aos bispos, aos quais os Ap\u00f3stolos entregaram as Igrejas [particulares]&#8230; Necessariamente, pois, tais hereges, cegos para a verdade, mudam sempre de dire\u00e7\u00e3o e disseminam as doutrinas de modo discordante e incoerente. Ao contr\u00e1rio, o caminho dos que pertencem \u00e0 Igreja cerca o universo inteiro e, possuindo a firme tradi\u00e7\u00e3o dos ap\u00f3stolos, faz-nos ver que todos possu\u00edmos a mesma f\u00e9\u201d (<em>Contra as Heresias apud <\/em>Felipe Aquino. <em>Igreja Apost\u00f3lica<\/em> no site <a href=\"http:\/\/www.divinoespiritosanto.org\/igreja_catolica_apostolica.htm\" target=\"_blank\" rel=\"noopener\">http:\/\/www.divinoespiritosanto.org\/igreja_catolica_apostolica.htm<\/a>).<\/p>\n<p style=\"text-align: justify;\">O mesmo Santo Padre da Igreja demostra a import\u00e2ncia da sucess\u00e3o apost\u00f3lica por meio das seguintes palavras: \u201cFoi inicialmente na Jud\u00e9ia que [os ap\u00f3stolos] estabeleceram a f\u00e9 em Jesus Cristo e fundaram igrejas, partindo em seguida para o mundo inteiro a fim de anunciarem a mesma doutrina e a mesma f\u00e9. Em todas as cidades iam fundando Igrejas das quais, desde esse momento, as outras receberam o enxerto da f\u00e9, a semente da doutrina, e ainda recebem cada dia para serem igrejas. \u00c9 por isso mesmo que sejam consideradas como apost\u00f3licas, na medida em que forem rebentos das igreja apost\u00f3licas. \u00c9 necess\u00e1rio que tudo se caracterize segundo a sua origem. Assim, essas igrejas, por numerosas e grandes que pare\u00e7am, n\u00e3o s\u00e3o outra coisa que n\u00e3o a primitiva Igreja apost\u00f3lica da qual procedem. S\u00e3o todas primitivas, s\u00e3o todas apost\u00f3licas e TODAS UMA S\u00d3. Para atestarem a sua unidade, comunicam-se reciprocamente na paz, trocam entre si o nome de irm\u00e3s, prestam-se mutuamente os deveres da hospitalidade&#8230; Desde o momento em que Jesus Cristo, nosso Senhor, enviou os ap\u00f3stolos para pregarem, n\u00e3o se podem acolher outros pregadores sen\u00e3o os que Cristo instituiu. Pois ningu\u00e9m conhece o Pai sen\u00e3o o Filho e aquele a quem o Filho tiver revelado.\u201d (<em>idem<\/em>).<\/p>\n<p style=\"text-align: justify;\">Santo Hip\u00f3lito de Roma (160-235), m\u00e1rtir e autor de belos textos\u00a0lit\u00fargicos nos deixou a seguinte preciosidade: \u201cSeja ordenado bispo quem for irrepreens\u00edvel e tiver sido eleito por todo o povo. Uma vez designado e aceito por todos, re\u00fana-se o povo juntamente com o presbit\u00e9rio e os bispos presentes, no domingo. Com o consentimento de todos, imponham os bispos sobre ele as m\u00e3os, permanecendo im\u00f3vel o presb\u00edtero. Mantenham-se todos em sil\u00eancio, orando em seu cora\u00e7\u00e3o pela descida do Esp\u00edrito. A seguir, um dos bispos presentes, instado por todos, impondo a m\u00e3o sobre o que \u00e9 ordenado bispo, reze dizendo: Deus Pai de Nosso Senhor Jesus Cristo, Pai das miseric\u00f3rdias e Deus de toda a consola\u00e7\u00e3o, que habitas as alturas e baixas o olhar para o que \u00e9 humilde, tu, que conheces todas as coisas antes de nascerem, tu que destes as leis da tua Igreja pela palavra da tua gra\u00e7a, elegendo desde o princ\u00edpio a ra\u00e7a dos justos de Abra\u00e3o, constituindo os chefes e os sacerdotes; tu, que n\u00e3o deixaste sem administra\u00e7\u00e3o o teu santu\u00e1rio; tu, que desde o in\u00edcio dos s\u00e9culos te aprouveste em ser glorificado neste que escolheste, derrama agora a for\u00e7a que vem de ti, o Esp\u00edrito de governo que deste a teu Filho querido, Jesus Cristo, e que Ele concedeu aos santos ap\u00f3stolos, os quais constitu\u00edram por toda parte a tua Igreja, teu Templo, para gl\u00f3ria e louvor perp\u00e9tuo do teu nome. Pai, que conheces os cora\u00e7\u00f5es, concede a este servo que escolheste para o episcopado, apascentar o teu santo rebanho e desempenhar irrepreensivelmente diante de ti o primado do sacerd\u00f3cio, servindo-te noite e dia. Concede-lhe tornar incessantemente prop\u00edcia a tua face, oferecer as obla\u00e7\u00f5es da tua santa Igreja e, com o esp\u00edrito do sacerd\u00f3cio superior, ter a faculdade de perdoar os pecados segundo a tua ordem, distribuir os cargos segundo o teu preceito; dissolver quaisquer la\u00e7os, segundo o poder que deste aos ap\u00f3stolos, ser do teu agrado pela ternura e pureza de cora\u00e7\u00e3o, oferecendo-te um perfume agrad\u00e1vel, por teu Filho Jesus Cristo, pelo qual a ti a gl\u00f3ria, o poder e a honra, ao Pai e ao Filho, com o Esp\u00edrito Santo na santa Igreja, agora e pelos s\u00e9culos dos s\u00e9culos. Am\u00e9m\u201d (Cirilo Folch Gomes, OSB. <em>Antologia dos Santos Padres<\/em>. S\u00e3o Paulo: Paulinas, 1979, p. 172-173).<\/p>\n<p style=\"text-align: justify;\">Os Bispos para serem considerados leg\u00edtimos sucessores dos Ap\u00f3stolos devem ser \u2013 de modo v\u00e1lido e l\u00edcito \u2013 ordenados (fora da cidade de Roma) pela imposi\u00e7\u00e3o das m\u00e3os de um sagrante principal e de mais alguns Bispos, como sinal da colegialidade apost\u00f3lica, e estar em plena comunh\u00e3o com toda a Igreja, em uni\u00e3o com o Papa e com os demais Bispos no que diz respeito \u00e0 f\u00e9, \u00e0 liturgia e \u00e0 pastoral, no que esta tem de essencial. No acidental, h\u00e1 diferentes orienta\u00e7\u00f5es em cada regi\u00e3o ou pa\u00eds.<\/p>\n<p style=\"text-align: justify;\">No entanto h\u00e1 diferen\u00e7as entre um Bispo e um Ap\u00f3stolo do Col\u00e9gio dos 12 que estiveram com o Senhor Jesus. Os te\u00f3logos apontam as seguintes distin\u00e7\u00f5es: 1) os Bispos n\u00e3o s\u00e3o testemunhas diretas da ressurrei\u00e7\u00e3o de Cristo, mas a testemunham, de modo indireto, pela f\u00e9 da Igreja; 2) N\u00e3o podem, como os Ap\u00f3stolos estabelecer tradi\u00e7\u00e3o normativa de f\u00e9, mas devem seguir a grande Tradi\u00e7\u00e3o bimilenar da Igreja; 3) os Bispos, salvo o de Roma pela fun\u00e7\u00e3o exercida, n\u00e3o t\u00eam o carisma da infalibilidade nem a jurisdi\u00e7\u00e3o, de fato e de direito, sobre a Igreja inteira. Cada qual se limita \u00e0 sua diocese. O poder infal\u00edvel dos Bispos s\u00f3 se d\u00e1, portanto, enquanto col\u00e9gio apost\u00f3lico, em mat\u00e9ria de f\u00e9 e moral, reunidos em Conc\u00edlio com anu\u00eancia do Papa e 4) \u00c0 exce\u00e7\u00e3o do Papa, um Bispo n\u00e3o sucede a um Ap\u00f3stolo em espec\u00edfico. A sucess\u00e3o se d\u00e1 do Col\u00e9gio dos Ap\u00f3stolos para O Col\u00e9gio dos Bispos, de grupo para grupo (cf. Est\u00eav\u00e3o Bettencourt, OSB. <em>Curso de Eclesiologia<\/em>. Rio de Janeiro: Mater Ecclesiae, 1996, p. 139-140).<\/p>\n<p style=\"text-align: justify;\">Portanto, Bispo \u00e9 Bispo, seja ele auxiliar ou diocesano. O que muda \u00e9 a fun\u00e7\u00e3o no como o minist\u00e9rio episcopal \u00e9 exercido. Enquanto o diocesano tem responsabilidade diretiva no servi\u00e7o ao Povo de Deus a ele confiado, o auxiliar o ajuda nesse servi\u00e7o em plena, fiel e irrestrita comunh\u00e3o com ele. Deve-lhe colabora\u00e7\u00e3o no trabalho exercido: a distin\u00e7\u00e3o can\u00f4nica apenas divide fun\u00e7\u00f5es, mas n\u00e3o regula a sucess\u00e3o apost\u00f3lica, que \u00e9 de f\u00e9.<\/p>\n<p style=\"text-align: justify;\">Acolhamos como verdadeiro sucessor dos Ap\u00f3stolos nosso Bispo Auxiliar, Dom Juarez Delorto Secco, que v\u00eam para trabalhar nesta vinha do Senhor que \u00e9 a nossa querida Arquidiocese do Rio de Janeiro que tem a miss\u00e3o nessa grande e especial cidade. Este Arcebispo e o Povo de Deus acolhe de cora\u00e7\u00e3o e de bra\u00e7os abertos o novo auxiliar. Seja bem vindo! Ao agradecermos, no dia 7 de Outubro, as 8:30 da manh\u00e3, o nosso Ano Mariano, n\u00f3s tamb\u00e9m o receberemos solenemente em nossa Catedral Metropolitana.<\/p>\n<p style=\"text-align: justify;\">Deus nos aben\u00e7oe e nos leve \u00e0 meta almejada!<\/p>\n<p style=\"text-align: justify;\"><strong>\u00a0<\/strong><\/p>\n","protected":false},"excerpt":{"rendered":"<p>Cardeal Orani Jo\u00e3o Tempesta Arcebispo Metropolitano de S\u00e3o Sebasti\u00e3o do Rio de Janeiro, RJ A nossa Arquidiocese recebe mais um Bispo Auxiliar que est\u00e1 sendo ordenado neste final de semana em Cachoeiro de Itapemirim, no Espirito Santo. \u00c9 uma boa ocasi\u00e3o para refletir, ainda que de modo breve, sobre a import\u00e2ncia do Bispo na Igreja, &hellip;<\/p>\n<p class=\"read-more\"> <a class=\"\" href=\"https:\/\/www.cnbb.org.br\/a-missao-do-bispo\/\"> <span class=\"screen-reader-text\">A miss\u00e3o do Bispo<\/span> Leia mais &raquo;<\/a><\/p>\n","protected":false},"author":31,"featured_media":0,"comment_status":"closed","ping_status":"open","sticky":false,"template":"","format":"standard","meta":{"site-sidebar-layout":"default","site-content-layout":"default","ast-global-header-display":"","ast-banner-title-visibility":"","ast-main-header-display":"","ast-hfb-above-header-display":"","ast-hfb-below-header-display":"","ast-hfb-mobile-header-display":"","site-post-title":"","ast-breadcrumbs-content":"","ast-featured-img":"","footer-sml-layout":"","theme-transparent-header-meta":"","adv-header-id-meta":"","stick-header-meta":"","header-above-stick-meta":"","header-main-stick-meta":"","header-below-stick-meta":""},"categories":[758],"tags":[],"acf":[],"_links":{"self":[{"href":"https:\/\/www.cnbb.org.br\/cnbb-app\/wp\/v2\/posts\/7685"}],"collection":[{"href":"https:\/\/www.cnbb.org.br\/cnbb-app\/wp\/v2\/posts"}],"about":[{"href":"https:\/\/www.cnbb.org.br\/cnbb-app\/wp\/v2\/types\/post"}],"author":[{"embeddable":true,"href":"https:\/\/www.cnbb.org.br\/cnbb-app\/wp\/v2\/users\/31"}],"replies":[{"embeddable":true,"href":"https:\/\/www.cnbb.org.br\/cnbb-app\/wp\/v2\/comments?post=7685"}],"version-history":[{"count":0,"href":"https:\/\/www.cnbb.org.br\/cnbb-app\/wp\/v2\/posts\/7685\/revisions"}],"wp:attachment":[{"href":"https:\/\/www.cnbb.org.br\/cnbb-app\/wp\/v2\/media?parent=7685"}],"wp:term":[{"taxonomy":"category","embeddable":true,"href":"https:\/\/www.cnbb.org.br\/cnbb-app\/wp\/v2\/categories?post=7685"},{"taxonomy":"post_tag","embeddable":true,"href":"https:\/\/www.cnbb.org.br\/cnbb-app\/wp\/v2\/tags?post=7685"}],"curies":[{"name":"wp","href":"https:\/\/api.w.org\/{rel}","templated":true}]}}