{"id":773354,"date":"2021-08-24T13:20:12","date_gmt":"2021-08-24T16:20:12","guid":{"rendered":"https:\/\/www.cnbb.org.br\/?p=773354"},"modified":"2021-08-24T13:24:25","modified_gmt":"2021-08-24T16:24:25","slug":"dom-ionilton-em-mensagem-as-leigas-e-leigos-contamos-muito-com-sua-presenca-e-atuacao","status":"publish","type":"post","link":"https:\/\/www.cnbb.org.br\/dom-ionilton-em-mensagem-as-leigas-e-leigos-contamos-muito-com-sua-presenca-e-atuacao\/","title":{"rendered":"Dom Ionilton em mensagem \u00e0s leigas e leigos: \u201cContamos muito com sua presen\u00e7a e atua\u00e7\u00e3o\u201d"},"content":{"rendered":"<p style=\"font-weight: 400; text-align: justify;\">Dom Jos\u00e9 Ionilton Lisboa de Oliveira, bispo da prelazia de Itacoatiara e referencial do laicato no regional Norte 1 da CNBB, enviou atrav\u00e9s de um v\u00eddeo uma mensagem aos leigos e leigas, por motivo do quarto domingo do m\u00eas de agosto, que inicia a Semana da Voca\u00e7\u00e3o Laical.<\/p>\n<p style=\"font-weight: 400; text-align: justify;\">Sua mensagem se centrou no\u00a0Documento de Aparecida\u00a0e\u00a0Querida Amaz\u00f4nia, colocando alguns elementos importantes na vida do laicato. Citando o n\u00famero 209 do Documento de Aparecida, disse que \u201cos fi\u00e9is leigos s\u00e3o \u2018os crist\u00e3os que est\u00e3o incorporados a Cristo pelo batismo, que formam o povo de Deus e participam das fun\u00e7\u00f5es de Cristo:\u00a0sacerdote, profeta e rei\u2019\u201d, e junto com isso, tendo como refer\u00eancia o n\u00famero 210, disse que \u201csua miss\u00e3o pr\u00f3pria e espec\u00edfica se realiza no\u00a0mundo, de tal modo que, com seu testemunho e sua atividade, contribuam para a\u00a0transforma\u00e7\u00e3o das realidades\u00a0e para a cria\u00e7\u00e3o de\u00a0estruturas justas\u00a0segundo os crit\u00e9rios do Evangelho\u201d.<\/p>\n<p style=\"font-weight: 400; text-align: justify;\">Seguindo o n\u00famero 211 de Aparecida, o bispo referencial do laicato no regional Norte 1 lembrou que \u201cos leigos tamb\u00e9m s\u00e3o chamados a participar na a\u00e7\u00e3o pastoral da Igreja, primeiro com o testemunho de vida e, em segundo lugar, com a\u00e7\u00f5es no campo da evangeliza\u00e7\u00e3o\u201d. Finalmente, dom Ionilton lembrou que a V Conferencia Geral do Episcopado Latinoamericano nos diz no n\u00famero 212 do seu documento conclusivo que \u201cpara cumprir sua miss\u00e3o com responsabilidade pessoal, os leigos necessitam de s\u00f3lida forma\u00e7\u00e3o doutrinal, pastoral, espiritual e adequado acompanhamento para darem testemunho de Cristo e dos valores do Reino no \u00e2mbito da vida social, econ\u00f4mica, pol\u00edtica e cultural\u201d.<\/p>\n<p style=\"font-weight: 400; text-align: justify;\">O papel do laicato tamb\u00e9m \u00e9 destacado na Querida Amaz\u00f4nia. Na Exorta\u00e7\u00e3o P\u00f3s Sinodal do S\u00ednodo para a Amaz\u00f4nia, no n\u00famero 94, \u201co Papa Francisco fala da presen\u00e7a est\u00e1vel de respons\u00e1veis leigos, maduros e dotados de autoridade, e depois diz que \u00e9 necess\u00e1rio se permitir o desenvolvimento de uma\u00a0cultura eclesial pr\u00f3pria, marcadamente laical e de um incisivo protagonismo dos leigos\u201d, segundo o bispo da Prelazia de Itacoatiara.<\/p>\n<p style=\"font-weight: 400; text-align: justify;\">O bispo referencial do laicato no regional Norte 1 da encerrou sua mensagem parabenizando as leigas e leigos, insistindo em que \u201ccontamos muito com sua presen\u00e7a e atua\u00e7\u00e3o\u201d, e junto com isso que \u201cagradecemos muito a Deus sua vida, sua voca\u00e7\u00e3o e sua miss\u00e3o, especialmente aqui no nosso regional\u201d.<\/p>\n<p>Confira o v\u00eddeo na \u00edntegra:<\/p>\n<!--[if lt IE 9]><script>document.createElement('video');<\/script><![endif]-->\n\t<div class=\"wp-playlist wp-video-playlist wp-playlist-light\">\n\t\t<video controls=\"controls\" preload=\"none\" width=\"640\"\n\t\t height=\"480\"\t><\/video>\n\t<div class=\"wp-playlist-next\"><\/div>\n\t<div class=\"wp-playlist-prev\"><\/div>\n\t<noscript>\n\t<ol>\n\t\t<li><a href='https:\/\/www.cnbb.org.br\/wp-content\/uploads\/2021\/08\/WhatsApp-Video-2021-08-23-at-17.54.34.mp4'>Dom Ionilton<\/a><\/li>\t<\/ol>\n\t<\/noscript>\n\t<script type=\"application\/json\" class=\"wp-playlist-script\">{\"type\":\"video\",\"tracklist\":true,\"tracknumbers\":true,\"images\":true,\"artists\":true,\"tracks\":[{\"src\":\"https:\\\/\\\/www.cnbb.org.br\\\/wp-content\\\/uploads\\\/2021\\\/08\\\/WhatsApp-Video-2021-08-23-at-17.54.34.mp4\",\"type\":\"video\\\/mp4\",\"title\":\"Dom Ionilton\",\"caption\":\"\",\"description\":\"\",\"meta\":{\"length_formatted\":\"2:08\"},\"dimensions\":{\"original\":{\"width\":640,\"height\":480},\"resized\":{\"width\":640,\"height\":480}},\"image\":{\"src\":\"https:\\\/\\\/www.cnbb.org.br\\\/wp-includes\\\/images\\\/media\\\/video.png\",\"width\":48,\"height\":64},\"thumb\":{\"src\":\"https:\\\/\\\/www.cnbb.org.br\\\/wp-includes\\\/images\\\/media\\\/video.png\",\"width\":48,\"height\":64}}]}<\/script>\n<\/div>\n\t\n<p>&nbsp;<\/p>\n<p>&nbsp;<\/p>\n<pre>Foto de Capa: Sheriyates\/Pixabay<\/pre>\n<p>&nbsp;<\/p>\n","protected":false},"excerpt":{"rendered":"<p>Dom Jos\u00e9 Ionilton Lisboa de Oliveira, bispo da prelazia de Itacoatiara e referencial do laicato no regional Norte 1 da CNBB, enviou atrav\u00e9s de um v\u00eddeo uma mensagem aos leigos e leigas, por motivo do quarto domingo do m\u00eas de agosto, que inicia a Semana da Voca\u00e7\u00e3o Laical<\/p>\n","protected":false},"author":83,"featured_media":774054,"comment_status":"open","ping_status":"open","sticky":false,"template":"","format":"standard","meta":{"site-sidebar-layout":"default","site-content-layout":"default","ast-global-header-display":"","ast-banner-title-visibility":"","ast-main-header-display":"","ast-hfb-above-header-display":"","ast-hfb-below-header-display":"","ast-hfb-mobile-header-display":"","site-post-title":"","ast-breadcrumbs-content":"","ast-featured-img":"","footer-sml-layout":"","theme-transparent-header-meta":"default","adv-header-id-meta":"","stick-header-meta":"","header-above-stick-meta":"","header-main-stick-meta":"","header-below-stick-meta":""},"categories":[50,836],"tags":[3894,2358,3893],"acf":[],"_links":{"self":[{"href":"https:\/\/www.cnbb.org.br\/cnbb-app\/wp\/v2\/posts\/773354"}],"collection":[{"href":"https:\/\/www.cnbb.org.br\/cnbb-app\/wp\/v2\/posts"}],"about":[{"href":"https:\/\/www.cnbb.org.br\/cnbb-app\/wp\/v2\/types\/post"}],"author":[{"embeddable":true,"href":"https:\/\/www.cnbb.org.br\/cnbb-app\/wp\/v2\/users\/83"}],"replies":[{"embeddable":true,"href":"https:\/\/www.cnbb.org.br\/cnbb-app\/wp\/v2\/comments?post=773354"}],"version-history":[{"count":0,"href":"https:\/\/www.cnbb.org.br\/cnbb-app\/wp\/v2\/posts\/773354\/revisions"}],"wp:featuredmedia":[{"embeddable":true,"href":"https:\/\/www.cnbb.org.br\/cnbb-app\/wp\/v2\/media\/774054"}],"wp:attachment":[{"href":"https:\/\/www.cnbb.org.br\/cnbb-app\/wp\/v2\/media?parent=773354"}],"wp:term":[{"taxonomy":"category","embeddable":true,"href":"https:\/\/www.cnbb.org.br\/cnbb-app\/wp\/v2\/categories?post=773354"},{"taxonomy":"post_tag","embeddable":true,"href":"https:\/\/www.cnbb.org.br\/cnbb-app\/wp\/v2\/tags?post=773354"}],"curies":[{"name":"wp","href":"https:\/\/api.w.org\/{rel}","templated":true}]}}