{"id":7759,"date":"2017-09-20T00:00:00","date_gmt":"2017-09-20T03:00:00","guid":{"rendered":"https:\/\/www.cnbb.org.br\/papa-francisco-anuncia-duas-novas-nomeacoes-na-manha-desta-quarta-feira-20\/"},"modified":"2017-09-20T00:00:00","modified_gmt":"2017-09-20T03:00:00","slug":"papa-francisco-anuncia-duas-novas-nomeacoes-na-manha-desta-quarta-feira-20","status":"publish","type":"post","link":"https:\/\/www.cnbb.org.br\/papa-francisco-anuncia-duas-novas-nomeacoes-na-manha-desta-quarta-feira-20\/","title":{"rendered":"Papa Francisco aceita ren\u00fancias e nomeia dois bispos na manh\u00e3 desta quarta-feira, 20"},"content":{"rendered":"<p style=\"text-align: justify;\">A Nunciatura Apost\u00f3lica no Brasil comunicou na manh\u00e3 desta quarta-feira, 20, a decis\u00e3o do papa Francisco em nomear dois novos bispos: um para a diocese de Sete Lagoas, em Minas Gerais e o outro para a prelazia de Borba, no Amazonas. As decis\u00f5es foram tomadas com base no pedido de ren\u00fancia, por motivo de idade, dos bispos dom Guilherme Porto e dom Eloi Roggia, respectivamente.<\/p>\n<p style=\"text-align: justify;\"><span style=\"color: #800000;\"><strong>Sete Lagoas (MG)<\/strong><\/span><\/p>\n<p style=\"text-align: justify;\">Quem assume a diocese de Sete Lagoas, em Minas Gerais \u00e9 o quinto bispo da diocese de Te\u00f3filo Otoni, dom Alo\u00edsio Jorge Pena Vitral <strong>(na foto, \u00e0 esquerda)<\/strong>. Nascido em 23 de abril de 1955, no Rio de Janeiro (RJ), dom Alo\u00edsio cursou Filosofia, de 1977 a 1979, em Brusque (SC) e Teologia, de 1980 a 1983 em Taubat\u00e9 (SP), concluindo o curso em 1985, na Pontif\u00edcia Universidade Cat\u00f3lica de Minas (PUC Minas).<\/p>\n<p style=\"text-align: justify;\">Foi ordenado sacerdote em janeiro de 1986, tomando posse na Par\u00f3quia de Santo Ant\u00f4nio, em Nova Lima (MG), onde permaneceu at\u00e9 1990. Assumiu a reitoria do Semin\u00e1rio de Filosofia Ema\u00fas da Arquidiocese de Belo Horizonte, de 1991 a 1992. No ano seguinte, em 1993, tomou posse como p\u00e1roco da Par\u00f3quia Santa Efig\u00eania dos Militares, onde permaneceu at\u00e9 outubro de 2005.<\/p>\n<p style=\"text-align: justify;\">Na par\u00f3quia criou a Esta\u00e7\u00e3o da Vida e desenvolveu um profundo trabalho de espiritualidade. Dom Alo\u00edsio foi tamb\u00e9m Formador Espiritual no Semin\u00e1rio Maior da Arquidiocese. Antes de ser nomeado bispo, era p\u00e1roco da Par\u00f3quia Nossa Senhora das Dores, em Belo Horizonte.<\/p>\n<p style=\"text-align: justify;\"><span style=\"color: #800000;\"><strong>Prelazia de Borba (AM)<\/strong><\/span><\/p>\n<p style=\"text-align: justify;\">Na prelazia de Borba, no Amazonas, quem assume \u00e9 o atual bispo coadjutor da prelazia, dom Zenildo Luiz Pereira da Silva <strong>(na foto, \u00e0 direita)<\/strong>. Natural de Linhares (ES), dom Zenildo nasceu em 06 de junho de 1968. \u00c9 membro da Congrega\u00e7\u00e3o do Sant\u00edssimo Redentor. Recebeu a ordena\u00e7\u00e3o presbiteral em 11 de agosto de 2001. Possui p\u00f3s-gradua\u00e7\u00e3o em Gest\u00e3o de Pessoas.<\/p>\n<p style=\"text-align: justify;\">Na trajet\u00f3ria sacerdotal, atuou como formador do Juniorato Redentorista, em Manaus. Foi p\u00e1roco na par\u00f3quia Nossa Senhora de Nazar\u00e9, em Manacapuru (AM), de 2001 a 2008, na par\u00f3quia Perp\u00e9tuo Socorro, de 2009 a 2011, em Educandos, Manaus, de 2008 a 2011.\u00a0 Tamb\u00e9m ocupou o cargo de vice provincial dos redentoristas de 2011 a 2014.\u00a0Foi nomeado como coadjutor da Prelazia de Borba em fevereiro de 2016.<\/p>\n","protected":false},"excerpt":{"rendered":"<p>Diocese de Sete Lagoas, em Minas Gerais e Prelazia de Borba, no Amazonas recebem novos bispos: dom Alo\u00edsio Jorge Pena Vitral e dom Zenildo Luiz Pereira da Silva, respectivamente<\/p>\n","protected":false},"author":83,"featured_media":7760,"comment_status":"closed","ping_status":"open","sticky":false,"template":"","format":"standard","meta":{"site-sidebar-layout":"default","site-content-layout":"default","ast-global-header-display":"","ast-banner-title-visibility":"","ast-main-header-display":"","ast-hfb-above-header-display":"","ast-hfb-below-header-display":"","ast-hfb-mobile-header-display":"","site-post-title":"","ast-breadcrumbs-content":"","ast-featured-img":"","footer-sml-layout":"","theme-transparent-header-meta":"","adv-header-id-meta":"","stick-header-meta":"","header-above-stick-meta":"","header-main-stick-meta":"","header-below-stick-meta":""},"categories":[798],"tags":[],"acf":[],"_links":{"self":[{"href":"https:\/\/www.cnbb.org.br\/cnbb-app\/wp\/v2\/posts\/7759"}],"collection":[{"href":"https:\/\/www.cnbb.org.br\/cnbb-app\/wp\/v2\/posts"}],"about":[{"href":"https:\/\/www.cnbb.org.br\/cnbb-app\/wp\/v2\/types\/post"}],"author":[{"embeddable":true,"href":"https:\/\/www.cnbb.org.br\/cnbb-app\/wp\/v2\/users\/83"}],"replies":[{"embeddable":true,"href":"https:\/\/www.cnbb.org.br\/cnbb-app\/wp\/v2\/comments?post=7759"}],"version-history":[{"count":0,"href":"https:\/\/www.cnbb.org.br\/cnbb-app\/wp\/v2\/posts\/7759\/revisions"}],"wp:featuredmedia":[{"embeddable":true,"href":"https:\/\/www.cnbb.org.br\/cnbb-app\/wp\/v2\/media\/7760"}],"wp:attachment":[{"href":"https:\/\/www.cnbb.org.br\/cnbb-app\/wp\/v2\/media?parent=7759"}],"wp:term":[{"taxonomy":"category","embeddable":true,"href":"https:\/\/www.cnbb.org.br\/cnbb-app\/wp\/v2\/categories?post=7759"},{"taxonomy":"post_tag","embeddable":true,"href":"https:\/\/www.cnbb.org.br\/cnbb-app\/wp\/v2\/tags?post=7759"}],"curies":[{"name":"wp","href":"https:\/\/api.w.org\/{rel}","templated":true}]}}