{"id":7762,"date":"2017-09-20T00:00:00","date_gmt":"2017-09-20T03:00:00","guid":{"rendered":"https:\/\/www.cnbb.org.br\/soberania-nacional-e-o-eixo-central-da-analise-de-conjuntura-apresentada-aos-bispos-consep\/"},"modified":"2017-09-20T00:00:00","modified_gmt":"2017-09-20T03:00:00","slug":"soberania-nacional-e-o-eixo-central-da-analise-de-conjuntura-apresentada-aos-bispos-consep","status":"publish","type":"post","link":"https:\/\/www.cnbb.org.br\/soberania-nacional-e-o-eixo-central-da-analise-de-conjuntura-apresentada-aos-bispos-consep\/","title":{"rendered":"Soberania nacional \u00e9 o eixo central da an\u00e1lise de conjuntura apresentada ao Consep"},"content":{"rendered":"<p style=\"text-align: justify;\">A primeira e a segunda se\u00e7\u00e3o da 5\u00aa reuni\u00e3o do ano do Conselho Episcopal Pastoral (Consep) da Confer\u00eancia Nacional dos Bispos do Brasil (CNBB) foram dedicadas \u00e0 defini\u00e7\u00e3o do lema, objetivos geral e espec\u00edficos da Campanha da Fraternidade 2019, cujo tema \u00e9 \u201cfraternidade e pol\u00edticas p\u00fablicas\u201d e ao aprofundamento da realidade brasileira mediante texto produzido por um grupo de trabalho para subsidiar a reflex\u00e3o dos participantes.<\/p>\n<p style=\"text-align: justify;\">A an\u00e1lise de conjuntura, apresentada pelo padre Thierry Linard, sj, tomou como eixo central a soberania nacional, categoria a partir da qual destacou que h\u00e1 um processo global no qual o neoliberalismo econ\u00f4mico dita a pol\u00edtica nos estados nacionais, submetendo-os \u00e0 l\u00f3gica de aprofundamento da desigualdade social, pondo fim a um padr\u00e3o de cidadania, conquistado por meio da mobiliza\u00e7\u00e3o social dos povos.<\/p>\n<p style=\"text-align: justify;\">Esse processo se traduz com o aumento de desemprego em toda a Am\u00e9rica Latina. Segundo a Comiss\u00e3o Econ\u00f4mica para a Am\u00e9rica Latina (Cepal), apesar de haver uma tend\u00eancia de crescimento econ\u00f4mico em toda a regi\u00e3o de 1,1% at\u00e9 o final de 2017, o desemprego tamb\u00e9m apresenta uma tend\u00eancia de alta, chegando h\u00e1 9,4%, num processo de alta desde 2014.<\/p>\n<p style=\"text-align: justify;\">No Brasil, est\u00e1 em curso, segundo a an\u00e1lise apresentada, um processo de desregulamenta\u00e7\u00e3o sem precedentes, em tr\u00eas esferas sociais garantidas pela Constitui\u00e7\u00e3o de 1988: a) rela\u00e7\u00f5es fundi\u00e1rias; b) rela\u00e7\u00f5es de trabalho e prote\u00e7\u00e3o social; e c) rela\u00e7\u00f5es financeiras.<\/p>\n<p style=\"text-align: justify;\">O padre chamou a aten\u00e7\u00e3o para o fato de que no Brasil, enquanto para o capital financeiro se constr\u00f3i um \u201cEstado M\u00e1ximo Protetor\u201d, para as rela\u00e7\u00f5es de trabalho social, a legisla\u00e7\u00e3o \u00b4j\u00e1 editada ou em vias de s\u00ea-lo&#8217;, prev\u00ea menos direitos. Um exemplo, segundo o religioso, s\u00e3o os cortes or\u00e7ament\u00e1rios, especialmente das \u00e1reas sociais. Dentre elas, o da seguridade social, congelado por 20 anos pela EC. 95\/2016.<\/p>\n<p style=\"text-align: justify;\">Os cortes or\u00e7ament\u00e1rios atingiram tamb\u00e9m a Funda\u00e7\u00e3o Nacional do Indio (Funai) e o Instituto Nacional de Coloniza\u00e7\u00e3o e Reforma Agr\u00e1ria (Incra), com a inten\u00e7\u00e3o clara de sucatear estas duas organiza\u00e7\u00f5es, \u201ccujas terras por elas geridas s\u00e3o avidamente cobi\u00e7adas pelos grileiros da linha auxiliar do agroneg\u00f3cio\u201d, diz o texto.<\/p>\n<p style=\"text-align: justify;\"><strong><span style=\"color: #800000;\">Renca e Marco Temporal<\/span><\/strong><br \/>\nA extin\u00e7\u00e3o do Reserva Nacional de Cobre e Associados (Renca) e o Marco Temporal foram citados como exemplos de ataques aos direitos de comunidades e povos tradicionais ind\u00edgenas e quilombolas e \u00e0 quest\u00e3o ambiental.<\/p>\n<p style=\"text-align: justify;\">O presidente da Comiss\u00e3o Episcopal para a A\u00e7\u00e3o Mission\u00e1ria e Coopera\u00e7\u00e3o Intereclesial, Dom Esmeraldo Barreto de Farias, bispo auxiliar de S\u00e3o do Maranh\u00e3o (MA) lembrou que a Repam produziu uma nota com base na nota da diocese de Macap\u00e1 (AP) com repercuss\u00e3o internacional com peso para fazer Governo Federal recuar em suas posi\u00e7\u00f5es.<\/p>\n<p style=\"text-align: justify;\">Os debates e propostas sobre uma reforma pol\u00edtica \u201cnecess\u00e1ria\u201d para de fato ampliar a democracia no Brasil e a reforma pol\u00edtica que est\u00e1 sendo feita pelos parlamentares apenas para legitimar sua continuidade e perman\u00eancia no poder foram apresentados na an\u00e1lise pelo padre Thierry. Por fim, o texto da an\u00e1lise de conjuntura, termina com uma homenagem a Dom Jos\u00e9 Maria Pires, arcebispo em\u00e9rito da Para\u00edba, falecido no dia 27 de agosto \u00faltimo.<\/p>\n","protected":false},"excerpt":{"rendered":"<p>Dom Esmeraldo lembrou que a Repam produziu uma nota com repercuss\u00e3o internacional e fez Governo Federal recuar em suas posi\u00e7\u00f5es<\/p>\n","protected":false},"author":83,"featured_media":7763,"comment_status":"closed","ping_status":"open","sticky":false,"template":"","format":"standard","meta":{"site-sidebar-layout":"default","site-content-layout":"default","ast-global-header-display":"","ast-banner-title-visibility":"","ast-main-header-display":"","ast-hfb-above-header-display":"","ast-hfb-below-header-display":"","ast-hfb-mobile-header-display":"","site-post-title":"","ast-breadcrumbs-content":"","ast-featured-img":"","footer-sml-layout":"","theme-transparent-header-meta":"","adv-header-id-meta":"","stick-header-meta":"","header-above-stick-meta":"","header-main-stick-meta":"","header-below-stick-meta":""},"categories":[824,744],"tags":[],"acf":[],"_links":{"self":[{"href":"https:\/\/www.cnbb.org.br\/cnbb-app\/wp\/v2\/posts\/7762"}],"collection":[{"href":"https:\/\/www.cnbb.org.br\/cnbb-app\/wp\/v2\/posts"}],"about":[{"href":"https:\/\/www.cnbb.org.br\/cnbb-app\/wp\/v2\/types\/post"}],"author":[{"embeddable":true,"href":"https:\/\/www.cnbb.org.br\/cnbb-app\/wp\/v2\/users\/83"}],"replies":[{"embeddable":true,"href":"https:\/\/www.cnbb.org.br\/cnbb-app\/wp\/v2\/comments?post=7762"}],"version-history":[{"count":0,"href":"https:\/\/www.cnbb.org.br\/cnbb-app\/wp\/v2\/posts\/7762\/revisions"}],"wp:featuredmedia":[{"embeddable":true,"href":"https:\/\/www.cnbb.org.br\/cnbb-app\/wp\/v2\/media\/7763"}],"wp:attachment":[{"href":"https:\/\/www.cnbb.org.br\/cnbb-app\/wp\/v2\/media?parent=7762"}],"wp:term":[{"taxonomy":"category","embeddable":true,"href":"https:\/\/www.cnbb.org.br\/cnbb-app\/wp\/v2\/categories?post=7762"},{"taxonomy":"post_tag","embeddable":true,"href":"https:\/\/www.cnbb.org.br\/cnbb-app\/wp\/v2\/tags?post=7762"}],"curies":[{"name":"wp","href":"https:\/\/api.w.org\/{rel}","templated":true}]}}