{"id":776438,"date":"2021-08-25T11:48:54","date_gmt":"2021-08-25T14:48:54","guid":{"rendered":"https:\/\/www.cnbb.org.br\/?p=776438"},"modified":"2021-08-25T11:48:54","modified_gmt":"2021-08-25T14:48:54","slug":"pastoral-familiar-inicia-serie-de-lives-com-movimentos-que-atuam-com-familias","status":"publish","type":"post","link":"https:\/\/www.cnbb.org.br\/pastoral-familiar-inicia-serie-de-lives-com-movimentos-que-atuam-com-familias\/","title":{"rendered":"Pastoral Familiar inicia s\u00e9rie de lives com movimentos que atuam com fam\u00edlias nesta quarta-feira"},"content":{"rendered":"<p>O Movimento Familiar Crist\u00e3o (MFC) ser\u00e1 o primeiro movimento eclesial que atua com fam\u00edlias a partilhar sua hist\u00f3ria e miss\u00e3o na s\u00e9rie de lives \u201cCarismas a servi\u00e7o das fam\u00edlias\u201d, promovida pela Pastoral Familiar a partir desta quarta-feira, 25 de agosto, \u00e0s 20h.<\/p>\n<p><img decoding=\"async\" loading=\"lazy\" class=\"alignleft\" style=\"text-align: center;\" src=\"http:\/\/vidaefamilia.org.br\/wp-content\/uploads\/2021\/08\/MFC1-640x640.jpg\" width=\"337\" height=\"337\" \/><\/p>\n<p>Conduzida pelo assessor eclesi\u00e1stico do Setor Casos Especiais da Comiss\u00e3o Nacional da Pastoral Familiar (CNPF), padre Fernando Rodrigues Francisco, a live ter\u00e1 a participa\u00e7\u00e3o do casal Rubens Carvalho e Rosana Neves, da Coordena\u00e7\u00e3o Nacional\u00a0do MFC Brasil. Tamb\u00e9m falar\u00e1 aos espectadores o casal Sergio e Dora Trevi\u00f1o, vice-presidentes da Confedera\u00e7\u00e3o Internacional dos Movimentos Familiares Crist\u00e3os.<\/p>\n<p>A s\u00e9rie de lives est\u00e1 inserida dentro do contextos das celebra\u00e7\u00f5es do Ano Fam\u00edlia Amoris Laetitia, e busca fortalecer a \u2018pastoral de conjunto\u2019.<\/p>\n<p>Durante as transmiss\u00f5es ao vivo, ser\u00e3o partilhadas experi\u00eancias de fam\u00edlias que fazem parte dos movimentos eclesiais. Os representantes v\u00e3o falar como a iniciativa pode ajudar na evangeliza\u00e7\u00e3o de mais fam\u00edlias e como fazer parte deles. Tamb\u00e9m ser\u00e1 oportunidade de refletir como tem sido a integra\u00e7\u00e3o com a Pastoral Familiar da CNBB.<\/p>\n<p>&nbsp;<\/p>\n<div class=\"ast-oembed-container\" style=\"height: 100%;\">\n<div style=\"max-width: 1333px;\">\n<div style=\"left: 0; width: 100%; height: 0; position: relative; padding-bottom: 56.25%;\"><iframe title=\"Carismas a servi\u00e7o das Fam\u00edlias - MFC\" src=\"https:\/\/www.youtube.com\/embed\/Ua9nEA1u_v4?rel=0\" style=\"top: 0; left: 0; width: 100%; height: 100%; position: absolute; border: 0;\" allowfullscreen scrolling=\"no\" allow=\"accelerometer; clipboard-write; encrypted-media; gyroscope; picture-in-picture;\"><\/iframe><\/div>\n<\/div>\n<\/div>\n<p>&nbsp;<\/p>\n<h2>A agenda<\/h2>\n<p>As lives ser\u00e3o realizadas semanalmente at\u00e9 novembro, com um intervalo durante a Semana Nacional da Vida, de 1\u00ba a 8 de outubro.<\/p>\n<ul>\n<li>25\/08\/21 \u2013 Movimento Familiar Crist\u00e3o (MFC)<\/li>\n<li>08\/09\/21 \u2013 Encontro de Casais com Cristo (ECC)<\/li>\n<li>15\/09\/21 \u2013 Movimento dos Focolares<\/li>\n<li>22\/09\/21 \u2013 Equipes de Nossa Senhora (ENS)<\/li>\n<li>29\/09\/21 \u2013 Renova\u00e7\u00e3o Carism\u00e1tica Cat\u00f3lica (RCC)<\/li>\n<li>13\/10\/21 \u2013 Alian\u00e7a de Casais com Cristo (ACC)<\/li>\n<li>20\/10\/21 \u2013 Movimento de Cursilho de Cristandade (MCC Brasil)<\/li>\n<li>27\/10\/21 \u2013 Caminho Neocatecumenal<\/li>\n<li>10\/11\/21 \u2013 Orienta\u00e7\u00e3o para Viv\u00eancia Sacramental (OVISA)<\/li>\n<li>17\/11\/21 \u2013\u00a0Encontro Matrimonial Mundial (EMM)<\/li>\n<\/ul>\n","protected":false},"excerpt":{"rendered":"<p>O Movimento Familiar Crist\u00e3o (MFC) ser\u00e1 o primeiro movimento eclesial que atua com fam\u00edlias a partilhar sua hist\u00f3ria e miss\u00e3o na s\u00e9rie de lives \u201cCarismas a servi\u00e7o das fam\u00edlias\u201d, promovida pela Pastoral Familiar a partir desta quarta-feira, 25 de agosto, \u00e0s 20h<\/p>\n","protected":false},"author":83,"featured_media":776455,"comment_status":"open","ping_status":"open","sticky":false,"template":"","format":"standard","meta":{"site-sidebar-layout":"default","site-content-layout":"default","ast-global-header-display":"","ast-banner-title-visibility":"","ast-main-header-display":"","ast-hfb-above-header-display":"","ast-hfb-below-header-display":"","ast-hfb-mobile-header-display":"","site-post-title":"","ast-breadcrumbs-content":"","ast-featured-img":"","footer-sml-layout":"","theme-transparent-header-meta":"default","adv-header-id-meta":"","stick-header-meta":"","header-above-stick-meta":"","header-main-stick-meta":"","header-below-stick-meta":""},"categories":[50,806],"tags":[3138,2137],"acf":[],"_links":{"self":[{"href":"https:\/\/www.cnbb.org.br\/cnbb-app\/wp\/v2\/posts\/776438"}],"collection":[{"href":"https:\/\/www.cnbb.org.br\/cnbb-app\/wp\/v2\/posts"}],"about":[{"href":"https:\/\/www.cnbb.org.br\/cnbb-app\/wp\/v2\/types\/post"}],"author":[{"embeddable":true,"href":"https:\/\/www.cnbb.org.br\/cnbb-app\/wp\/v2\/users\/83"}],"replies":[{"embeddable":true,"href":"https:\/\/www.cnbb.org.br\/cnbb-app\/wp\/v2\/comments?post=776438"}],"version-history":[{"count":0,"href":"https:\/\/www.cnbb.org.br\/cnbb-app\/wp\/v2\/posts\/776438\/revisions"}],"wp:featuredmedia":[{"embeddable":true,"href":"https:\/\/www.cnbb.org.br\/cnbb-app\/wp\/v2\/media\/776455"}],"wp:attachment":[{"href":"https:\/\/www.cnbb.org.br\/cnbb-app\/wp\/v2\/media?parent=776438"}],"wp:term":[{"taxonomy":"category","embeddable":true,"href":"https:\/\/www.cnbb.org.br\/cnbb-app\/wp\/v2\/categories?post=776438"},{"taxonomy":"post_tag","embeddable":true,"href":"https:\/\/www.cnbb.org.br\/cnbb-app\/wp\/v2\/tags?post=776438"}],"curies":[{"name":"wp","href":"https:\/\/api.w.org\/{rel}","templated":true}]}}