{"id":7772,"date":"2017-09-20T00:00:00","date_gmt":"2017-09-20T03:00:00","guid":{"rendered":"https:\/\/www.cnbb.org.br\/cnbb-envia-saudacoes-aos-bispos-nomeados-em-20-de-setembro\/"},"modified":"2017-09-20T00:00:00","modified_gmt":"2017-09-20T03:00:00","slug":"cnbb-envia-saudacoes-aos-bispos-nomeados-em-20-de-setembro","status":"publish","type":"post","link":"https:\/\/www.cnbb.org.br\/cnbb-envia-saudacoes-aos-bispos-nomeados-em-20-de-setembro\/","title":{"rendered":"CNBB envia sauda\u00e7\u00f5es aos bispos nomeados em 20 de setembro"},"content":{"rendered":"<p style=\"text-align: justify;\">Dom Leonardo Steiner, secret\u00e1rio-geral da CNBB, enviou mensagem de sauda\u00e7\u00e3o a dom Zenildo Luiz Pereira da Silva que assume a Prelazia de Borba (AM) e a dom Alo\u00edsio Jorge Pena Vitral transferido de Te\u00f3filo Otoni (MG) para a diocese de Sete Lagoas (MG).<\/p>\n<p style=\"text-align: justify;\">Nas mensagens, dom Leonardo envia abra\u00e7os e ora\u00e7\u00f5es em nome da Confer\u00eancia e reverencia as nomea\u00e7\u00f5es com palavras do papa Francisco sobre o minist\u00e9rio episcopal. O secret\u00e1rio-geral tamb\u00e9m lembra a import\u00e2ncia dos trabalhos realizados pelos bispos que entram na emeritude nas duas Igrejas Particulares: dom El\u00f3i Roggia, na Prelazia de Borba e dom Guilherme Porto, na diocese de Sete Lagoas.<\/p>\n<p>Leia as sauda\u00e7\u00f5es:<\/p>\n<p>&nbsp;<\/p>\n<p style=\"text-align: center;\"><strong>Sauda\u00e7\u00e3o ao bispo Borba (AM)<\/strong><\/p>\n<p>&nbsp;<\/p>\n<p>&nbsp;<\/p>\n<p style=\"text-align: justify;\">Prezado Irm\u00e3o, dom Zenildo Luiz Pereira da Silva.<\/p>\n<p style=\"text-align: justify;\">A Confer\u00eancia Nacional dos Bispos do Brasil (CNBB) alegra-se com o senhor neste momento em assume a diocese de Borba (AM) depois que o Papa Francisco aceitou a ren\u00fancia de dom El\u00f3i Roggia.<\/p>\n<p style=\"text-align: justify;\">Saudamos a sua nomea\u00e7\u00e3o com as palavras pronunciadas pelo Santo Padre, Papa Francisco, aos bispos que participaram de um Semin\u00e1rio promovido pela Congrega\u00e7\u00e3o para a Evangeliza\u00e7\u00e3o dos Povos, em setembro de 2014: \u201c<em>A Igreja precisa de Pastores, ou seja, de servos, de Bispos que saibam p\u00f4r-se de joelhos diante dos outros para lavar os seus p\u00e9s. Pastores pr\u00f3ximos do povo, pais e irm\u00e3os humildes, pacientes e misericordiosos; que amam a pobreza, quer como liberdade pelo Senhor quer como simplicidade e austeridade de vida. Estais chamados a vigiar incessantemente o rebanho a v\u00f3s confiado, para o manter unido e fiel ao Evangelho e \u00e0 Igreja. Esfor\u00e7ai-vos por dar um impulso mission\u00e1rio aut\u00eantico \u00e0s vossas Comunidades diocesanas, para que cres\u00e7am cada vez mais com novos membros, gra\u00e7as ao vosso testemunho de vida e ao vosso minist\u00e9rio episcopal exercido como servi\u00e7o ao Povo de Deus. Estai pr\u00f3ximos dos vossos sacerdotes, cuidai a vida religiosa, amai os pobres<\/em>\u201d.<\/p>\n<p style=\"text-align: justify;\">Pedimos ao senhor que leve nosso abra\u00e7o e nossa palavra de gratid\u00e3o a dom El\u00f3i Roggia, bispo em\u00e9rito da Prelazia de Borba. Seu lema episcopal nos diz como tem sido sua dedica\u00e7\u00e3o no minist\u00e9rio: \u201c<em>Com Jesus, amar e servir<\/em>\u201d.<\/p>\n<p style=\"text-align: justify;\">Com os melhores votos de bom trabalho, enviamos nossas ora\u00e7\u00f5es pelo \u00eaxito de sua miss\u00e3o.<\/p>\n<p style=\"text-align: justify;\">Em Cristo,<\/p>\n<p>&nbsp;<\/p>\n<p style=\"text-align: center;\"><strong>Dom Leonardo Ulrich Steiner<\/strong><\/p>\n<p style=\"text-align: center;\">Bispo Auxiliar de Bras\u00edlia-DF<\/p>\n<p style=\"text-align: center;\">Secret\u00e1rio-Geral da CNBB<\/p>\n<p>&nbsp;<\/p>\n<p style=\"text-align: center;\">==============<\/p>\n<p>&nbsp;<\/p>\n<p><strong>\u00a0<\/strong><\/p>\n<p style=\"text-align: center;\"><strong>Sauda\u00e7\u00e3o ao bispo de Sete Lagoas (MG)<\/strong><\/p>\n<p>&nbsp;<\/p>\n<p>Prezado Irm\u00e3o, dom Alo\u00edsio Jorge Pena Vitral.<\/p>\n<p style=\"text-align: justify;\">A Confer\u00eancia Nacional dos Bispos do Brasil (CNBB) alegra-se com o senhor neste momento em que o Papa Francisco o transfere para a diocese de Sete Lagoas (MG) depois do pastoreio na diocese de Te\u00f3filo Otoni (MG).<\/p>\n<p style=\"text-align: justify;\">Saudamos a sua nomea\u00e7\u00e3o com as palavras pronunciadas pelo Santo Padre, Papa Francisco, aos bispos que foram nomeados entre 2013 e 2014, na Sala Clementina, no Vaticano: \u201c<em>vejo em v\u00f3s Pastores capazes de recompor a unidade, de tecer redes, de recoser, de superar a fragmenta\u00e7\u00e3o. Dialogai com respeito com as grandes tradi\u00e7\u00f5es nas quais estais imersos, sem medo de vos perder e sem necessidade de defender as vossas fronteiras, porque a identidade da Igreja \u00e9 definida pelo amor de Cristo que n\u00e3o conhece fronteiras. Mesmo conservando ciosamente a paix\u00e3o pela verdade, n\u00e3o desperdiceis energias para vos contrapordes ou entrar em colis\u00e3o mas para construir e amar<\/em>\u201d.<\/p>\n<p style=\"text-align: justify;\">Nesta ocasi\u00e3o, pedimos ao senhor que leve nosso abra\u00e7o e nossa palavra de gratid\u00e3o a dom Guilherme Porto, bispo em\u00e9rito de Sete Lagoas. O lema episcopal de dom Guilherme, \u201c<em>A verdade na caridade<\/em>\u201d \u00e9 uma bela express\u00e3o do modo como conduziu o seu pastoreio.<\/p>\n<p style=\"text-align: justify;\">Com os melhores votos de bom trabalho, enviamos nossas ora\u00e7\u00f5es pelo \u00eaxito de sua miss\u00e3o.<\/p>\n<p>Em Cristo,<\/p>\n<p>&nbsp;<\/p>\n<p style=\"text-align: center;\"><strong>Dom Leonardo Ulrich Steiner<\/strong><\/p>\n<p style=\"text-align: center;\">Bispo Auxiliar de Bras\u00edlia-DF<\/p>\n<p style=\"text-align: center;\">Secret\u00e1rio-Geral da CNBB<\/p>\n","protected":false},"excerpt":{"rendered":"<p>Dom Leonardo Steiner, secret\u00e1rio-geral da CNBB, enviou mensagens em nome da Confer\u00eancia<\/p>\n","protected":false},"author":83,"featured_media":7773,"comment_status":"closed","ping_status":"open","sticky":false,"template":"","format":"standard","meta":{"site-sidebar-layout":"default","site-content-layout":"default","ast-global-header-display":"","ast-banner-title-visibility":"","ast-main-header-display":"","ast-hfb-above-header-display":"","ast-hfb-below-header-display":"","ast-hfb-mobile-header-display":"","site-post-title":"","ast-breadcrumbs-content":"","ast-featured-img":"","footer-sml-layout":"","theme-transparent-header-meta":"","adv-header-id-meta":"","stick-header-meta":"","header-above-stick-meta":"","header-main-stick-meta":"","header-below-stick-meta":""},"categories":[798],"tags":[],"acf":[],"_links":{"self":[{"href":"https:\/\/www.cnbb.org.br\/cnbb-app\/wp\/v2\/posts\/7772"}],"collection":[{"href":"https:\/\/www.cnbb.org.br\/cnbb-app\/wp\/v2\/posts"}],"about":[{"href":"https:\/\/www.cnbb.org.br\/cnbb-app\/wp\/v2\/types\/post"}],"author":[{"embeddable":true,"href":"https:\/\/www.cnbb.org.br\/cnbb-app\/wp\/v2\/users\/83"}],"replies":[{"embeddable":true,"href":"https:\/\/www.cnbb.org.br\/cnbb-app\/wp\/v2\/comments?post=7772"}],"version-history":[{"count":0,"href":"https:\/\/www.cnbb.org.br\/cnbb-app\/wp\/v2\/posts\/7772\/revisions"}],"wp:featuredmedia":[{"embeddable":true,"href":"https:\/\/www.cnbb.org.br\/cnbb-app\/wp\/v2\/media\/7773"}],"wp:attachment":[{"href":"https:\/\/www.cnbb.org.br\/cnbb-app\/wp\/v2\/media?parent=7772"}],"wp:term":[{"taxonomy":"category","embeddable":true,"href":"https:\/\/www.cnbb.org.br\/cnbb-app\/wp\/v2\/categories?post=7772"},{"taxonomy":"post_tag","embeddable":true,"href":"https:\/\/www.cnbb.org.br\/cnbb-app\/wp\/v2\/tags?post=7772"}],"curies":[{"name":"wp","href":"https:\/\/api.w.org\/{rel}","templated":true}]}}