{"id":7779,"date":"2017-09-20T00:00:00","date_gmt":"2017-09-20T03:00:00","guid":{"rendered":"https:\/\/www.cnbb.org.br\/dia-do-pobre-foi-um-dos-assuntos-tratados-no-segundo-dia-de-reuniao-do-consep\/"},"modified":"2017-09-20T00:00:00","modified_gmt":"2017-09-20T03:00:00","slug":"dia-do-pobre-foi-um-dos-assuntos-tratados-no-segundo-dia-de-reuniao-do-consep","status":"publish","type":"post","link":"https:\/\/www.cnbb.org.br\/dia-do-pobre-foi-um-dos-assuntos-tratados-no-segundo-dia-de-reuniao-do-consep\/","title":{"rendered":"\u201cDia do Pobre\u201d foi um dos assuntos tratados no segundo dia de reuni\u00e3o do Consep"},"content":{"rendered":"<p style=\"text-align: justify;\">O Dia Mundial dos Pobres foi um dos assuntos tratados pelo diretor-executivo da C\u00e1ritas Brasileira, Luiz Claudio Mandela no segundo dia da 5\u00aa reuni\u00e3o do ano do Conselho Episcopal Pastoral (Consep) da Confer\u00eancia Nacional dos Bispos do Brasil (CNBB), que apresentou as propostas a serem trabalhadas durante a Jornada Mundial dos Pobres.<\/p>\n<p style=\"text-align: justify;\">A data foi institu\u00edda pelo Papa Francisco na carta apost\u00f3lica \u2018Miseric\u00f3rdia e m\u00edsera\u2019, publicada no encerramento do Jubileu da Miseric\u00f3rdia. O documente pede que o dia seja \u201cum sinal concreto\u201d do Ano Santo extraordin\u00e1rio. Diante dessa realidade, a CNBB e a C\u00e1ritas Brasileira preparam a primeira Jornada Mundial dos Pobres que ser\u00e1 realizada de 12 a 19 de novembro e ter\u00e1 como tema apresentado pelo papa \u201cN\u00e3o amemos com palavras, mas com obras\u201d.<\/p>\n<p>O \u201cDia Mundial dos Pobres\u201d, a ser celebrado dia 19 de novembro, quer ajudar as comunidades e cada batizado a \u201crefletir como a pobreza est\u00e1 no \u00e2mago do Evangelho\u201d, referiu o Papa na mensagem.\u00a0A C\u00e1ritas Brasileira, juntamente com a Comiss\u00e3o Episcopal Pastoral para A\u00e7\u00e3o Transformadora da CNBB, pretendem mobilizar a Igreja no Brasil e a sociedade em geral para a Jornada Mundial dos Pobres atrav\u00e9s da Semana da Solidariedade.<\/p>\n<p style=\"text-align: justify;\">A posposta \u00e9 realizar atividades concretas que sensibilizem as pessoas para que tenham aten\u00e7\u00e3o e cuidado com os pobres. Entre as iniciativas, est\u00e1 o projeto Ruas Solid\u00e1rias que prop\u00f5e que as pastorais e movimentos realizem atividades em sua localidade, utilizando a hastag #cuidardaruasuperarapobreza.<\/p>\n<p style=\"text-align: justify;\">A ideia \u00e9 utilizar um espa\u00e7o que pode ser uma casa, pra\u00e7a ou at\u00e9 mesmo em uma par\u00f3quia como ponto de apoio para momentos de celebra\u00e7\u00e3o, arrecada\u00e7\u00e3o de roupas, atividades sociais e rodas de conversas. A campanha sugere tamb\u00e9m que no dia 19\/11, as celebra\u00e7\u00f5es sejam com as pessoas que participaram das atividades durante a semana.<\/p>\n<p>&nbsp;<\/p>\n","protected":false},"excerpt":{"rendered":"<p>A data foi institu\u00edda pelo Papa Francisco na carta apost\u00f3lica \u2018Miseric\u00f3rdia e m\u00edsera\u2019, publicada no encerramento do Jubileu da Miseric\u00f3rdia<\/p>\n","protected":false},"author":83,"featured_media":7780,"comment_status":"closed","ping_status":"open","sticky":false,"template":"","format":"standard","meta":{"site-sidebar-layout":"default","site-content-layout":"default","ast-global-header-display":"","ast-banner-title-visibility":"","ast-main-header-display":"","ast-hfb-above-header-display":"","ast-hfb-below-header-display":"","ast-hfb-mobile-header-display":"","site-post-title":"","ast-breadcrumbs-content":"","ast-featured-img":"","footer-sml-layout":"","theme-transparent-header-meta":"","adv-header-id-meta":"","stick-header-meta":"","header-above-stick-meta":"","header-main-stick-meta":"","header-below-stick-meta":""},"categories":[824,744],"tags":[],"acf":[],"_links":{"self":[{"href":"https:\/\/www.cnbb.org.br\/cnbb-app\/wp\/v2\/posts\/7779"}],"collection":[{"href":"https:\/\/www.cnbb.org.br\/cnbb-app\/wp\/v2\/posts"}],"about":[{"href":"https:\/\/www.cnbb.org.br\/cnbb-app\/wp\/v2\/types\/post"}],"author":[{"embeddable":true,"href":"https:\/\/www.cnbb.org.br\/cnbb-app\/wp\/v2\/users\/83"}],"replies":[{"embeddable":true,"href":"https:\/\/www.cnbb.org.br\/cnbb-app\/wp\/v2\/comments?post=7779"}],"version-history":[{"count":0,"href":"https:\/\/www.cnbb.org.br\/cnbb-app\/wp\/v2\/posts\/7779\/revisions"}],"wp:featuredmedia":[{"embeddable":true,"href":"https:\/\/www.cnbb.org.br\/cnbb-app\/wp\/v2\/media\/7780"}],"wp:attachment":[{"href":"https:\/\/www.cnbb.org.br\/cnbb-app\/wp\/v2\/media?parent=7779"}],"wp:term":[{"taxonomy":"category","embeddable":true,"href":"https:\/\/www.cnbb.org.br\/cnbb-app\/wp\/v2\/categories?post=7779"},{"taxonomy":"post_tag","embeddable":true,"href":"https:\/\/www.cnbb.org.br\/cnbb-app\/wp\/v2\/tags?post=7779"}],"curies":[{"name":"wp","href":"https:\/\/api.w.org\/{rel}","templated":true}]}}