{"id":778180,"date":"2021-08-26T14:46:47","date_gmt":"2021-08-26T17:46:47","guid":{"rendered":"https:\/\/www.cnbb.org.br\/?p=778180"},"modified":"2021-08-27T13:24:08","modified_gmt":"2021-08-27T16:24:08","slug":"em-homenagem-ao-dia-do-catequista-programa-traz-bate-papo-sobre-a-importancia-desta-vocacao-no-momento-atual-da-igreja-e-da-sociedade","status":"publish","type":"post","link":"https:\/\/www.cnbb.org.br\/em-homenagem-ao-dia-do-catequista-programa-traz-bate-papo-sobre-a-importancia-desta-vocacao-no-momento-atual-da-igreja-e-da-sociedade\/","title":{"rendered":"Em homenagem ao Dia do Catequista, programa traz bate papo sobre a import\u00e2ncia da voca\u00e7\u00e3o no momento atual da Igreja e da sociedade"},"content":{"rendered":"<p style=\"text-align: justify;\">Por ocasi\u00e3o do Dia Nacional do Catequista, celebrado este ano em 29 de agosto, \u00faltimo domingo do m\u00eas vocacional, a arquidiocese de Curitiba em parceria com a Comiss\u00e3o para a Anima\u00e7\u00e3o B\u00edblico-Catequ\u00e9tica da CNBB e a TV Evangelizar organizaram um programa especial e, ao vivo, para comemorar a data.<\/p>\n<p style=\"text-align: justify;\">O programa <strong>&#8220;Sou Catequista&#8221;<\/strong> contar\u00e1 com a participa\u00e7\u00e3o de convidados para um bate papo sobre a institui\u00e7\u00e3o do minist\u00e9rio do catequista e a import\u00e2ncia do catequista e da catequese no momento atual da Igreja e da sociedade.<\/p>\n<p style=\"text-align: justify;\">Padre Luciano Tokarsk, coordenador da Anima\u00e7\u00e3o B\u00edblico-Catequ\u00e9tica da arquidiocese de Curitiba, faz um convite para que todos possam &#8220;celebrar essa voca\u00e7\u00e3o, minist\u00e9rio e miss\u00e3o t\u00e3o especial na vida da Igreja&#8221;:<\/p>\n<!--[if lt IE 9]><script>document.createElement('audio');<\/script><![endif]-->\n\t<div class=\"wp-playlist wp-audio-playlist wp-playlist-light\">\n\t\t\t<div class=\"wp-playlist-current-item\"><\/div>\n\t\t<audio controls=\"controls\" preload=\"none\" width=\"640\"\n\t\t\t><\/audio>\n\t<div class=\"wp-playlist-next\"><\/div>\n\t<div class=\"wp-playlist-prev\"><\/div>\n\t<noscript>\n\t<ol>\n\t\t<li><a href='https:\/\/www.cnbb.org.br\/wp-content\/uploads\/2021\/08\/WhatsApp-Audio-2021-08-26-at-10.56.50-online-audio-converter.com_.mp3'>Padre Luciano<\/a><\/li>\t<\/ol>\n\t<\/noscript>\n\t<script type=\"application\/json\" class=\"wp-playlist-script\">{\"type\":\"audio\",\"tracklist\":true,\"tracknumbers\":true,\"images\":true,\"artists\":true,\"tracks\":[{\"src\":\"https:\\\/\\\/www.cnbb.org.br\\\/wp-content\\\/uploads\\\/2021\\\/08\\\/WhatsApp-Audio-2021-08-26-at-10.56.50-online-audio-converter.com_.mp3\",\"type\":\"audio\\\/mpeg\",\"title\":\"Padre Luciano\",\"caption\":\"\",\"description\":\"\\\"WhatsApp Audio 2021-08-26 at 10.56.50 (online-audio-converter.com)\\\".\",\"meta\":{\"length_formatted\":\"1:12\"},\"image\":{\"src\":\"https:\\\/\\\/www.cnbb.org.br\\\/wp-includes\\\/images\\\/media\\\/audio.png\",\"width\":48,\"height\":64},\"thumb\":{\"src\":\"https:\\\/\\\/www.cnbb.org.br\\\/wp-includes\\\/images\\\/media\\\/audio.png\",\"width\":48,\"height\":64}}]}<\/script>\n<\/div>\n\t\n<h3><strong>O programa<\/strong><\/h3>\n<p style=\"text-align: justify;\">O programa <strong>&#8220;Sou Catequista&#8221; <\/strong>contar\u00e1 com as participa\u00e7\u00f5es de dom Jos\u00e9 Ant\u00f4nio Peruzzo, arcebispo de Curitiba (PR) e presidente da Comiss\u00e3o para a Anima\u00e7\u00e3o B\u00edblico-Catequ\u00e9tica; padre J\u00e2nison de S\u00e1, assessor da Comiss\u00e3o B\u00edblico Catequ\u00e9tica da CNBB, padre Luciano Tokarsk, coordenador da Anima\u00e7\u00e3o B\u00edblico-Catequ\u00e9tica da arquidiocese Curitiba e D\u00e9bora Pupo, coordenadora regional da Anima\u00e7\u00e3o B\u00edblico-Catequ\u00e9tica do regional Sul 2 da CNBB.<\/p>\n<p>A transmiss\u00e3o ser\u00e1 feita pela TV Evangelizar, das 15h30 \u00e0s 16h30.<\/p>\n<div style=\"width: 1920px;\" class=\"wp-video\"><!--[if lt IE 9]><script>document.createElement('video');<\/script><![endif]-->\n<video class=\"wp-video-shortcode\" id=\"video-778180-1\" width=\"1920\" height=\"1080\" preload=\"metadata\" controls=\"controls\"><source type=\"video\/mp4\" src=\"https:\/\/www.cnbb.org.br\/wp-content\/uploads\/2021\/08\/WhatsApp-Video-2021-08-25-at-15.56.38.mp4?_=1\" \/><a href=\"https:\/\/www.cnbb.org.br\/wp-content\/uploads\/2021\/08\/WhatsApp-Video-2021-08-25-at-15.56.38.mp4\">https:\/\/www.cnbb.org.br\/wp-content\/uploads\/2021\/08\/WhatsApp-Video-2021-08-25-at-15.56.38.mp4<\/a><\/video><\/div>\n","protected":false},"excerpt":{"rendered":"<p>Por ocasi\u00e3o do Dia Nacional do Catequista, celebrado este ano em 29 de agosto, \u00faltimo domingo do m\u00eas vocacional, a arquidiocese de Curitiba, a Comiss\u00e3o para a Anima\u00e7\u00e3o B\u00edblico-Catequ\u00e9tica da CNBB e a TV Evangelizar se uniram para organizar um programa especial e, ao vivo, para comemorar a data<\/p>\n","protected":false},"author":83,"featured_media":778379,"comment_status":"open","ping_status":"open","sticky":false,"template":"","format":"standard","meta":{"site-sidebar-layout":"default","site-content-layout":"default","ast-global-header-display":"","ast-banner-title-visibility":"","ast-main-header-display":"","ast-hfb-above-header-display":"","ast-hfb-below-header-display":"","ast-hfb-mobile-header-display":"","site-post-title":"","ast-breadcrumbs-content":"","ast-featured-img":"","footer-sml-layout":"","theme-transparent-header-meta":"default","adv-header-id-meta":"","stick-header-meta":"","header-above-stick-meta":"","header-main-stick-meta":"","header-below-stick-meta":""},"categories":[800,1841],"tags":[1881,2757,3900],"acf":[],"_links":{"self":[{"href":"https:\/\/www.cnbb.org.br\/cnbb-app\/wp\/v2\/posts\/778180"}],"collection":[{"href":"https:\/\/www.cnbb.org.br\/cnbb-app\/wp\/v2\/posts"}],"about":[{"href":"https:\/\/www.cnbb.org.br\/cnbb-app\/wp\/v2\/types\/post"}],"author":[{"embeddable":true,"href":"https:\/\/www.cnbb.org.br\/cnbb-app\/wp\/v2\/users\/83"}],"replies":[{"embeddable":true,"href":"https:\/\/www.cnbb.org.br\/cnbb-app\/wp\/v2\/comments?post=778180"}],"version-history":[{"count":0,"href":"https:\/\/www.cnbb.org.br\/cnbb-app\/wp\/v2\/posts\/778180\/revisions"}],"wp:featuredmedia":[{"embeddable":true,"href":"https:\/\/www.cnbb.org.br\/cnbb-app\/wp\/v2\/media\/778379"}],"wp:attachment":[{"href":"https:\/\/www.cnbb.org.br\/cnbb-app\/wp\/v2\/media?parent=778180"}],"wp:term":[{"taxonomy":"category","embeddable":true,"href":"https:\/\/www.cnbb.org.br\/cnbb-app\/wp\/v2\/categories?post=778180"},{"taxonomy":"post_tag","embeddable":true,"href":"https:\/\/www.cnbb.org.br\/cnbb-app\/wp\/v2\/tags?post=778180"}],"curies":[{"name":"wp","href":"https:\/\/api.w.org\/{rel}","templated":true}]}}