{"id":7806,"date":"2017-09-22T00:00:00","date_gmt":"2017-09-22T03:00:00","guid":{"rendered":"https:\/\/www.cnbb.org.br\/ministerio-da-saude-realizara-convenio-com-a-pastoral-da-pessoa-idosa\/"},"modified":"2017-09-22T00:00:00","modified_gmt":"2017-09-22T03:00:00","slug":"ministerio-da-saude-realizara-convenio-com-a-pastoral-da-pessoa-idosa","status":"publish","type":"post","link":"https:\/\/www.cnbb.org.br\/ministerio-da-saude-realizara-convenio-com-a-pastoral-da-pessoa-idosa\/","title":{"rendered":"Minist\u00e9rio da Sa\u00fade realizar\u00e1 conv\u00eanio com a Pastoral da Pessoa Idosa"},"content":{"rendered":"<p>O ministro da Sa\u00fade, Ricardo Barros, recebeu na quarta-feira, 20, em seu gabinete em Bras\u00edlia, a deputada federal Leandre Dal Ponte (PV-PR), e o arcebispo de Curitiba, Don Jos\u00e9 Ant\u00f4nio Peruzzo. O motivo foi a discuss\u00e3o de um conv\u00eanio entre o Minist\u00e9rio da Sa\u00fade e a Pastoral da Pessoa Idosa.<\/p>\n<p>Confira na \u00edntegra aqui:\u00a0http:\/\/www.pastoraldapessoaidosa.org.br\/index.php\/23-news\/596-ministro-da-saude-se-compromete-com-convenio-entre-o-governo-e-a-pastoral-da-pessoa-idosa<\/p>\n","protected":false},"excerpt":{"rendered":"<p>Ministro da Sa\u00fade, Ricardo Barros, recebeu em seu gabinete em Bras\u00edlia o arcebispo de Curitiba, dom Jos\u00e9 Ant\u00f4nio Peruzzo<\/p>\n","protected":false},"author":83,"featured_media":7807,"comment_status":"closed","ping_status":"open","sticky":false,"template":"","format":"standard","meta":{"site-sidebar-layout":"default","site-content-layout":"default","ast-global-header-display":"","ast-banner-title-visibility":"","ast-main-header-display":"","ast-hfb-above-header-display":"","ast-hfb-below-header-display":"","ast-hfb-mobile-header-display":"","site-post-title":"","ast-breadcrumbs-content":"","ast-featured-img":"","footer-sml-layout":"","theme-transparent-header-meta":"","adv-header-id-meta":"","stick-header-meta":"","header-above-stick-meta":"","header-main-stick-meta":"","header-below-stick-meta":""},"categories":[766,780],"tags":[],"acf":[],"_links":{"self":[{"href":"https:\/\/www.cnbb.org.br\/cnbb-app\/wp\/v2\/posts\/7806"}],"collection":[{"href":"https:\/\/www.cnbb.org.br\/cnbb-app\/wp\/v2\/posts"}],"about":[{"href":"https:\/\/www.cnbb.org.br\/cnbb-app\/wp\/v2\/types\/post"}],"author":[{"embeddable":true,"href":"https:\/\/www.cnbb.org.br\/cnbb-app\/wp\/v2\/users\/83"}],"replies":[{"embeddable":true,"href":"https:\/\/www.cnbb.org.br\/cnbb-app\/wp\/v2\/comments?post=7806"}],"version-history":[{"count":0,"href":"https:\/\/www.cnbb.org.br\/cnbb-app\/wp\/v2\/posts\/7806\/revisions"}],"wp:featuredmedia":[{"embeddable":true,"href":"https:\/\/www.cnbb.org.br\/cnbb-app\/wp\/v2\/media\/7807"}],"wp:attachment":[{"href":"https:\/\/www.cnbb.org.br\/cnbb-app\/wp\/v2\/media?parent=7806"}],"wp:term":[{"taxonomy":"category","embeddable":true,"href":"https:\/\/www.cnbb.org.br\/cnbb-app\/wp\/v2\/categories?post=7806"},{"taxonomy":"post_tag","embeddable":true,"href":"https:\/\/www.cnbb.org.br\/cnbb-app\/wp\/v2\/tags?post=7806"}],"curies":[{"name":"wp","href":"https:\/\/api.w.org\/{rel}","templated":true}]}}