{"id":7832,"date":"2017-10-06T00:00:00","date_gmt":"2017-10-06T03:00:00","guid":{"rendered":"https:\/\/www.cnbb.org.br\/o-representante-do-forum-de-mudancas-climaticas-defende-a-agroecologia-contra-o-processo-de-desertificacao\/"},"modified":"2017-10-06T00:00:00","modified_gmt":"2017-10-06T03:00:00","slug":"o-representante-do-forum-de-mudancas-climaticas-defende-a-agroecologia-contra-o-processo-de-desertificacao","status":"publish","type":"post","link":"https:\/\/www.cnbb.org.br\/o-representante-do-forum-de-mudancas-climaticas-defende-a-agroecologia-contra-o-processo-de-desertificacao\/","title":{"rendered":"Representante do F\u00f3rum de Mudan\u00e7as Clim\u00e1ticas defende agroecologia contra desertifica\u00e7\u00e3o"},"content":{"rendered":"<p style=\"text-align: justify;\">O representante do F\u00f3rum de Mundas Clim\u00e1ticas e Mudan\u00e7as Clim\u00e1ticas, que articula pastorais e movimentos sociais, Ivo Poleto, participou recentemente da 16\u00aa Jornada de Agroecologia \u201cKeno Vive\u201d, realizada em Lapa (PR). Ap\u00f3s afirmar que o Brasil j\u00e1 conta com um novo bioma, o \u201cdeserto\u201d, maior do que o estado do Cear\u00e1 dentro do bioma Caatinga, e que a desertifica\u00e7\u00e3o avan\u00e7a at\u00e9 o Rio Grande do Sul, ouviu de um assentado da reforma agr\u00e1ria que \u00e9 poss\u00edvel recuperar \u00e1reas desertificadas.<\/p>\n<p style=\"text-align: justify;\">O assentado falou da experi\u00eancia que ajudou a conquistar, que estava em franco processo de desertifica\u00e7\u00e3o, fruto do mau trato e explora\u00e7\u00e3o do propriet\u00e1rio anterior. Em poucos anos, segundo o agricultor, essa terra est\u00e1 viva, gerando alimentos ecologicamente cultivados. \u201cBasta dar carinho \u00e0 ela, que a vida volta. Volta a cobertura vegetal, a fertilidade do solo, as nascentes de \u00e1gua\u201d, disse.<\/p>\n<p style=\"text-align: justify;\">Na 16\u00aa Jornada de Agroecologia, segundo Ivo Poleto, foram denunciadas as pr\u00e1ticas que provocam o aquecimento do Planeta e o agravamento dos desastres socioambientais por causa dos eventos clim\u00e1ticos cada vez mais extremos, no campo e nas cidades. Houve, principalmente, a den\u00fancia muito concreta dos que desejam reduzir o tamanho da Escarpa Devoniana, que deve ser chamada Escarpa dos Campos Gerais do Paran\u00e1. Ivo lembra que a Escarpa \u00e9 uma das poucas \u00e1reas de preserva\u00e7\u00e3o do Paran\u00e1, estado dominado pelo agroneg\u00f3cio, e agora, sempre fam\u00e9licos de mais terra, mais riqueza e mais poder, esses senhores querem tamb\u00e9m as terras dessa reserva.<\/p>\n<p style=\"text-align: justify;\">O membro do F\u00f3rum de Mudan\u00e7as Clim\u00e1ticas disse que tanto os sem-terra como os camponeses assentados insistiram que precisamos ter esperan\u00e7a, e a base de sua esperan\u00e7a \u00e9 a transforma\u00e7\u00e3o da agricultura que est\u00e3o ajudando a realizar. \u201cEles e todos os participantes da Jornada s\u00e3o testemunhas e agentes dessa transforma\u00e7\u00e3o. \u00c9 poss\u00edvel recuperar a vitalidade da Terra, replantar florestas, recuperar nascentes, produzir alimentos sem produtos qu\u00edmicos e venenos. E claro, \u00e9 poss\u00edvel insistir na organiza\u00e7\u00e3o das pessoas que desejam construir essa transforma\u00e7\u00e3o\u201d, disse.<\/p>\n<p style=\"text-align: justify;\"><a href=\"http:\/\/cnbb.net.br\/ivo-poletto\/\" target=\"_blank\" rel=\"noopener\"><img decoding=\"async\" loading=\"lazy\" class=\"size-medium wp-image-7250 alignright\" src=\"http:\/\/cnbb.net.br\/wp-content\/uploads\/2017\/09\/Ivo-Poletto-300x189.png\" alt=\"\" width=\"300\" height=\"189\" \/><\/a>Ivo lan\u00e7a a pergunta: \u201cO que podemos fazer?\u201d. Na sequ\u00eancia, a resposta veio de sua an\u00e1lise: \u201capoiar a agroecologia, claro. Apoiar a luta para que esta tecnologia de produ\u00e7\u00e3o de alimentos seja apoiada por pol\u00edticas e recursos p\u00fablicos. Apoiar a luta pela preserva\u00e7\u00e3o da Escarpa dos Campos Gerais do Paran\u00e1. Apoiar tudo que cuida da Terra com amor\u201d.<br \/>\nConhe\u00e7a o trabalho do F\u00f3rum Mudan\u00e7as Clim\u00e1ticas e Justi\u00e7a Social.<\/p>\n<p style=\"text-align: left;\">Conhe\u00e7a o trabalho do F\u00f3rum de Mudan\u00e7as Clim\u00e1ticas:\u00a0<a href=\"http:\/\/fmclimaticas.org.br\/\" target=\"_blank\" rel=\"noopener\">www.fmclimaticas.org.br<\/a><\/p>\n","protected":false},"excerpt":{"rendered":"<p>Ivo Poletto relata den\u00fancias durante Jornada de Agroecologia sobre pr\u00e1ticas que provocam aquecimento do planeta e desastres socioambientais<\/p>\n","protected":false},"author":83,"featured_media":0,"comment_status":"closed","ping_status":"open","sticky":false,"template":"","format":"standard","meta":{"site-sidebar-layout":"default","site-content-layout":"default","ast-global-header-display":"","ast-banner-title-visibility":"","ast-main-header-display":"","ast-hfb-above-header-display":"","ast-hfb-below-header-display":"","ast-hfb-mobile-header-display":"","site-post-title":"","ast-breadcrumbs-content":"","ast-featured-img":"","footer-sml-layout":"","theme-transparent-header-meta":"","adv-header-id-meta":"","stick-header-meta":"","header-above-stick-meta":"","header-main-stick-meta":"","header-below-stick-meta":""},"categories":[829],"tags":[],"acf":[],"_links":{"self":[{"href":"https:\/\/www.cnbb.org.br\/cnbb-app\/wp\/v2\/posts\/7832"}],"collection":[{"href":"https:\/\/www.cnbb.org.br\/cnbb-app\/wp\/v2\/posts"}],"about":[{"href":"https:\/\/www.cnbb.org.br\/cnbb-app\/wp\/v2\/types\/post"}],"author":[{"embeddable":true,"href":"https:\/\/www.cnbb.org.br\/cnbb-app\/wp\/v2\/users\/83"}],"replies":[{"embeddable":true,"href":"https:\/\/www.cnbb.org.br\/cnbb-app\/wp\/v2\/comments?post=7832"}],"version-history":[{"count":0,"href":"https:\/\/www.cnbb.org.br\/cnbb-app\/wp\/v2\/posts\/7832\/revisions"}],"wp:attachment":[{"href":"https:\/\/www.cnbb.org.br\/cnbb-app\/wp\/v2\/media?parent=7832"}],"wp:term":[{"taxonomy":"category","embeddable":true,"href":"https:\/\/www.cnbb.org.br\/cnbb-app\/wp\/v2\/categories?post=7832"},{"taxonomy":"post_tag","embeddable":true,"href":"https:\/\/www.cnbb.org.br\/cnbb-app\/wp\/v2\/tags?post=7832"}],"curies":[{"name":"wp","href":"https:\/\/api.w.org\/{rel}","templated":true}]}}