{"id":7858,"date":"2017-10-04T00:00:00","date_gmt":"2017-10-04T03:00:00","guid":{"rendered":"https:\/\/www.cnbb.org.br\/bispos-comentam-aniversario-de-29-anos-da-constituicao-federal\/"},"modified":"2020-03-11T17:09:55","modified_gmt":"2020-03-11T20:09:55","slug":"bispos-comentam-aniversario-de-29-anos-da-constituicao-federal","status":"publish","type":"post","link":"https:\/\/www.cnbb.org.br\/bispos-comentam-aniversario-de-29-anos-da-constituicao-federal\/","title":{"rendered":"Bispos comentam anivers\u00e1rio de 29 anos da Constitui\u00e7\u00e3o Federal de 1988"},"content":{"rendered":"<p style=\"text-align: justify;\">O cen\u00e1rio p\u00fablico do Brasil deste in\u00edcio do m\u00eas de outubro de 2017 \u00e9 marcado por discuss\u00f5es que colocam em evid\u00eancia a import\u00e2ncia do cidad\u00e3o conhecer, com maior profundidade, os preceitos constitucionais. Tanto nos debates que correm no Parlamento, como nas discuss\u00f5es do Supremo Tribunal Federal (STF), continuamente se coloca a quest\u00e3o do que \u00e9 e o que n\u00e3o \u00e9 constitucional. Recordar sua promulga\u00e7\u00e3o j\u00e1 pode ser um bom come\u00e7o nessa busca de maior conhecimento: nesta quinta-feira, 5 de outubro, se completam 29 anos do dia em que foi promulgada a Constitui\u00e7\u00e3o e aquele dia hist\u00f3rico, chuvoso depois de longa seca como os dias atuais, foi marcado pela celebra\u00e7\u00e3o de um culto ecum\u00eanico do qual fez parte o cardeal Jos\u00e9 Freire Falc\u00e3o, arcebispo em\u00e9rito de Bras\u00edlia.<\/p>\n<p style=\"text-align: justify;\">Naquele dia, na presen\u00e7a do Presidente da Rep\u00fablica, Jos\u00e9 Sarney e do presidente do Supremo Tribunal Federal (STF), Rafael Mayer o presidente da Assembleia Constituinte, deputado Ulysses Guimar\u00e3es assinou um exemplar da Constitui\u00e7\u00e3o, levantou-o bem alto, de p\u00e9, e disse: &#8220;<em>Declaro promulgada. O documento da liberdade, da dignidade, da democracia, da justi\u00e7a social do Brasil. Que Deus nos ajude para que isso se cumpra!&#8221;. O<\/em>\u00a0Plen\u00e1rio aplaudiu. Eram 15h50. Come\u00e7ava a valer a nova Constitui\u00e7\u00e3o.<\/p>\n<p style=\"text-align: justify;\"><a href=\"http:\/\/cnbb.net.br\/bispos-comentam-aniversario-de-29-anos-da-constituicao-federal\/ulysses\/\" rel=\"attachment wp-att-7416 noopener\" target=\"_blank\"><img decoding=\"async\" loading=\"lazy\" class=\"size-medium wp-image-7416 alignleft\" src=\"http:\/\/cnbb.net.br\/wp-content\/uploads\/2017\/10\/ulysses-300x291.jpg\" alt=\"\" width=\"300\" height=\"291\" \/><\/a>O Brasil j\u00e1 teve sete Constitui\u00e7\u00f5es desde sua independ\u00eancia, no dia 7 de setembro de 1822, mas a atual \u00e9 chamada de &#8220;Constitui\u00e7\u00e3o Cidad\u00e3&#8221; por Ulysses Guimar\u00e3es\u00a0devido \u00e0 grande quantidade de leis voltadas \u00e0 \u00e1rea social. Entre os direitos garantidos ao cidad\u00e3o na Constitui\u00e7\u00e3o de 1988, segundo levantamento do Portal Educacional, e que marcaram boa parte das discuss\u00f5es realizadas entre 1987 e 1988, est\u00e3o: Licen\u00e7a-paternidade de cinco dias; Licen\u00e7a-maternidade de 120 dias; H\u00e1beas-data: a\u00e7\u00e3o que garante a todo cidad\u00e3o saber o que se registra dele pr\u00f3prio nos arquivos governamentais. Um exemplo muito claro disso s\u00e3o os arquivos organizados pelos governos militares que mantinham fich\u00e1rios de cidad\u00e3os considerados &#8220;perigosos&#8221; \u00e0 soberania nacional; Voto universal: todos os cidad\u00e3os brasileiros acima de 16 anos t\u00eam o direito ao voto, sejam eles homens ou mulheres, brancos ou negros, alfabetizados ou n\u00e3o, ricos ou pobres (para cidad\u00e3os entre 16 e 18, analfabetos e maiores de 70 anos, o voto \u00e9 facultativo). Renda mensal vital\u00edcia para idosos e deficientes, apesar de que tal direito ainda \u00e9 aplicado com s\u00e9rias restri\u00e7\u00f5es; Defini\u00e7\u00e3o do racismo como crime inafian\u00e7\u00e1vel e imprescrit\u00edvel; Tortura como crime inafian\u00e7\u00e1vel e n\u00e3o anisti\u00e1vel; Prote\u00e7\u00e3o do consumidor: a Constitui\u00e7\u00e3o determinou essa prote\u00e7\u00e3o, que acabou culminando na elabora\u00e7\u00e3o do C\u00f3digo do Consumidor, em vigor desde 1991; 44 horas de trabalho semanal em substitui\u00e7\u00e3o \u00e0s 48 horas anteriores. Atualmente, o movimento de trabalhadores luta por nova redu\u00e7\u00e3o, agora para 40 horas semanais.<\/p>\n<p><strong>Opini\u00e3o dos bispos<\/strong><\/p>\n<p><strong>Dom Luiz Gonzaga Fechio<\/strong>, bispo de Amparo (SP):<\/p>\n<p style=\"text-align: justify;\"><a href=\"http:\/\/cnbb.net.br\/bispos-comentam-aniversario-de-29-anos-da-constituicao-federal\/fechio\/\" rel=\"attachment wp-att-7460 noopener\" target=\"_blank\"><img decoding=\"async\" loading=\"lazy\" class=\"size-full wp-image-7460 alignleft\" src=\"http:\/\/cnbb.net.br\/wp-content\/uploads\/2017\/10\/fechio.jpg\" alt=\"\" width=\"183\" height=\"276\" \/><\/a>&#8220;<em>Eu penso que a oportunidade desse anivers\u00e1rio tem de nos fazer refletir o valor que a nossa carta magna tem para a na\u00e7\u00e3o. E esse valor parece estar muito comprometido diante dessa situa\u00e7\u00e3o desoladora que parece p\u00f5e em descr\u00e9dito o que as leis mostram, principalmente no que diz respeito a tudo aquilo que estamos vendo como incoer\u00eancia em rela\u00e7\u00e3o \u00e0 quest\u00e3o social, pol\u00edtica, econ\u00f4mica, mas que tem um fundo \u00e9tico e moral. Isso tem que nos fazer refletir muito quanto a necessidade de fazermos valer aquilo que, como diz a pr\u00f3pria palavra &#8220;Constitui\u00e7\u00e3o&#8221;, a Carta Magna do pa\u00eds, para que a nossa na\u00e7\u00e3o possa recuperar um caminho de desenvolvimento, progresso, de ordem como diz a nossa bandeira, um s\u00edmbolo nacional t\u00e3o importante que hoje, percebemos, parece n\u00e3o significar nada, principalmente para esta gera\u00e7\u00e3o que vem vindo. E isso ocorre justamente por causa daquilo que estamos vendo por parte daqueles que deveriam prezar mais, digamos assim, a Constitui\u00e7\u00e3o. Portanto, fica aqui esse apelo e essa consci\u00eancia que todos n\u00f3s devemos tomar, principalmente os nossos governantes ou representantes pol\u00edticos para que ou\u00e7am mais e enxerguem melhor a realidade<\/em>&#8220;.<\/p>\n<p><strong>Dom Can\u00edsio Klaus<\/strong>, bispo de Sinop (MT):<\/p>\n<p style=\"text-align: justify;\"><a href=\"http:\/\/cnbb.net.br\/bispos-comentam-aniversario-de-29-anos-da-constituicao-federal\/dom-canisio\/\" rel=\"attachment wp-att-7461 noopener\" target=\"_blank\"><img decoding=\"async\" loading=\"lazy\" class=\"wp-image-7461 alignright\" src=\"http:\/\/cnbb.net.br\/wp-content\/uploads\/2017\/10\/dom-canisio-300x225.jpg\" alt=\"\" width=\"261\" height=\"196\" \/><\/a>&#8220;<em>Em primeiro lugar, a gente pode comemorar o fato de termos uma Constitui\u00e7\u00e3o. \u00c9 importante tamb\u00e9m dizer que uma Constitui\u00e7\u00e3o \u00e9 feita para ser a normativa para o povo brasileiro ter seguran\u00e7a, justi\u00e7a, paz, tranquilidade de vida. Quando a Constitui\u00e7\u00e3o garante a isso ao povo, temos muito a comemorar. Quando ela deixa a desejar ou ela n\u00e3o \u00e9 assim entendida ou aplicada \u00e9 isso o contraponto que temos de sentir e sofrer. O povo brasileiro \u00e9 que vai dar melhor essa resposta, olhando a realidade: o povo est\u00e1 amparado por uma Constitui\u00e7\u00e3o ou apenas tem uma Constitui\u00e7\u00e3o? Uma Constitui\u00e7\u00e3o est\u00e1, muitas vezes, no papel e n\u00e3o na pr\u00e1tica, em alguns pontos<\/em>&#8220;.<\/p>\n<p>Foto da capa:<\/p>\n<p><span class=\"irc_ho\" dir=\"ltr\">direitosp.fgv.br<\/span><\/p>\n","protected":false},"excerpt":{"rendered":"<p>Dom Luiz Gonzaga Fechio, de Amparo (SP), e dom Can\u00edsio Klaus, de Sinop (MT), comentam o significado do anivers\u00e1rio da Carta Magna<\/p>\n","protected":false},"author":83,"featured_media":0,"comment_status":"closed","ping_status":"open","sticky":false,"template":"","format":"standard","meta":{"site-sidebar-layout":"default","site-content-layout":"default","ast-global-header-display":"","ast-banner-title-visibility":"","ast-main-header-display":"","ast-hfb-above-header-display":"","ast-hfb-below-header-display":"","ast-hfb-mobile-header-display":"","site-post-title":"","ast-breadcrumbs-content":"","ast-featured-img":"","footer-sml-layout":"","theme-transparent-header-meta":"","adv-header-id-meta":"","stick-header-meta":"","header-above-stick-meta":"","header-main-stick-meta":"","header-below-stick-meta":""},"categories":[863],"tags":[],"acf":[],"_links":{"self":[{"href":"https:\/\/www.cnbb.org.br\/cnbb-app\/wp\/v2\/posts\/7858"}],"collection":[{"href":"https:\/\/www.cnbb.org.br\/cnbb-app\/wp\/v2\/posts"}],"about":[{"href":"https:\/\/www.cnbb.org.br\/cnbb-app\/wp\/v2\/types\/post"}],"author":[{"embeddable":true,"href":"https:\/\/www.cnbb.org.br\/cnbb-app\/wp\/v2\/users\/83"}],"replies":[{"embeddable":true,"href":"https:\/\/www.cnbb.org.br\/cnbb-app\/wp\/v2\/comments?post=7858"}],"version-history":[{"count":0,"href":"https:\/\/www.cnbb.org.br\/cnbb-app\/wp\/v2\/posts\/7858\/revisions"}],"wp:attachment":[{"href":"https:\/\/www.cnbb.org.br\/cnbb-app\/wp\/v2\/media?parent=7858"}],"wp:term":[{"taxonomy":"category","embeddable":true,"href":"https:\/\/www.cnbb.org.br\/cnbb-app\/wp\/v2\/categories?post=7858"},{"taxonomy":"post_tag","embeddable":true,"href":"https:\/\/www.cnbb.org.br\/cnbb-app\/wp\/v2\/tags?post=7858"}],"curies":[{"name":"wp","href":"https:\/\/api.w.org\/{rel}","templated":true}]}}