{"id":787717,"date":"2021-09-04T08:01:23","date_gmt":"2021-09-04T11:01:23","guid":{"rendered":"https:\/\/www.cnbb.org.br\/?p=787717"},"modified":"2021-09-01T13:10:00","modified_gmt":"2021-09-01T16:10:00","slug":"efata-abre-te-2","status":"publish","type":"post","link":"https:\/\/www.cnbb.org.br\/efata-abre-te-2\/","title":{"rendered":"&#8220;Efat\u00e1!&#8221; &#8211; &#8220;Abre-te!&#8221;"},"content":{"rendered":"<p style=\"text-align: right;\"><strong>Cardeal Orani Jo\u00e3o, Cardeal Tempesta<\/strong><br \/>\n<strong>Arcebispo Metropolitano de S\u00e3o Sebasti\u00e3o do Rio de Janeiro, RJ<\/strong><\/p>\n<p style=\"text-align: justify;\">Ap\u00f3s celebrarmos o m\u00eas vocacional, iniciamos esse m\u00eas de setembro que \u00e9 dedicado \u00e0 Palavra de Deus, celebrando o 23\u00ba Domingo do Tempo Comum. Aproveitemos ainda nesse domingo para rezarmos por nossa p\u00e1tria, pois na pr\u00f3xima ter\u00e7a-feira celebramos a Independ\u00eancia do Brasil e o Dia da P\u00e1tria. Rezemos para que todos os brasileiros tenham direito \u00e0 sa\u00fade, educa\u00e7\u00e3o e emprego e sejam respeitados como verdadeiros filhos de Deus.<\/p>\n<p style=\"text-align: justify;\">Que nenhum brasileiro seja exclu\u00eddo do direito \u00e0 vida e que, apesar dos pecados e erros de cada um, n\u00e3o sejam tratados como exclu\u00eddos da sociedade. Aproveitemos ainda nesse m\u00eas de setembro que se inicia para criarmos uma intimidade maior com a Palavra de Deus e tirarmos um tempo do nosso dia para meditarmos sobre ela, seja em fam\u00edlia, em comunidade, ou mesmo sozinhos.<\/p>\n<p style=\"text-align: justify;\">Temos muitos motivos para rezar e bendizer a Deus nesse domingo e durante esse m\u00eas de setembro. Escutemos com aten\u00e7\u00e3o a Palavra do Senhor e, a partir da escuta dessa Palavra, possamos abrir o nosso cora\u00e7\u00e3o para servir os mais necessitados. Pe\u00e7amos a Deus que olhe por nossa p\u00e1tria e a livre de todo mal, sobretudo, o mal da Covid-19.<\/p>\n<p style=\"text-align: justify;\">A Primeira Leitura da missa deste domingo (Isa\u00edas 35, 4-7). O povo de Deus estava voltando do ex\u00edlio da Babil\u00f4nia e muitas pessoas estavam tristes e deprimidas. Por isso, o Senhor fala ao profeta para dizer \u00e0s pessoas que estavam tristes para criarem \u00e2nimo e terem coragem, pois os momentos de tribula\u00e7\u00e3o v\u00eam e s\u00e3o passageiros, mas o amor e a salva\u00e7\u00e3o de Deus s\u00e3o eternos. Assim acontece na nossa vida, v\u00eam os momentos de sofrimento e tempestade, mas s\u00e3o passageiros. Se confiarmos em Deus, logo vem a bonan\u00e7a.<\/p>\n<p style=\"text-align: justify;\">O Salmo Responsorial \u00e9 o 145 (146). O salmista diz que o Senhor \u00e9 fiel para sempre e est\u00e1 sempre pronto a levantar aquele que est\u00e1 ca\u00eddo e a perdoar os pecados de todos n\u00f3s. Deus est\u00e1 sempre pronto a nos salvar, mesmo que nos desviemos do caminho correto, Ele est\u00e1 pronto para nos acolher de volta.<\/p>\n<p style=\"text-align: justify;\">Na Segunda Leitura (S\u00e3o Tiago 2, 1-5) Tiago faz um alerta a sua comunidade, que serve de igual modo para todos n\u00f3s nos dias de hoje. Se temos f\u00e9 em Jesus Cristo, n\u00e3o devemos fazer acep\u00e7\u00e3o de pessoas, pois o<\/p>\n<p style=\"text-align: justify;\">pr\u00f3prio Jesus acolhia a todos. Devemos, em nossas Igrejas ou em qualquer lugar que nos encontremos, acolher os pobres, pecadores e marginalizados, pois todos s\u00e3o filhos de Deus e receber\u00e3o da parte D\u2019Ele a miseric\u00f3rdia.<\/p>\n<p style=\"text-align: justify;\">O Evangelho da missa deste domingo (Marcos 7, 31-37). Jesus continua o seu caminho rumo \u00e0 Jerusal\u00e9m. Atrav\u00e9s de sua vida p\u00fablica, cura muitas pessoas e mostra a todos o amor de Deus por meio de seus milagres e sinais que realiza. Em especial nesse domingo, lhe apresentam um homem surdo que falava com dificuldade e pedem que Jesus imponha as suas m\u00e3os sobre ele. Jesus se afasta da multid\u00e3o com o homem, toca em seus ouvidos e com a saliva toca \u00e0 l\u00edngua do homem e diz: \u201cEfat\u00e1\u201d, que quer dizer \u201cabre-te\u201d. Imediatamente, os seus ouvidos se abriram e a sua l\u00edngua se soltou e ele come\u00e7ou a falar sem dificuldade.<\/p>\n<p style=\"text-align: justify;\">Esse homem, al\u00e9m de n\u00e3o poder ouvir e falar das coisas do mundo, tamb\u00e9m n\u00e3o podia de igual modo ouvir Deus falar com ele. E n\u00e3o podia falar das coisas de Deus, ele queria encontrar com Jesus e falar com ele, mas n\u00e3o podia, pois falava com dificuldade e n\u00e3o ouvia. Por isso, levam ele at\u00e9 Jesus e Jesus ao tocar nele diz \u201cEfat\u00e1\u201d que quer dizer \u201cabre-te\u201d, ou seja, a partir daquele momento ele poderia ouvir Deus falar com ele e do mesmo modo poderia anunciar as maravilhas de Deus.<\/p>\n<p style=\"text-align: justify;\">Por vezes, somos surdos e mudos para as coisas de Deus e n\u00e3o escutamos Ele falar conosco e com isso n\u00e3o anunciamos Ele para as pessoas. Desde o nosso batismo, somos chamados a sermos disc\u00edpulos e mission\u00e1rios do Senhor, ouvindo o que Ele tem a nos dizer e transmitindo o seu amor para as pessoas.<\/p>\n<p style=\"text-align: justify;\">Muitas vezes, por n\u00e3o ouvir Deus em nosso cora\u00e7\u00e3o, nos desviamos por caminhos tortuosos e acabamos nos afastando d\u2019Ele. Quando percebemos, j\u00e1 estamos no fundo do po\u00e7o e precisamos que algu\u00e9m nos conduza novamente a Deus, assim como as pessoas desse Evangelho fizeram com esse homem. Por isso, nos libertemos de tudo aquilo que nos impede de ouvir Deus e falar de seu amor.<\/p>\n<p style=\"text-align: justify;\">Continuemos no caminho de Deus como seus disc\u00edpulos e mission\u00e1rios e reconduzindo muitos \u201csurdos e mudos\u201d a Ele, para que novamente recuperem a audi\u00e7\u00e3o e a fala e possam ouvir e anunciar o amor de Deus. Que o Esp\u00edrito Santo, luz que vem do alto, nos ilumine sempre e nos fa\u00e7a ouvir o que Deus tem a falar.<\/p>\n<p style=\"text-align: justify;\">Pe\u00e7amos, ainda, \u00e0 Virgem Maria, cuja natividade celebraremos no dia 8, que interceda por nossa p\u00e1tria ao celebrarmos no pr\u00f3ximo dia 7, o<\/p>\n<p style=\"text-align: justify;\">Dia da P\u00e1tria. Que acima de tudo, amemos essa p\u00e1tria que moramos e fa\u00e7amos o bem ao pr\u00f3ximo, sem olhar a quem.<\/p>\n","protected":false},"excerpt":{"rendered":"<p>Cardeal Orani Jo\u00e3o, Cardeal Tempesta Arcebispo Metropolitano de S\u00e3o Sebasti\u00e3o do Rio de Janeiro, RJ Ap\u00f3s celebrarmos o m\u00eas vocacional, iniciamos esse m\u00eas de setembro que \u00e9 dedicado \u00e0 Palavra de Deus, celebrando o 23\u00ba Domingo do Tempo Comum. Aproveitemos ainda nesse domingo para rezarmos por nossa p\u00e1tria, pois na pr\u00f3xima ter\u00e7a-feira celebramos a Independ\u00eancia &hellip;<\/p>\n<p class=\"read-more\"> <a class=\"\" href=\"https:\/\/www.cnbb.org.br\/efata-abre-te-2\/\"> <span class=\"screen-reader-text\">&#8220;Efat\u00e1!&#8221; &#8211; &#8220;Abre-te!&#8221;<\/span> Leia mais &raquo;<\/a><\/p>\n","protected":false},"author":31,"featured_media":0,"comment_status":"open","ping_status":"open","sticky":false,"template":"","format":"standard","meta":{"site-sidebar-layout":"default","site-content-layout":"default","ast-global-header-display":"","ast-banner-title-visibility":"","ast-main-header-display":"","ast-hfb-above-header-display":"","ast-hfb-below-header-display":"","ast-hfb-mobile-header-display":"","site-post-title":"","ast-breadcrumbs-content":"","ast-featured-img":"","footer-sml-layout":"","theme-transparent-header-meta":"default","adv-header-id-meta":"","stick-header-meta":"","header-above-stick-meta":"","header-main-stick-meta":"","header-below-stick-meta":""},"categories":[758],"tags":[],"acf":[],"_links":{"self":[{"href":"https:\/\/www.cnbb.org.br\/cnbb-app\/wp\/v2\/posts\/787717"}],"collection":[{"href":"https:\/\/www.cnbb.org.br\/cnbb-app\/wp\/v2\/posts"}],"about":[{"href":"https:\/\/www.cnbb.org.br\/cnbb-app\/wp\/v2\/types\/post"}],"author":[{"embeddable":true,"href":"https:\/\/www.cnbb.org.br\/cnbb-app\/wp\/v2\/users\/31"}],"replies":[{"embeddable":true,"href":"https:\/\/www.cnbb.org.br\/cnbb-app\/wp\/v2\/comments?post=787717"}],"version-history":[{"count":0,"href":"https:\/\/www.cnbb.org.br\/cnbb-app\/wp\/v2\/posts\/787717\/revisions"}],"wp:attachment":[{"href":"https:\/\/www.cnbb.org.br\/cnbb-app\/wp\/v2\/media?parent=787717"}],"wp:term":[{"taxonomy":"category","embeddable":true,"href":"https:\/\/www.cnbb.org.br\/cnbb-app\/wp\/v2\/categories?post=787717"},{"taxonomy":"post_tag","embeddable":true,"href":"https:\/\/www.cnbb.org.br\/cnbb-app\/wp\/v2\/tags?post=787717"}],"curies":[{"name":"wp","href":"https:\/\/api.w.org\/{rel}","templated":true}]}}