{"id":7882,"date":"2017-10-04T00:00:00","date_gmt":"2017-10-04T03:00:00","guid":{"rendered":"https:\/\/www.cnbb.org.br\/cimi-lanca-nesta-quinta-05-relatorio-violencia-contra-os-povos-indigenas-do-brasil-dados-2016\/"},"modified":"2020-03-11T17:09:55","modified_gmt":"2020-03-11T20:09:55","slug":"cimi-lanca-nesta-quinta-05-relatorio-violencia-contra-os-povos-indigenas-do-brasil-dados-2016","status":"publish","type":"post","link":"https:\/\/www.cnbb.org.br\/cimi-lanca-nesta-quinta-05-relatorio-violencia-contra-os-povos-indigenas-do-brasil-dados-2016\/","title":{"rendered":"Cimi lan\u00e7a nesta quinta, 05, relat\u00f3rio &#8216;Viol\u00eancia Contra os Povos Ind\u00edgenas do Brasil &#8211; Dados 2016&#8217;"},"content":{"rendered":"<p style=\"text-align: justify;\">As disputas pol\u00edticas e o recrudescimento da ofensiva sobre os direitos ind\u00edgenas em 2016 refletiram-se em graves a\u00e7\u00f5es de viol\u00eancia e viola\u00e7\u00f5es em aldeias em todo o pa\u00eds. Esta \u00e9 uma das constata\u00e7\u00f5es do Relat\u00f3rio Viol\u00eancia Contra os Povos Ind\u00edgenas do Brasil \u2013 Dados 2016, uma publica\u00e7\u00e3o do Conselho Indigenista Mission\u00e1rio (Cimi) que ser\u00e1 lan\u00e7ado nesta quinta-feira, 5 de outubro, \u00e0s 14h30, na nova sede da Confer\u00eancia Nacional dos Bispos do Brasil (CNBB), em Bras\u00edlia.<\/p>\n<p style=\"text-align: justify;\">Chama aten\u00e7\u00e3o novamente neste Relat\u00f3rio a quantidade de casos de suic\u00eddio, assassinato, mortalidade na inf\u00e2ncia e de invas\u00f5es e explora\u00e7\u00e3o ilegal de bens comuns, principalmente madeira. O desrespeito do Estado ao direito dos ind\u00edgenas de viverem nas suas terras ancestrais \u00e9 um dos focos centrais da publica\u00e7\u00e3o, que traz um resumo da situa\u00e7\u00e3o geral das terras ind\u00edgenas no Brasil, atualizado no dia 25 de setembro de 2017. Uma extensa tabela que apresenta os 836 territ\u00f3rios n\u00e3o demarcados, divididos por estado, e a situa\u00e7\u00e3o de cada um deles no procedimento demarcat\u00f3rio \u00e9 um dos destaques desta publica\u00e7\u00e3o.<\/p>\n<p style=\"text-align: justify;\">Os dados do Relat\u00f3rio abrangem diferentes tipos de viol\u00eancia e viola\u00e7\u00f5es, como conflitos relativos a direitos territoriais, amea\u00e7a de morte e desassist\u00eancia nas \u00e1reas de sa\u00fade e educa\u00e7\u00e3o, dentre outros. As informa\u00e7\u00f5es sobre assassinatos tamb\u00e9m poder\u00e3o ser visualizadas no mapa digital da plataforma Caci &#8211; Cartografia de Ataques Contra Ind\u00edgenas, mapeadas de acordo com o munic\u00edpio e a terra ind\u00edgena em que ocorreram.<\/p>\n<p style=\"text-align: justify;\">Estar\u00e3o presentes no evento cerca de quarenta ind\u00edgenas dos estados do Maranh\u00e3o, dos povos Apanikr\u00e3 Kanela, Krepun, Memortumr\u00e9 Kanela, Kreny\u00ea e Gavi\u00e3o, e de Roraima, Macuxi e Wapichana. Dom Roque Palosci, presidente do Cimi e arcebispo de Porto Velho, Dom Leonardo Steiner, secret\u00e1rio-geral da CNBB, Cleber Buzatto, secret\u00e1rio executivo do Cimi, e Roberto Liebgotti, coordenador do Cimi Regional Sul e um dos respons\u00e1veis pela elabora\u00e7\u00e3o do relat\u00f3rio, ir\u00e3o compor a mesa de debates no evento.<\/p>\n<p style=\"text-align: justify;\">Cabe ressaltar que, oportunamente, o lan\u00e7amento ser\u00e1 realizado no anivers\u00e1rio de 29 anos da promulga\u00e7\u00e3o da Constitui\u00e7\u00e3o Federal. Desse modo pretende-se explicitar, al\u00e9m do desrespeito aos direitos origin\u00e1rios dos ind\u00edgenas estabelecidos pela Carta Magna, a inconstitucionalidade do \u201cmarco temporal\u201d. Esta tese pol\u00edtico-jur\u00eddica restringe o alcance do direito \u00e0 demarca\u00e7\u00e3o das terras ind\u00edgenas, j\u00e1 que vincula este direito \u00e0 presen\u00e7a f\u00edsica, e n\u00e3o tradicional, das comunidades nos seus territ\u00f3rios ao dia 5 de outubro de 1988, data da promulga\u00e7\u00e3o da Constitui\u00e7\u00e3o.<\/p>\n<p><strong>Servi\u00e7o:<br \/>\n<\/strong><strong>O qu\u00ea:<\/strong> Lan\u00e7amento do Relat\u00f3rio Viol\u00eancia Contra os Povos Ind\u00edgenas do Brasil \u2013 Dados 2016<br \/>\n<strong>Quando:<\/strong> 5 de outubro (quinta-feira), \u00e0s 14h30<br \/>\n<strong>Onde:<\/strong> Sede nova da CNBB \u2013 SGAN 905, Bloco C (em frente ao aut\u00f3dromo)<\/p>\n<p><strong>Mais informa\u00e7\u00f5es:<\/strong> Assessoria de Comunica\u00e7\u00e3o do Cimi<br \/>\nGuilherme Cavalli: 61 99979-7059, Patr\u00edcia Bonilha: 61 99662-1177 e Tiago Miotto: 61 99686-6205<\/p>\n<p>Confira a \u00edntegra da not\u00edcia aqui: <a href=\"http:\/\/www.cimi.org.br\/site\/pt-br\/?system=news&amp;conteudo_id=9506&amp;action=read\" target=\"_blank\" rel=\"noopener\">www.cimi.org.br<\/a><\/p>\n<p>&nbsp;<\/p>\n","protected":false},"excerpt":{"rendered":"<p>O recrudescimento da ofensiva contra direitos ind\u00edgenas em 2016 refletiu-se em graves viola\u00e7\u00f5es em aldeias em todo pa\u00eds, demonstra relat\u00f3rio<\/p>\n","protected":false},"author":83,"featured_media":7883,"comment_status":"closed","ping_status":"open","sticky":false,"template":"","format":"standard","meta":{"site-sidebar-layout":"default","site-content-layout":"default","ast-global-header-display":"","ast-banner-title-visibility":"","ast-main-header-display":"","ast-hfb-above-header-display":"","ast-hfb-below-header-display":"","ast-hfb-mobile-header-display":"","site-post-title":"","ast-breadcrumbs-content":"","ast-featured-img":"","footer-sml-layout":"","theme-transparent-header-meta":"","adv-header-id-meta":"","stick-header-meta":"","header-above-stick-meta":"","header-main-stick-meta":"","header-below-stick-meta":""},"categories":[863],"tags":[],"acf":[],"_links":{"self":[{"href":"https:\/\/www.cnbb.org.br\/cnbb-app\/wp\/v2\/posts\/7882"}],"collection":[{"href":"https:\/\/www.cnbb.org.br\/cnbb-app\/wp\/v2\/posts"}],"about":[{"href":"https:\/\/www.cnbb.org.br\/cnbb-app\/wp\/v2\/types\/post"}],"author":[{"embeddable":true,"href":"https:\/\/www.cnbb.org.br\/cnbb-app\/wp\/v2\/users\/83"}],"replies":[{"embeddable":true,"href":"https:\/\/www.cnbb.org.br\/cnbb-app\/wp\/v2\/comments?post=7882"}],"version-history":[{"count":0,"href":"https:\/\/www.cnbb.org.br\/cnbb-app\/wp\/v2\/posts\/7882\/revisions"}],"wp:featuredmedia":[{"embeddable":true,"href":"https:\/\/www.cnbb.org.br\/cnbb-app\/wp\/v2\/media\/7883"}],"wp:attachment":[{"href":"https:\/\/www.cnbb.org.br\/cnbb-app\/wp\/v2\/media?parent=7882"}],"wp:term":[{"taxonomy":"category","embeddable":true,"href":"https:\/\/www.cnbb.org.br\/cnbb-app\/wp\/v2\/categories?post=7882"},{"taxonomy":"post_tag","embeddable":true,"href":"https:\/\/www.cnbb.org.br\/cnbb-app\/wp\/v2\/tags?post=7882"}],"curies":[{"name":"wp","href":"https:\/\/api.w.org\/{rel}","templated":true}]}}