{"id":7888,"date":"2017-10-04T00:00:00","date_gmt":"2017-10-04T03:00:00","guid":{"rendered":"https:\/\/www.cnbb.org.br\/oeste-1-convoca-bispos-assessores-e-coordenadores-para-a-55a-assembleia-geral-do-povo-de-deus\/"},"modified":"2017-10-04T00:00:00","modified_gmt":"2017-10-04T03:00:00","slug":"oeste-1-convoca-bispos-assessores-e-coordenadores-para-a-55a-assembleia-geral-do-povo-de-deus","status":"publish","type":"post","link":"https:\/\/www.cnbb.org.br\/oeste-1-convoca-bispos-assessores-e-coordenadores-para-a-55a-assembleia-geral-do-povo-de-deus\/","title":{"rendered":"Oeste 1 convoca bispos para a 55\u00aa Assembleia Geral do Povo de Deus"},"content":{"rendered":"<p style=\"text-align: justify;\">O regional Oeste 1 convoca bispos, assessores e coordenadores regionais das pastorais, movimentos e servi\u00e7os para a 55\u00aa Assembleia Regional do Povo de Deus, que acontecer\u00e1 em sua sede,\u00a0 nos dias 14 e 15 de outubro.\u00a0Como a\u00e7\u00f5es de destaque est\u00e3o o IV Congresso Mission\u00e1rio Regional, que acontecer\u00e1 na diocese de Navira\u00ed, de 20 a 23 de setembro de 2018 e a viv\u00eancia do Ano Nacional do Laicato.<\/p>\n<p>Confira a not\u00edcia <a href=\"http:\/\/cnbboeste1.org.br\/55-assembleia-geral-do-povo-de-deus\/\" target=\"_blank\" rel=\"noopener\">na \u00edntegra<\/a>.<\/p>\n","protected":false},"excerpt":{"rendered":"<p>Como a\u00e7\u00f5es de destaque est\u00e3o o IV Congresso Mission\u00e1rio Regional e a viv\u00eancia do Ano Nacional do Laicato<\/p>\n","protected":false},"author":83,"featured_media":7889,"comment_status":"closed","ping_status":"open","sticky":false,"template":"","format":"standard","meta":{"site-sidebar-layout":"default","site-content-layout":"default","ast-global-header-display":"","ast-banner-title-visibility":"","ast-main-header-display":"","ast-hfb-above-header-display":"","ast-hfb-below-header-display":"","ast-hfb-mobile-header-display":"","site-post-title":"","ast-breadcrumbs-content":"","ast-featured-img":"","footer-sml-layout":"","theme-transparent-header-meta":"","adv-header-id-meta":"","stick-header-meta":"","header-above-stick-meta":"","header-main-stick-meta":"","header-below-stick-meta":""},"categories":[788,769],"tags":[],"acf":[],"_links":{"self":[{"href":"https:\/\/www.cnbb.org.br\/cnbb-app\/wp\/v2\/posts\/7888"}],"collection":[{"href":"https:\/\/www.cnbb.org.br\/cnbb-app\/wp\/v2\/posts"}],"about":[{"href":"https:\/\/www.cnbb.org.br\/cnbb-app\/wp\/v2\/types\/post"}],"author":[{"embeddable":true,"href":"https:\/\/www.cnbb.org.br\/cnbb-app\/wp\/v2\/users\/83"}],"replies":[{"embeddable":true,"href":"https:\/\/www.cnbb.org.br\/cnbb-app\/wp\/v2\/comments?post=7888"}],"version-history":[{"count":0,"href":"https:\/\/www.cnbb.org.br\/cnbb-app\/wp\/v2\/posts\/7888\/revisions"}],"wp:featuredmedia":[{"embeddable":true,"href":"https:\/\/www.cnbb.org.br\/cnbb-app\/wp\/v2\/media\/7889"}],"wp:attachment":[{"href":"https:\/\/www.cnbb.org.br\/cnbb-app\/wp\/v2\/media?parent=7888"}],"wp:term":[{"taxonomy":"category","embeddable":true,"href":"https:\/\/www.cnbb.org.br\/cnbb-app\/wp\/v2\/categories?post=7888"},{"taxonomy":"post_tag","embeddable":true,"href":"https:\/\/www.cnbb.org.br\/cnbb-app\/wp\/v2\/tags?post=7888"}],"curies":[{"name":"wp","href":"https:\/\/api.w.org\/{rel}","templated":true}]}}