{"id":789426,"date":"2021-09-02T15:35:37","date_gmt":"2021-09-02T18:35:37","guid":{"rendered":"https:\/\/www.cnbb.org.br\/?p=789426"},"modified":"2021-09-02T15:38:14","modified_gmt":"2021-09-02T18:38:14","slug":"brasil-nossa-patria","status":"publish","type":"post","link":"https:\/\/www.cnbb.org.br\/brasil-nossa-patria\/","title":{"rendered":"Brasil, nossa p\u00e1tria"},"content":{"rendered":"<p style=\"text-align: right;\"><strong>Dom Rodolfo Lu\u00eds Weber<\/strong><br \/>\n<strong>Arcebispo de Passo Fundo (RS)<\/strong><\/p>\n<p style=\"text-align: justify;\">Estamos na Semana da P\u00e1tria e os textos b\u00edblicos deste domingo provocam reflex\u00f5es oportunas sobre o nosso Brasil e como viver nele como crist\u00e3os cat\u00f3licos. Cabe ressaltar que a liturgia cat\u00f3lica sempre l\u00ea estes textos no 23\u00ba domingo do Tempo Comum do Ano B.<\/p>\n<p style=\"text-align: justify;\">O profeta Isa\u00edas 35,4-7 anuncia esperan\u00e7a: \u201cDizei \u00e0s pessoas deprimidas: \u2018Criai \u00e2nimo, n\u00e3o tenhais medo! Vede, \u00e9 vosso Deus, \u00e9 a vingan\u00e7a que vem, \u00e9 a recompensa de Deus; \u00e9 ele que vem para vos salvar\u201d. O Brasil tem problemas que afetam a situa\u00e7\u00e3o existencial das pessoas e o funcionamento das institui\u00e7\u00f5es. A pandemia da covid-19 se somou a tantos graves problemas existentes e os agravando. O profeta n\u00e3o tem a miss\u00e3o de prever cat\u00e1strofes, mas sim de anunciar esperan\u00e7a. Por isso, as palavras do profeta Isa\u00edas s\u00e3o muito oportunas e alentadores no contexto atual. S\u00e3o palavras dirigidas \u00e0s pessoas que tem medo. O medo \u00e9 um bom alerta para os perigos. O coronav\u00edrus deve ser temido e estimular a tomada de provid\u00eancias para proteger-se, mas n\u00e3o pode tirar o \u00e2nimo de viver, nem impedir a tomada de decis\u00f5es. \u00c9 um inimigo a ser enfrentado e derrotado de cabe\u00e7a erguida.<\/p>\n<p style=\"text-align: justify;\">O salmo 146 reza: \u201cO Senhor \u00e9 fiel para sempre, faz justi\u00e7a aos que s\u00e3o oprimidos; ele d\u00e1 alimento aos famintos, \u00e9 o Senhor quem liberta os cativos. O Senhor abre os olhos aos cegos, o Senhor faz erguer-se o ca\u00eddo; o Senhor ama aquele que \u00e9 justo. \u00c9 o Senhor quem protege o estrangeiro\u201d. O salmo acentua a justi\u00e7a. O Comp\u00eandio da Doutrina Social da Igreja, nos n\u00fameros 201 a 203 ensina sobre os valores fundamentais da vida social e, entre eles est\u00e1 a justi\u00e7a. \u201cA justi\u00e7a \u00e9 um valor. (&#8230;) Segundo a sua formula\u00e7\u00e3o cl\u00e1ssica, ela \u2018consiste na vontade constante e firme de dar a Deus e ao pr\u00f3ximo o que lhes \u00e9 devido\u2019. Do ponto de vista subjetivo, a justi\u00e7a se traduz na atitude determinada pela vontade de reconhecer o outro, como pessoa, ao passo que, do ponto de vista objetivo, ela constitui o crit\u00e9rio determinante da moralidade no \u00e2mbito intersubjetivo e social. (&#8230;) \u201cA justi\u00e7a, com efeito, n\u00e3o \u00e9 uma simples conven\u00e7\u00e3o humana, porque o que \u00e9 \u201cjusto\u201d n\u00e3o \u00e9 originalmente determinado pela lei, mas pela identidade profunda do ser humano\u201d.<\/p>\n<p style=\"text-align: justify;\">As palavras do Ap\u00f3stolo S\u00e3o Tiago 2,1-5 s\u00e3o muito claras e compreensivas. Condenam todas as formas de discrimina\u00e7\u00e3o, infelizmente ainda t\u00e3o abundantes no nosso Brasil. \u201cMeus irm\u00e3os, a f\u00e9 que tendes em nosso Senhor Jesus Cristo glorificado n\u00e3o deve admitir acep\u00e7\u00e3o de pessoas. Pois bem, imaginai que na vossa reuni\u00e3o entra uma pessoa com anel de ouro no dedo e bem vestida, e tamb\u00e9m uma pessoa pobre, com sua roupa surrada, e v\u00f3s dedicais aten\u00e7\u00e3o ao que est\u00e1 bem vestido, dizendo-lhe: \u2018Vem sentar-te aqui, \u00e0 vontade\u2019, enquanto dizeis ao pobre: \u2018Fica a\u00ed, de p\u00e9\u201d, ou ent\u00e3o: \u2018Senta-te aqui no ch\u00e3o, aos meus p\u00e9s\u201d \u2013 n\u00e3o fizestes, ent\u00e3o, discrimina\u00e7\u00e3o entre v\u00f3s? E n\u00e3o vos tornastes ju\u00edzes com crit\u00e9rios injustos?\u201d<\/p>\n<p style=\"text-align: justify;\">O santo Evangelho de Marcos 7,31-37 relata a cura de um surdo. \u201cMuito impressionados, diziam: \u201cEle tem feito bem todas as coisas: Aos surdos fez ouvir e aos mudos falar\u201d. A cura permitiu a esta pessoa ouvir e falar, portanto conseguiu participar mais plenamente na sociedade. Os cidad\u00e3os t\u00eam o direito de ouvirem informa\u00e7\u00f5es verdadeiras sobre a situa\u00e7\u00e3o do pa\u00eds. Como tamb\u00e9m tem a liberdade de manifestarem-se e de falar. Mas uma comunica\u00e7\u00e3o guiada pelo crit\u00e9rio da verdade que objetiva a edifica\u00e7\u00e3o da sociedade fraterna. Disse o Papa Francisco. \u201cTodos somos respons\u00e1veis pela comunica\u00e7\u00e3o que fazemos, pelas informa\u00e7\u00f5es que damos, pelo controle que podemos conjuntamente exercer sobre as not\u00edcias falsas, desmascarando-as. Todos estamos chamados a ser testemunhas da verdade: a ir ver e partilhar\u201d.<\/p>\n","protected":false},"excerpt":{"rendered":"<p>Dom Rodolfo Lu\u00eds Weber Arcebispo de Passo Fundo (RS) Estamos na Semana da P\u00e1tria e os textos b\u00edblicos deste domingo provocam reflex\u00f5es oportunas sobre o nosso Brasil e como viver nele como crist\u00e3os cat\u00f3licos. Cabe ressaltar que a liturgia cat\u00f3lica sempre l\u00ea estes textos no 23\u00ba domingo do Tempo Comum do Ano B. O profeta &hellip;<\/p>\n<p class=\"read-more\"> <a class=\"\" href=\"https:\/\/www.cnbb.org.br\/brasil-nossa-patria\/\"> <span class=\"screen-reader-text\">Brasil, nossa p\u00e1tria<\/span> Leia mais &raquo;<\/a><\/p>\n","protected":false},"author":27,"featured_media":0,"comment_status":"open","ping_status":"open","sticky":false,"template":"","format":"standard","meta":{"site-sidebar-layout":"default","site-content-layout":"default","ast-global-header-display":"","ast-banner-title-visibility":"","ast-main-header-display":"","ast-hfb-above-header-display":"","ast-hfb-below-header-display":"","ast-hfb-mobile-header-display":"","site-post-title":"","ast-breadcrumbs-content":"","ast-featured-img":"","footer-sml-layout":"","theme-transparent-header-meta":"default","adv-header-id-meta":"","stick-header-meta":"","header-above-stick-meta":"","header-main-stick-meta":"","header-below-stick-meta":""},"categories":[758],"tags":[],"acf":[],"_links":{"self":[{"href":"https:\/\/www.cnbb.org.br\/cnbb-app\/wp\/v2\/posts\/789426"}],"collection":[{"href":"https:\/\/www.cnbb.org.br\/cnbb-app\/wp\/v2\/posts"}],"about":[{"href":"https:\/\/www.cnbb.org.br\/cnbb-app\/wp\/v2\/types\/post"}],"author":[{"embeddable":true,"href":"https:\/\/www.cnbb.org.br\/cnbb-app\/wp\/v2\/users\/27"}],"replies":[{"embeddable":true,"href":"https:\/\/www.cnbb.org.br\/cnbb-app\/wp\/v2\/comments?post=789426"}],"version-history":[{"count":0,"href":"https:\/\/www.cnbb.org.br\/cnbb-app\/wp\/v2\/posts\/789426\/revisions"}],"wp:attachment":[{"href":"https:\/\/www.cnbb.org.br\/cnbb-app\/wp\/v2\/media?parent=789426"}],"wp:term":[{"taxonomy":"category","embeddable":true,"href":"https:\/\/www.cnbb.org.br\/cnbb-app\/wp\/v2\/categories?post=789426"},{"taxonomy":"post_tag","embeddable":true,"href":"https:\/\/www.cnbb.org.br\/cnbb-app\/wp\/v2\/tags?post=789426"}],"curies":[{"name":"wp","href":"https:\/\/api.w.org\/{rel}","templated":true}]}}