{"id":7915,"date":"2017-10-06T00:00:00","date_gmt":"2017-10-06T03:00:00","guid":{"rendered":"https:\/\/www.cnbb.org.br\/225a-festa-do-cirio-de-nazare-celebra-maria-como-a-estrela-da-evangelizacao-e-inspiracao-para-a-igreja\/"},"modified":"2017-10-06T00:00:00","modified_gmt":"2017-10-06T03:00:00","slug":"225a-festa-do-cirio-de-nazare-celebra-maria-como-a-estrela-da-evangelizacao-e-inspiracao-para-a-igreja","status":"publish","type":"post","link":"https:\/\/www.cnbb.org.br\/225a-festa-do-cirio-de-nazare-celebra-maria-como-a-estrela-da-evangelizacao-e-inspiracao-para-a-igreja\/","title":{"rendered":"225\u00aa festa do C\u00edrio de Nazar\u00e9 em Bel\u00e9m-PA celebra &#8220;Maria, como a estrela da Evangeliza\u00e7\u00e3o&#8221;"},"content":{"rendered":"<p style=\"text-align: justify\">Com o tema \u201cMaria, estrela da Evangeliza\u00e7\u00e3o\u201d, a festa do C\u00edrio de Nazar\u00e9 teve in\u00edcio dia 03\/10, com a abertura da Festa, na Casa de Pl\u00e1cido e se estende at\u00e9 o dia 23 de outubro, quando \u00e0s 5h30 da manh\u00e3, se realiza a subida da Imagem, na Bas\u00edlica Santu\u00e1rio de Nazar\u00e9.<\/p>\n<p style=\"text-align: justify\">Na Lada\u00ednha para o C\u00edrio de 2017, o arcebispo de Bel\u00e9m (PA), dom Alberto Taveira, em refer\u00eancia \u00e0 Nossa Senhora de Nazar\u00e9, pede que Ela seja \u201ca Estrela da Evangeliza\u00e7\u00e3o sempre renovada, que a Igreja, obediente ao mandato do Senhor, deve promover e realizar, sobretudo nestes tempos dif\u00edceis mas cheios de esperan\u00e7a\u201d.<\/p>\n<figure id=\"attachment_7667\" aria-describedby=\"caption-attachment-7667\" style=\"width: 300px\" class=\"wp-caption alignright\"><a href=\"http:\/\/cnbb.net.br\/225a-festa-do-cirio-de-nazare-celebra-maria-como-a-estrela-da-evangelizacao-e-inspiracao-para-a-igreja\/manto-santa\/\" rel=\"attachment wp-att-7667 noopener\" target=\"_blank\"><img decoding=\"async\" loading=\"lazy\" class=\"wp-image-7667 size-medium\" src=\"http:\/\/cnbb.net.br\/wp-content\/uploads\/2017\/10\/manto-santa-300x300.png\" alt=\"\" width=\"300\" height=\"300\" \/><\/a><figcaption id=\"caption-attachment-7667\" class=\"wp-caption-text\">Arte: Arquidiocese de Bel\u00e9m (PA)<\/figcaption><\/figure>\n<p style=\"text-align: justify\">O manto oficial que cobre a imagem da santa foi apresentado pela Arquidiocese de Bel\u00e9m, dia 5. Desenvolvido pela designer Adriana Folha e executado pela estilista Marilza Ramos, o manto \u00e9 formado por um conjunto de elementos florais e centralizado com uma estrela que representa Maria.<\/p>\n<p style=\"text-align: justify\">Este ano, espera-se reunir mais de 2 milh\u00f5es de pessoas, segundo a organiza\u00e7\u00e3o. Bel\u00e9m, a cidade das Mangueiras, se enche de luz e cores na \u00e9poca do C\u00edrio de Nazar\u00e9. A capital paraense ganhou na noite de quinta-feira, 5\/10, uma ilumina\u00e7\u00e3o tem\u00e1tica dentro do projeto \u201cBel\u00e9m &#8211; Cidade Luz da Amaz\u00f4nia\u201d, na Pra\u00e7a Batista Campos e ao longo da avenida Doca de Souza Franco.<\/p>\n<p style=\"text-align: justify\">De acordo com o presidente do C\u00edrio e reitor da Bas\u00edlica Santu\u00e1rio de Nazar\u00e9, padre Luiz Carlos Nunes Gon\u00e7alves, as principais novidades deste ano s\u00e3o o Projeto Selo do C\u00edrio, o refor\u00e7o na seguran\u00e7a e fiscaliza\u00e7\u00e3o nos eventos programados, substitui\u00e7\u00e3o do carro da promessa e mudan\u00e7a no hor\u00e1rio de fechamento das ruas para as grandes prociss\u00f5es.<\/p>\n<p style=\"text-align: justify\">O coordenador do C\u00edrio 2017, Roberto Souza, afirma que as mudan\u00e7as visam proporcionar maior conforto e seguran\u00e7a para todos os romeiros que acompanham e vivem o C\u00edrio de Nazar\u00e9: \u201cCada modifica\u00e7\u00e3o feita pelos \u00f3rg\u00e3os de seguran\u00e7a do Estado, em parceria com a Diretoria da Festa, \u00e9 pensada sempre com o objetivo de assegurar o bem estar de todos que vem \u00e0 Bel\u00e9m participar da maior manifesta\u00e7\u00e3o de f\u00e9 do mundo, s\u00e3o mais de dois milh\u00f5es de fieis que sa\u00fadam Nossa Senhora de Nazar\u00e9 e para estes, buscamos proporcionar sempre o melhor\u201d.<\/p>\n<p style=\"text-align: justify\">Uma das novidades tamb\u00e9m \u00e9 o uso da tecnologia a servi\u00e7o da f\u00e9. Os internautas poder\u00e3o baixar o \u201cAplicativo do C\u00edrio\u201d, nos sistemas android e IOS. Nele, \u00e9 poss\u00edvel conhecer a hist\u00f3ria do C\u00edrio de Nazar\u00e9, suas tradi\u00e7\u00f5es, s\u00edmbolos, ora\u00e7\u00f5es e m\u00fasicas. Acompanhar a programa\u00e7\u00e3o das atividades e o posicionamento da imagem peregrina de Nossa Senhora de Nazar\u00e9 em tempo real em todas as romarias oficiais.<\/p>\n<p><span style=\"color: #800000\"><strong>PROGRAMA\u00c7\u00c3O:<\/strong><\/span><br \/>\nA Arquidiocese de Bel\u00e9m j\u00e1 divulgou a programa\u00e7\u00e3o oficial do C\u00edrio de Nossa Senhora de Nazar\u00e9 2017 em outubro. Confira:<\/p>\n<p><strong>3 de outubro<\/strong><br \/>\nAbertura da Festa \u00e0s 19 horas, na Casa de Pl\u00e1cido.<\/p>\n<p><strong>4 de outubro<\/strong><br \/>\nCome\u00e7o da Vig\u00edlia de Adora\u00e7\u00e3o ao Sant\u00edssimo Sacramento, \u00e0s 8 horas, na Capela do Bom Pastor, no Centro Social de Nazar\u00e9.<br \/>\nConcerto Mariano, \u00e0s 20 horas, na Bas\u00edlica Santu\u00e1rio de Nazar\u00e9.<br \/>\nTransporte dos Carros do C\u00edrio, \u00e0s 21 horas.<\/p>\n<p><strong>5 de outubro<\/strong><br \/>\nApresenta\u00e7\u00e3o do Manto, \u00e0s 18 horas, na Bas\u00edlica Santu\u00e1rio.<\/p>\n<p><strong>6 de outubro<\/strong><br \/>\nFinal da Vig\u00edlia de Adora\u00e7\u00e3o ao Sant\u00edssimo Sacramento, \u00e0s 6h30, na Capela do Bom Pastor.<br \/>\nTraslado para Ananindeua-Marituba, \u00e0s 8 horas, na Bas\u00edlica Santu\u00e1rio.<\/p>\n<p><strong>7 de outubro<\/strong><br \/>\nRomaria Rodovi\u00e1ria, \u00e0s 5h30, na Igreja Matriz de Ananindeua.<br \/>\nRomaria Fluvial, \u00e0s 9 horas, no Trapiche de Icoaraci.<br \/>\nMotorromaria, \u00e0s 11h30, na Pra\u00e7a Pedro Teixeira.<br \/>\nDescida da Imagem, \u00e0s 12h30, na Bas\u00edlica Santu\u00e1rio de Nazar\u00e9.<br \/>\nMissa da Traslada\u00e7\u00e3o, \u00e0s 16h30, no Col\u00e9gio Gentil Bittencourt.<br \/>\nTraslada\u00e7\u00e3o, \u00e0s 17h30, do Col\u00e9gio Gentil Bittencourt.<\/p>\n<p><strong>8 de outubro<\/strong><br \/>\nMissa do C\u00edrio, \u00e0s 5 horas, na Catedral de Bel\u00e9m.<br \/>\nC\u00edrio de Nazar\u00e9, \u00e0s 6h30, rumo \u00e0 Pra\u00e7a Santu\u00e1rio de Nazar\u00e9.<\/p>\n<p><strong>14 de outubro<\/strong><br \/>\nCiclorromaria, \u00e0s 8h30, na Pra\u00e7a Santu\u00e1rio de Nazar\u00e9.<br \/>\nRomaria da Juventude, \u00e0s 16 horas, saindo da Igreja de Nossa Senhora de F\u00e1tima.<\/p>\n<p><strong>15 de outubro<\/strong><br \/>\nMissa da Romaria das Crian\u00e7as, \u00e0s 7 horas, na Pra\u00e7a Santu\u00e1rio de Nazar\u00e9.<br \/>\nRomaria das Crian\u00e7as, \u00e0s 8 horas, na Pra\u00e7a Santu\u00e1rio.<\/p>\n<p><strong>21 de outubro<\/strong><br \/>\nRomaria dos Corredores, \u00e0s 5h30, na Pra\u00e7a Santu\u00e1rio de Bel\u00e9m.<\/p>\n<p><strong>22 de outubro<\/strong><br \/>\nProciss\u00e3o da Festa, \u00e0s 8 horas, na Comunidade Sagrada Fam\u00edlia.<br \/>\nMissa de Encerramento, \u00e0s 18 horas, na Bas\u00edlica Santu\u00e1rio de Nazar\u00e9.<\/p>\n<p><strong>23 de outubro<\/strong><br \/>\nSubida da Imagem, \u00e0s 5h30, na Bas\u00edlica Santu\u00e1rio de Nazar\u00e9.<br \/>\nMissa do Rec\u00edrio, \u00e0s 6 horas, na Pra\u00e7a Santu\u00e1rio de Nazar\u00e9.<br \/>\nRec\u00edrio para o Col\u00e9gio Gentil Bittencourt, \u00e0s 7 horas, na Pra\u00e7a Santu\u00e1rio de Bel\u00e9m.<\/p>\n<p>&nbsp;<\/p>\n","protected":false},"excerpt":{"rendered":"<p>Dom Alberto Taveira: &#8220;Que nossa senhora de Nazar\u00e9 seja Estrela da Evangeliza\u00e7\u00e3o e inspire a Igreja, sobretudo nestes tempos dif\u00edceis\u201d<\/p>\n","protected":false},"author":83,"featured_media":0,"comment_status":"closed","ping_status":"open","sticky":false,"template":"","format":"standard","meta":{"site-sidebar-layout":"default","site-content-layout":"default","ast-global-header-display":"","ast-banner-title-visibility":"","ast-main-header-display":"","ast-hfb-above-header-display":"","ast-hfb-below-header-display":"","ast-hfb-mobile-header-display":"","site-post-title":"","ast-breadcrumbs-content":"","ast-featured-img":"","footer-sml-layout":"","theme-transparent-header-meta":"","adv-header-id-meta":"","stick-header-meta":"","header-above-stick-meta":"","header-main-stick-meta":"","header-below-stick-meta":""},"categories":[841],"tags":[],"acf":[],"_links":{"self":[{"href":"https:\/\/www.cnbb.org.br\/cnbb-app\/wp\/v2\/posts\/7915"}],"collection":[{"href":"https:\/\/www.cnbb.org.br\/cnbb-app\/wp\/v2\/posts"}],"about":[{"href":"https:\/\/www.cnbb.org.br\/cnbb-app\/wp\/v2\/types\/post"}],"author":[{"embeddable":true,"href":"https:\/\/www.cnbb.org.br\/cnbb-app\/wp\/v2\/users\/83"}],"replies":[{"embeddable":true,"href":"https:\/\/www.cnbb.org.br\/cnbb-app\/wp\/v2\/comments?post=7915"}],"version-history":[{"count":0,"href":"https:\/\/www.cnbb.org.br\/cnbb-app\/wp\/v2\/posts\/7915\/revisions"}],"wp:attachment":[{"href":"https:\/\/www.cnbb.org.br\/cnbb-app\/wp\/v2\/media?parent=7915"}],"wp:term":[{"taxonomy":"category","embeddable":true,"href":"https:\/\/www.cnbb.org.br\/cnbb-app\/wp\/v2\/categories?post=7915"},{"taxonomy":"post_tag","embeddable":true,"href":"https:\/\/www.cnbb.org.br\/cnbb-app\/wp\/v2\/tags?post=7915"}],"curies":[{"name":"wp","href":"https:\/\/api.w.org\/{rel}","templated":true}]}}