{"id":7920,"date":"2017-10-08T00:00:00","date_gmt":"2017-10-08T03:00:00","guid":{"rendered":"https:\/\/www.cnbb.org.br\/mensagem-do-papa-pelos-100-anos-do-primeiro-codigo-de-direito-canonico\/"},"modified":"2017-10-08T00:00:00","modified_gmt":"2017-10-08T03:00:00","slug":"mensagem-do-papa-pelos-100-anos-do-primeiro-codigo-de-direito-canonico","status":"publish","type":"post","link":"https:\/\/www.cnbb.org.br\/mensagem-do-papa-pelos-100-anos-do-primeiro-codigo-de-direito-canonico\/","title":{"rendered":"Mensagem do Papa pelos 100 anos do primeiro C\u00f3digo de Direito Can\u00f4nico"},"content":{"rendered":"<p style=\"text-align: justify\">\u201cO\u00a0<strong>centen\u00e1rio do primeiro C\u00f3digo de Direito Can\u00f4nico<\/strong>, que se celebra este ano, deve ser tamb\u00e9m ocasi\u00e3o para olhar para o hoje e o amanh\u00e3, para readquirir e aprofundar o sentido aut\u00eantico do direito na Igreja, Corpo M\u00edstico de Cristo, onde o dom\u00ednio \u00e9 da Palavra e dos Sacramentos, enquanto\u00a0<strong>a norma tem sim um papel necess\u00e1rio, mas de servi\u00e7o<\/strong>.\u201d<\/p>\n<p style=\"text-align: justify\">S\u00e3o palavras do\u00a0<strong>Papa Francisco<\/strong>\u00a0na Mensagem para o\u00a0<strong>XVI Congresso Internacional de Direito Can\u00f4nico<\/strong>\u00a0organizado em Roma pela Consociatio, passados cem anos da promulga\u00e7\u00e3o do primeiro C\u00f3digo de Direito Can\u00f4nico \u2013 12 de maio de 1917.<\/p>\n<p style=\"text-align: justify\">Ater-se aos desafios atuais e n\u00e3o somente comemorar: esse \u00e9 o esp\u00edrito do Congresso, visto pelo Papa como\u00a0<strong>\u201cocasi\u00e3o prop\u00edcia para refletir sobre uma genu\u00edna forma\u00e7\u00e3o na Igreja<\/strong>, que leve a compreender, de fato, o\u00a0<strong>car\u00e1ter pastoral do direito can\u00f4nico<\/strong>, a sua instrumentalidade voltada para a\u00a0<em>salus animarum<\/em>\u00a0(a salva\u00e7\u00e3o das almas) (c\u00e2n. 1752 do C\u00f3digo de 1983), a sua necessidade para obsequiar a virtude da justi\u00e7a,\u00a0 que tamb\u00e9m na Igreja deve ser afirmada e garantida\u201d.<\/p>\n<p style=\"text-align: justify\">Citando a Carta de Bento XVI aos seminaristas e o que escreveu S\u00e3o Jo\u00e3o Paulo II na Constitui\u00e7\u00e3o apost\u00f3lica\u00a0<em>Sacrae disciplina leges<\/em>, o Santo Padre reitera o convite a amar o direito can\u00f4nico em virtude daquela \u201cNulla est charitas sine iustitia\u201d e a compreender \u201ca exig\u00eancia de que\u00a0<strong>o direito can\u00f4nico seja sempre conforme a eclesiologia conciliar e se fa\u00e7a instrumento d\u00f3cil e eficaz de tradu\u00e7\u00e3o dos ensinamentos do Conc\u00edlio Vaticano II na vida cotidiana do povo de Deus<\/strong>&#8220;.<\/p>\n<p style=\"text-align: justify\">A Mensagem do Pont\u00edfice conclui-se justamente com um olhar voltado para o Conc\u00edlio ecum\u00eanico Vaticano II: \u201cComo todo Conc\u00edlio, tamb\u00e9m o Vaticano II \u00e9 destinado a exercer em toda a Igreja uma influ\u00eancia duradoura. Por conseguinte,\u00a0<strong>o direito can\u00f4nico pode ser um instrumento privilegiado para favorecer a sua recep\u00e7\u00e3o ao longo do tempo e na sucess\u00e3o das gera\u00e7\u00f5es<\/strong>\u201d. (RL\/EC)<\/p>\n<p>(Texto: R\u00e1dio Vaticano)<\/p>\n<p>Arte: Comunidade Cat\u00f3lica Porta Fidei<\/p>\n","protected":false},"excerpt":{"rendered":"<p>Papa Francisco: &#8220;ocasi\u00e3o para olhar para o hoje e o amanh\u00e3, para readquirir e aprofundar o sentido aut\u00eantico do direito na Igreja<\/p>\n","protected":false},"author":83,"featured_media":7921,"comment_status":"closed","ping_status":"open","sticky":false,"template":"","format":"standard","meta":{"site-sidebar-layout":"default","site-content-layout":"default","ast-global-header-display":"","ast-banner-title-visibility":"","ast-main-header-display":"","ast-hfb-above-header-display":"","ast-hfb-below-header-display":"","ast-hfb-mobile-header-display":"","site-post-title":"","ast-breadcrumbs-content":"","ast-featured-img":"","footer-sml-layout":"","theme-transparent-header-meta":"","adv-header-id-meta":"","stick-header-meta":"","header-above-stick-meta":"","header-main-stick-meta":"","header-below-stick-meta":""},"categories":[784],"tags":[],"acf":[],"_links":{"self":[{"href":"https:\/\/www.cnbb.org.br\/cnbb-app\/wp\/v2\/posts\/7920"}],"collection":[{"href":"https:\/\/www.cnbb.org.br\/cnbb-app\/wp\/v2\/posts"}],"about":[{"href":"https:\/\/www.cnbb.org.br\/cnbb-app\/wp\/v2\/types\/post"}],"author":[{"embeddable":true,"href":"https:\/\/www.cnbb.org.br\/cnbb-app\/wp\/v2\/users\/83"}],"replies":[{"embeddable":true,"href":"https:\/\/www.cnbb.org.br\/cnbb-app\/wp\/v2\/comments?post=7920"}],"version-history":[{"count":0,"href":"https:\/\/www.cnbb.org.br\/cnbb-app\/wp\/v2\/posts\/7920\/revisions"}],"wp:featuredmedia":[{"embeddable":true,"href":"https:\/\/www.cnbb.org.br\/cnbb-app\/wp\/v2\/media\/7921"}],"wp:attachment":[{"href":"https:\/\/www.cnbb.org.br\/cnbb-app\/wp\/v2\/media?parent=7920"}],"wp:term":[{"taxonomy":"category","embeddable":true,"href":"https:\/\/www.cnbb.org.br\/cnbb-app\/wp\/v2\/categories?post=7920"},{"taxonomy":"post_tag","embeddable":true,"href":"https:\/\/www.cnbb.org.br\/cnbb-app\/wp\/v2\/tags?post=7920"}],"curies":[{"name":"wp","href":"https:\/\/api.w.org\/{rel}","templated":true}]}}