{"id":7934,"date":"2017-10-11T00:00:00","date_gmt":"2017-10-11T03:00:00","guid":{"rendered":"https:\/\/www.cnbb.org.br\/7839-2\/"},"modified":"2017-10-11T00:00:00","modified_gmt":"2017-10-11T03:00:00","slug":"7839-2","status":"publish","type":"post","link":"https:\/\/www.cnbb.org.br\/7839-2\/","title":{"rendered":"Papa nomeia bispo para Campina Grande, na Para\u00edba"},"content":{"rendered":"<p style=\"text-align: justify\">A Nunciatura Apost\u00f3lica no Brasil comunicou nesta quarta-feira, 11, a decis\u00e3o do papa Francisco em nomear bispo para a vacante diocese de Campina Grande, na Para\u00edba, dom Dulc\u00eanio Fontes de Matos, at\u00e9 ent\u00e3o bispo de Palmeira dos \u00cdndios, em Alagoas. A decis\u00e3o foi comunicada no jornal \u201cL\u2019Osservatore Romano\u201d.<\/p>\n<p style=\"text-align: justify\"><strong>Dulc\u00eanio Fontes de Matos<\/strong><br \/>\nAtualmente com 59 anos de idade, Dulc\u00eanio Fontes de Matos \u00e9 natural de Lagarto (SE). Licenciado em Filosofia pela Universidade Estadual do Cear\u00e1 e em Teologia pela pontif\u00edcia Universidade Cat\u00f3lica do Rio de Janeiro (RJ), foi ordenado sacerdote em 14\/12\/1985, em Lagarto, sua terra natal. Cursou especializa\u00e7\u00e3o em Filosofia e Epistemologia da Psicologia, pela UVC Cear\u00e1, de 1997 a 1998.<\/p>\n<p style=\"text-align: justify\"><strong>Atividades como presb\u00edtero<br \/>\n<\/strong>Como presb\u00edtero exerceu, entre os anos de 1985 a 1987, a fun\u00e7\u00e3o de sacerdote na par\u00f3quia Nossa Senhora da Piedade, em Lagarto (SE). De 1987 a 1992 foi presb\u00edtero na par\u00f3quia Nossa Senhora da Guia, em Umba\u00faba (SE). Foi administrador paroquial da par\u00f3quia S\u00e3o Francisco de Assis, em Cristan\u00f3polis (SE), em 1992. Entre 1989 e 1993 exerceu a fun\u00e7\u00e3o de coordenador diocesano da Pastoral da Juventude e Vocacional (1989-1993).<\/p>\n<p style=\"text-align: justify\">Foi diretor espiritual diocesano do Movimento Encontro de Casais com Cristo (ECC), em 1997. Tamb\u00e9m exerceu a fun\u00e7\u00e3o de professor de filosofia nas escolas municipais Benedito Barreto do Nascimento em Umba\u00faba (SE) e em Cristian\u00f3polis (SE) e no col\u00e9gio Sagrado Cora\u00e7\u00e3o de Umba\u00faba (SE).<\/p>\n<p style=\"text-align: justify\">Foi coordenador diocesano de Pastoral, em 1995. Lecionou a disciplina Liturgia, Espiritualidade e Eclesiologia no curso de extens\u00e3o em Teologia da diocese de Est\u00e2ncia, onde mais tarde, em 1998, foi diretor. Al\u00e9m disto, foi membro do conselho presbiteral e do conselho de consultores. Exerceu a fun\u00e7\u00e3o de p\u00e1roco na catedral Nossa Senhora de Guadalupe, em Est\u00e2ncia (SE), 1992-2001.<\/p>\n<p style=\"text-align: justify\"><strong>Atividades como bispo<\/strong><br \/>\nDom Dulc\u00eanio foi nomeado bispo em 18\/04\/2001 e adotou o lema \u201cPro Mundi Vita\u201d. Sua posse foi em 16\/06\/2001, em Est\u00e2ncia-SE. Exerceu a fun\u00e7\u00e3o de Bispo Auxiliar de Aracaju-SE, 2001-2006; Foi vig\u00e1rio geral da Arquidiocese de Aracaju e bispo referencial da C\u00e1ritas Nordeste (NE) 3 e do Nordeste 2, de 2008 a 2011. Tamb\u00e9m exerceu a fun\u00e7\u00e3o de presidente do Sub-regional NE 3. Foi bispo referencial da Pastoral da Sobriedade e 2\u00ba suplente da presid\u00eancia do Regional NE 2.<\/p>\n<p style=\"text-align: center\"><span style=\"color: #800000\"><strong>Sauda\u00e7\u00e3o da CNBB a Dom Dulc\u00eanio Fontes de Matos<\/strong><\/span><\/p>\n<p style=\"text-align: right\">Bras\u00edlia, 11 de outubro de 2017<\/p>\n<p>Prezado Irm\u00e3o, Dom Dulc\u00eanio Fontes de Matos<\/p>\n<p style=\"text-align: justify\">A Confer\u00eancia Nacional dos Bispos do Brasil \u2013 CNBB se alegra com sua nomea\u00e7\u00e3o como bispo da diocese paraibana de Campina Grande. Destacamos e agradecemos seu bondoso servi\u00e7o \u00e0 nossa Confer\u00eancia como bispo referencial de v\u00e1rias dimens\u00f5es da pastoral, tanto no regional Nordeste 3, como no regional Nordeste 2.<\/p>\n<p>Saudamos sua transfer\u00eancia com uma palavra do Papa Francisco dirigida aos bispos na recente visita \u00e0 Col\u00f4mbia: \u201cDeus precede-nos: somos ramos e n\u00e3o a videira. Portanto, n\u00e3o silencieis a voz d\u2019Aquele que vos chamou, nem vos iludais de que sejam a soma das vossas pobres virtudes ou os elogios dos poderosos de turno que asseguram o resultado da miss\u00e3o que Deus vos confiou. Ao contr\u00e1rio, mendigai na ora\u00e7\u00e3o quando n\u00e3o puderdes dar, nem dar-vos, para terdes algo a oferecer \u00e0queles que constantemente se aproximam do vosso cora\u00e7\u00e3o de Pastores\u201d.<\/p>\n<p>Enviamos nosso abra\u00e7o e nos alegramos com todos os membros das comunidades da diocese de Campina Grande como tamb\u00e9m nos colocamos em ora\u00e7\u00e3o pela Igreja Particular de Palmeira dos \u00cdndios.<\/p>\n<p>Em Cristo,<\/p>\n<p style=\"text-align: center\">Dom Leonardo Ulrich Steiner<br \/>\nBispo auxiliar de Bras\u00edlia &#8211; DF<br \/>\nSecret\u00e1rio-geral da CNBB<\/p>\n","protected":false},"excerpt":{"rendered":"<p>CNBB envia sauda\u00e7\u00e3o a dom Dulc\u00eanio Fonte<\/p>\n","protected":false},"author":83,"featured_media":7935,"comment_status":"closed","ping_status":"open","sticky":false,"template":"","format":"standard","meta":{"site-sidebar-layout":"default","site-content-layout":"default","ast-global-header-display":"","ast-banner-title-visibility":"","ast-main-header-display":"","ast-hfb-above-header-display":"","ast-hfb-below-header-display":"","ast-hfb-mobile-header-display":"","site-post-title":"","ast-breadcrumbs-content":"","ast-featured-img":"","footer-sml-layout":"","theme-transparent-header-meta":"","adv-header-id-meta":"","stick-header-meta":"","header-above-stick-meta":"","header-main-stick-meta":"","header-below-stick-meta":""},"categories":[798],"tags":[],"acf":[],"_links":{"self":[{"href":"https:\/\/www.cnbb.org.br\/cnbb-app\/wp\/v2\/posts\/7934"}],"collection":[{"href":"https:\/\/www.cnbb.org.br\/cnbb-app\/wp\/v2\/posts"}],"about":[{"href":"https:\/\/www.cnbb.org.br\/cnbb-app\/wp\/v2\/types\/post"}],"author":[{"embeddable":true,"href":"https:\/\/www.cnbb.org.br\/cnbb-app\/wp\/v2\/users\/83"}],"replies":[{"embeddable":true,"href":"https:\/\/www.cnbb.org.br\/cnbb-app\/wp\/v2\/comments?post=7934"}],"version-history":[{"count":0,"href":"https:\/\/www.cnbb.org.br\/cnbb-app\/wp\/v2\/posts\/7934\/revisions"}],"wp:featuredmedia":[{"embeddable":true,"href":"https:\/\/www.cnbb.org.br\/cnbb-app\/wp\/v2\/media\/7935"}],"wp:attachment":[{"href":"https:\/\/www.cnbb.org.br\/cnbb-app\/wp\/v2\/media?parent=7934"}],"wp:term":[{"taxonomy":"category","embeddable":true,"href":"https:\/\/www.cnbb.org.br\/cnbb-app\/wp\/v2\/categories?post=7934"},{"taxonomy":"post_tag","embeddable":true,"href":"https:\/\/www.cnbb.org.br\/cnbb-app\/wp\/v2\/tags?post=7934"}],"curies":[{"name":"wp","href":"https:\/\/api.w.org\/{rel}","templated":true}]}}