{"id":7943,"date":"2017-10-13T00:00:00","date_gmt":"2017-10-13T03:00:00","guid":{"rendered":"https:\/\/www.cnbb.org.br\/a-juventude-no-centro-da-igreja-1-ano-para-o-sinodo-dos-jovens\/"},"modified":"2020-03-11T16:53:22","modified_gmt":"2020-03-11T19:53:22","slug":"a-juventude-no-centro-da-igreja-1-ano-para-o-sinodo-dos-jovens","status":"publish","type":"post","link":"https:\/\/www.cnbb.org.br\/a-juventude-no-centro-da-igreja-1-ano-para-o-sinodo-dos-jovens\/","title":{"rendered":"A juventude no centro do olhar da Igreja Cat\u00f3lica: 1 ano para o S\u00ednodo dos jovens"},"content":{"rendered":"<p style=\"text-align: justify\">Em outubro de 2018, ou seja, daqui a 1 ano, a juventude no mundo ser\u00e1 assunto da XV Assembleia Ordin\u00e1ria do S\u00ednodo dos Bispos, com o tema \u201cOs jovens, a f\u00e9 e o discernimento vocacional\u201d. Cardeais, bispos, padres, leigos e leigas estar\u00e3o reunidos, no Vaticano, em Roma, para prepara\u00e7\u00e3o do documento com as novas diretrizes para evangeliza\u00e7\u00e3o da juventude no mundo.<\/p>\n<p style=\"text-align: justify\">O s\u00ednodo dos Bispos pode ser definido, em termos gerais, como uma assembleia consultiva de representantes dos episcopados cat\u00f3licos de todo o mundo que se juntam a peritos e outros convidados, com a tarefa ajudar o papa no governo da Igreja.<\/p>\n<p style=\"text-align: justify\">Para que esse movimento ocorra, em janeiro deste ano, o Francisco deu in\u00edcio ao processo de prepara\u00e7\u00e3o com a fase de consulta, etapa em que o povo de Deus p\u00f4de enviar contribui\u00e7\u00f5es e respostas ao question\u00e1rio disponibilizado pela Santa S\u00e9. Esse prazo se encerrou em julho e todas as contribui\u00e7\u00f5es e respostas foram compiladas e ser\u00e3o enviadas \u00e0 Secret\u00e1ria Geral do S\u00ednodo. Este processo levar\u00e1 \u00e0 reda\u00e7\u00e3o do instrumento de trabalho para a assembleia sinodal.<\/p>\n<p style=\"text-align: justify\">Para o bispo da diocese de Imperatriz (MA) e presidente da comiss\u00e3o Episcopal Pastoral para a Juventude da Confer\u00eancia Nacional dos Bispos do Brasil, dom Vilson Basso, esse s\u00ednodo \u00e9 um tempo de esperan\u00e7a pois a juventude foi colocada no centro da igreja.<\/p>\n<blockquote>\n<p style=\"text-align: justify\"><span style=\"color: #993300\"><strong>\u201c\u00c9 um momento de escutar a voz, o clamor, o grito e as esperan\u00e7as da juventude. \u00c9 preciso ter coragem, ou seja, fazer um exerc\u00edcio para escutar a juventude de dentro e fora da Igreja\u201d, destaca.<\/strong><\/span><\/p>\n<\/blockquote>\n<p style=\"text-align: justify\">Por meio de um documento, o Vaticano questionou a juventude com a finalidade de acompanhar os jovens em seu caminho existencial rumo \u00e0 maturidade, para que, por meio de um processo de discernimento, \u201cpossam descobrir seu projeto de vida e realiz\u00e1-lo com alegria, abrindo-se ao encontro com Deus e com os homens, participando ativamente da edifica\u00e7\u00e3o da Igreja e da sociedade\u201d.<\/p>\n<p style=\"text-align: justify\">O documento preparat\u00f3rio prop\u00f4s uma reflex\u00e3o em tr\u00eas partes. A primeira sobre as din\u00e2micas sociais e culturais. Na sequ\u00eancia, uma abordagem do \u201cdiscernimento\u201d como instrumento que a Igreja oferece aos mais novos para a descoberta da sua voca\u00e7\u00e3o. Por fim, s\u00e3o colocados em relevo os elementos fundamentais da pastoral juvenil vocacional.<\/p>\n<p style=\"text-align: justify\">Para dom Vilson, a expectativa \u00e9 que a Igreja abra espa\u00e7o para que os jovens encontrem novos caminhos e novas maneiras de acompanhamento e evangeliza\u00e7\u00e3o da juventude.<\/p>\n<blockquote>\n<p style=\"text-align: justify\"><strong><span style=\"color: #993300\">\u201c Tendo escutado os jovens, a expectativa \u00e9 que surjam novas ideias, propostas e caminhos para a evangeliza\u00e7\u00e3o da juventude na realidade de s\u00e9culo XXI\u201d, ressaltou o bispo.<\/span><\/strong><\/p>\n<\/blockquote>\n<figure id=\"attachment_7919\" aria-describedby=\"caption-attachment-7919\" style=\"width: 382px\" class=\"wp-caption alignright\"><a href=\"http:\/\/cnbb.net.br\/a-juventude-no-centro-da-igreja-1-ano-para-o-sinodo-dos-jovens\/djnf3d0x0aa4cru\/\" rel=\"attachment wp-att-7919 noopener\" target=\"_blank\"><img decoding=\"async\" loading=\"lazy\" class=\" wp-image-7919\" src=\"http:\/\/cnbb.net.br\/wp-content\/uploads\/2017\/10\/DJnF3D0X0AA4CrU-300x200.jpg\" alt=\"\" width=\"382\" height=\"255\" \/><\/a><figcaption id=\"caption-attachment-7919\" class=\"wp-caption-text\">Reprodu\u00e7\u00e3o twitter\/synod2018<\/figcaption><\/figure>\n<p style=\"text-align: justify\">Os preparativos para o S\u00ednodo dos Bispos de 2018, podem ser acompanhados no portal do S\u00ednodo na internet: <a href=\"http:\/\/youth.synod2018.va\/content\/synod2018\/it.html\" target=\"_blank\" rel=\"noopener\">youth.synod2018.va<\/a> e\u00a0tamb\u00e9m pelas redes sociais. Foi criado o perfil \u201cSynod2018\u201d no Facebook, no <a href=\"https:\/\/twitter.com\/synod2018\" target=\"_blank\" rel=\"noopener\">Twitter<\/a> e no <a href=\"https:\/\/www.instagram.com\/synod2018\/\" target=\"_blank\" rel=\"noopener\">Instagram<\/a> para que os jovens possam interagir por meio da \u201c#Synod2018\u201d.<\/p>\n<p style=\"text-align: justify\">No \u00faltimo dia 4 de outubro, o papa anunciou um encontro mundial de jovens em prepara\u00e7\u00e3o ao S\u00ednodo de 2018. A reuni\u00e3o pr\u00e9-sinodal convocada pela Secretaria Geral do S\u00ednodo ser\u00e1 de 19 a 24 de mar\u00e7o do ano que vem e est\u00e3o convidados jovens de diferentes partes do mundo: jovens cat\u00f3licos e jovens de diversas confiss\u00f5es crist\u00e3s e de outras religi\u00f5es; tamb\u00e9m jovens n\u00e3o crentes.<\/p>\n<blockquote>\n<p style=\"text-align: justify\"><strong><span style=\"color: #993300\">\u201cEsta iniciativa se insere no caminho de prepara\u00e7\u00e3o para a pr\u00f3xima Assembleia Geral do S\u00ednodo dos Bispos, que ser\u00e1 sobre o tema \u2018Os jovens, a f\u00e9 e o discernimento vocacional\u2019 em outubro de 2018. Com tal caminho, a Igreja quer colocar-se \u00e0 escuta da voz, da sensibilidade, da f\u00e9 e tamb\u00e9m das d\u00favidas e cr\u00edticas dos jovens. Por isso, as conclus\u00f5es da Reuni\u00e3o de mar\u00e7o ser\u00e3o transmitidas aos Padres Sinodais\u201d, disse o Papa.<\/span><\/strong><\/p>\n<\/blockquote>\n<p style=\"text-align: justify\">Em uma nota divulgada na ocasi\u00e3o, a Secretaria Geral do S\u00ednodo afirmou que esta iniciativa permitir\u00e1 aos jovens exprimir suas expectativas e desejos, bem como suas incertezas e preocupa\u00e7\u00f5es nas complexas situa\u00e7\u00f5es do mundo de hoje. O fruto dos trabalhos da Reuni\u00e3o ser\u00e1 oferecido aos Padre Sinodais, junto com outra documenta\u00e7\u00e3o, para favorecer a sua reflex\u00e3o e aprofundamento.<\/p>\n","protected":false},"excerpt":{"rendered":"<p>A expectativa \u00e9 que surjam novas ideias, propostas e caminhos para a evangeliza\u00e7\u00e3o da juventude na realidade de s\u00e9culo XXI, diz dom Vilson Basso<\/p>\n","protected":false},"author":83,"featured_media":0,"comment_status":"closed","ping_status":"open","sticky":false,"template":"","format":"standard","meta":{"site-sidebar-layout":"default","site-content-layout":"default","ast-global-header-display":"","ast-banner-title-visibility":"","ast-main-header-display":"","ast-hfb-above-header-display":"","ast-hfb-below-header-display":"","ast-hfb-mobile-header-display":"","site-post-title":"","ast-breadcrumbs-content":"","ast-featured-img":"","footer-sml-layout":"","theme-transparent-header-meta":"","adv-header-id-meta":"","stick-header-meta":"","header-above-stick-meta":"","header-main-stick-meta":"","header-below-stick-meta":""},"categories":[775],"tags":[],"acf":[],"_links":{"self":[{"href":"https:\/\/www.cnbb.org.br\/cnbb-app\/wp\/v2\/posts\/7943"}],"collection":[{"href":"https:\/\/www.cnbb.org.br\/cnbb-app\/wp\/v2\/posts"}],"about":[{"href":"https:\/\/www.cnbb.org.br\/cnbb-app\/wp\/v2\/types\/post"}],"author":[{"embeddable":true,"href":"https:\/\/www.cnbb.org.br\/cnbb-app\/wp\/v2\/users\/83"}],"replies":[{"embeddable":true,"href":"https:\/\/www.cnbb.org.br\/cnbb-app\/wp\/v2\/comments?post=7943"}],"version-history":[{"count":0,"href":"https:\/\/www.cnbb.org.br\/cnbb-app\/wp\/v2\/posts\/7943\/revisions"}],"wp:attachment":[{"href":"https:\/\/www.cnbb.org.br\/cnbb-app\/wp\/v2\/media?parent=7943"}],"wp:term":[{"taxonomy":"category","embeddable":true,"href":"https:\/\/www.cnbb.org.br\/cnbb-app\/wp\/v2\/categories?post=7943"},{"taxonomy":"post_tag","embeddable":true,"href":"https:\/\/www.cnbb.org.br\/cnbb-app\/wp\/v2\/tags?post=7943"}],"curies":[{"name":"wp","href":"https:\/\/api.w.org\/{rel}","templated":true}]}}