{"id":7999,"date":"2017-10-19T00:00:00","date_gmt":"2017-10-19T02:00:00","guid":{"rendered":"https:\/\/www.cnbb.org.br\/cirio-de-nazare-em-maraba-reuniu-milhares-de-fieis-em-celebracoes\/"},"modified":"2017-10-19T00:00:00","modified_gmt":"2017-10-19T02:00:00","slug":"cirio-de-nazare-em-maraba-reuniu-milhares-de-fieis-em-celebracoes","status":"publish","type":"post","link":"https:\/\/www.cnbb.org.br\/cirio-de-nazare-em-maraba-reuniu-milhares-de-fieis-em-celebracoes\/","title":{"rendered":"C\u00edrio de Nazar\u00e9 em Marab\u00e1 reuniu milhares de fi\u00e9is em celebra\u00e7\u00f5es"},"content":{"rendered":"<p style=\"text-align: justify\">A diocese de Marab\u00e1 (PA) realizou entre os dias 14 e 15 de outubro o 37\u00ba C\u00edrio de Nossa Senhora de Nazar\u00e9. Foram milhares de pessoas da cidade de Marab\u00e1, das regi\u00f5es Sul e Sudeste do Par\u00e1 e de outros estados que participaram das missas e prociss\u00f5es em honra \u00e0 Rainha da Amaz\u00f4nia. O tema aprofundado neste ano foi \u201c\u00d3 Maria, ajudai-nos a viver a f\u00e9, esperan\u00e7a e a caridade\u201d.<\/p>\n<figure id=\"attachment_8193\" aria-describedby=\"caption-attachment-8193\" style=\"width: 350px\" class=\"wp-caption alignleft\"><a href=\"http:\/\/cnbb.net.br\/cirio-de-nazare-em-maraba-reuniu-milhares-de-fieis-em-celebracoes\/cirio-maraba_felipe-borges-2\/\" rel=\"attachment wp-att-8193 noopener\" target=\"_blank\"><img decoding=\"async\" loading=\"lazy\" class=\" wp-image-8193\" src=\"http:\/\/cnbb.net.br\/wp-content\/uploads\/2017\/10\/C\u00edrio-Maraba_Felipe-Borges-2-300x192.png\" alt=\"\" width=\"350\" height=\"224\" \/><\/a><figcaption id=\"caption-attachment-8193\" class=\"wp-caption-text\">Foto: Diocese de Marab\u00e1\/Felipe Borges<\/figcaption><\/figure>\n<p style=\"text-align: justify\">A primeira atividade do C\u00edrio foi a missa na par\u00f3quia S\u00e3o Francisco de Assis, em Marab\u00e1, seguida do percurso rodovi\u00e1rio at\u00e9 o Santu\u00e1rio de Nossa Senhora de Nazar\u00e9. Ap\u00f3s o trajeto ao santu\u00e1rio, houve a caminhada com a berlinda onde estava a imagem de Maria, que foi levada at\u00e9 a comunidade Santa Rosa em um carro do Ex\u00e9rcito.<\/p>\n<p style=\"text-align: justify\">Em seu percurso, a caminhada passou \u00e0s margens do Rio Tocantins, onde tradicionalmente se realiza o C\u00edrio Fluvial. Neste ano, por conta do baixo n\u00edvel das \u00e1guas, n\u00e3o foi poss\u00edvel faz\u00ea-lo. \u201cTivemos um momento de ora\u00e7\u00e3o sobre o Rio Tocantins pedindo a Deus pela intercess\u00e3o de Maria a gra\u00e7a da chuva e tamb\u00e9m foi um momento de conscientiza\u00e7\u00e3o para a preserva\u00e7\u00e3o do Rio sem a derrubada de matas\u201d, contou o bispo de Marab\u00e1, dom Vital Corbellini que presidiu as celebra\u00e7\u00f5es e participou das prociss\u00f5es.<\/p>\n<p style=\"text-align: justify\">Homenagens foram feitas pelas fam\u00edlias a Nossa Senhora de Nazar\u00e9 na Marab\u00e1 Pioneira, regi\u00e3o mais antiga do munic\u00edpio. Com uma multid\u00e3o reunida, foi celebrada outra missa, quando aconteceu a troca do manto de Nossa Senhora. A Eucaristia foi seguida de um show com o padre Reginaldo Manzotti.<\/p>\n<p style=\"text-align: justify\">No domingo, o trajeto foi em sentido oposto do realizado no s\u00e1bado: da Marab\u00e1 Pioneira at\u00e9 o Santu\u00e1rio, localizado na pra\u00e7a da Folha 16. \u201cUm percurso de mais de sete quil\u00f4metros. Muitas pessoas estavam agarradas \u00e0 corda da berlinda, agradecendo gra\u00e7as alcan\u00e7adas, outros estavam fazendo pedidos, outros o fizeram pela devo\u00e7\u00e3o \u00e0 Nossa Senhora de Nazar\u00e9\u201d, conta dom Vital.<\/p>\n<blockquote>\n<p style=\"text-align: justify\"><span style=\"color: #993300\">\u201cA prociss\u00e3o foi bastante orante onde teve um momento de pedido de perd\u00e3o a Deus e aos irm\u00e3os pelos pecados nossos, faltas das pessoas e do mundo contra Deus. O povo de Deus foi se agrupando ao longo do caminho formando uma grande multid\u00e3o de fi\u00e9is, que cantavam, louvavam a Deus por Nossa Senhora de Nazar\u00e9\u201d.<\/span><\/p>\n<\/blockquote>\n<p style=\"text-align: justify\">Ap\u00f3s a chegada ao Santu\u00e1rio, foi celebrada a missa de encerramento. \u201cTudo foi bonito porque o C\u00edrio de Nossa Senhora de Nazar\u00e9 \u00e9 inexplic\u00e1vel, \u00e9 lindo, \u00e9 algo de Deus para a nossa vida de crist\u00e3os, cat\u00f3licos e cat\u00f3licas. \u00c9 a presen\u00e7a de Maria na vida do povo de Deus. Maria nos leva Jesus no qual leva os pedidos que realizamos a ela s\u00e3o conduzidos a Jesus Cristo, o seu Filho. Ela nunca est\u00e1 sozinha, mas est\u00e1 sempre com o seu Filho\u201d, comentou o bispo.<\/p>\n<p style=\"text-align: justify\"><strong><span style=\"color: #993300\">Virtudes teologais<\/span><\/strong><br \/>\nDom Vital ainda explicou que o tema escolhido para o C\u00edrio marabaense abordou a f\u00e9, a esperan\u00e7a e a caridade, \u201cas virtudes teologais nas quais Maria as viveu na sua intensidade\u201d.<\/p>\n<p style=\"text-align: justify\"><strong><span style=\"color: #993300\">C\u00edrio Mission\u00e1rio<\/span><\/strong><br \/>\nNeste ano, aconteceu o C\u00edrio Mission\u00e1rio, iniciativa que visitou 1257 fam\u00edlias em diversas comunidades das par\u00f3quias da cidade de Marab\u00e1. \u201cFoi a presen\u00e7a de Maria e de Jesus Cristo na vida familiar\u201d, conta dom Vital. A imagem do C\u00edrio fez visitas em diversas institui\u00e7\u00f5es, par\u00f3quias, comunidades, c\u00e1rceres, universidade, emissoras de TV e associa\u00e7\u00f5es. Para o bispo diocesano, a participa\u00e7\u00e3o popular nas missas das comunidades foi algo bastante positivo, \u201cde f\u00e9 a Nossa Senhora de Nazar\u00e9 e ao seu Filho Jesus Cristo\u201d. Ele tamb\u00e9m ressaltou a manifesta\u00e7\u00e3o nas ruas como algo bonito, \u201conde o povo de Deus rezava, cantava de uma forma alegre. O C\u00edrio de Nossa Senhora de Nazar\u00e9 de Marab\u00e1 marcou a vida do povo de Deus pela f\u00e9 simples, singela das pessoas a Maria e a Jesus Cristo e ao mesmo tempo a vontade de marcar presen\u00e7a junto \u00e0 comunidade\u201d.<\/p>\n<blockquote>\n<p style=\"text-align: justify\"><em><span style=\"color: #993300\">\u201cA f\u00e9 do povo de Deus em Maria \u00e9 algo bonito. Deus seja louvado por ter-nos dado uma m\u00e3e. O C\u00edrio possui tamb\u00e9m a dimens\u00e3o mission\u00e1ria de ida para os outros como o Senhor Jesus nos envia sempre em miss\u00e3o fazendo com que a Igreja seja cada vez mais mission\u00e1ria\u201d.<\/span><\/em><\/p>\n<\/blockquote>\n","protected":false},"excerpt":{"rendered":"<p>Diocese tamb\u00e9m promoveu visitas da imagem de Nossa Senhora \u00e0s fam\u00edlias e institui\u00e7\u00f5es no C\u00edrio Mission\u00e1rio<\/p>\n","protected":false},"author":83,"featured_media":0,"comment_status":"closed","ping_status":"open","sticky":false,"template":"","format":"standard","meta":{"site-sidebar-layout":"default","site-content-layout":"default","ast-global-header-display":"","ast-banner-title-visibility":"","ast-main-header-display":"","ast-hfb-above-header-display":"","ast-hfb-below-header-display":"","ast-hfb-mobile-header-display":"","site-post-title":"","ast-breadcrumbs-content":"","ast-featured-img":"","footer-sml-layout":"","theme-transparent-header-meta":"","adv-header-id-meta":"","stick-header-meta":"","header-above-stick-meta":"","header-main-stick-meta":"","header-below-stick-meta":""},"categories":[822,769],"tags":[],"acf":[],"_links":{"self":[{"href":"https:\/\/www.cnbb.org.br\/cnbb-app\/wp\/v2\/posts\/7999"}],"collection":[{"href":"https:\/\/www.cnbb.org.br\/cnbb-app\/wp\/v2\/posts"}],"about":[{"href":"https:\/\/www.cnbb.org.br\/cnbb-app\/wp\/v2\/types\/post"}],"author":[{"embeddable":true,"href":"https:\/\/www.cnbb.org.br\/cnbb-app\/wp\/v2\/users\/83"}],"replies":[{"embeddable":true,"href":"https:\/\/www.cnbb.org.br\/cnbb-app\/wp\/v2\/comments?post=7999"}],"version-history":[{"count":0,"href":"https:\/\/www.cnbb.org.br\/cnbb-app\/wp\/v2\/posts\/7999\/revisions"}],"wp:attachment":[{"href":"https:\/\/www.cnbb.org.br\/cnbb-app\/wp\/v2\/media?parent=7999"}],"wp:term":[{"taxonomy":"category","embeddable":true,"href":"https:\/\/www.cnbb.org.br\/cnbb-app\/wp\/v2\/categories?post=7999"},{"taxonomy":"post_tag","embeddable":true,"href":"https:\/\/www.cnbb.org.br\/cnbb-app\/wp\/v2\/tags?post=7999"}],"curies":[{"name":"wp","href":"https:\/\/api.w.org\/{rel}","templated":true}]}}