{"id":8004,"date":"2017-10-19T00:00:00","date_gmt":"2017-10-19T02:00:00","guid":{"rendered":"https:\/\/www.cnbb.org.br\/21a-romaria-das-comunidades-negras-aborda-resistencia-contra-exclusao-social\/"},"modified":"2017-10-19T00:00:00","modified_gmt":"2017-10-19T02:00:00","slug":"21a-romaria-das-comunidades-negras-aborda-resistencia-contra-exclusao-social","status":"publish","type":"post","link":"https:\/\/www.cnbb.org.br\/21a-romaria-das-comunidades-negras-aborda-resistencia-contra-exclusao-social\/","title":{"rendered":"21\u00aa Romaria das Comunidades Negras aborda resist\u00eancia contra exclus\u00e3o social"},"content":{"rendered":"<p style=\"text-align: justify\">\u201c300 anos celebrando a resist\u00eancia com a M\u00e3e Negra Aparecida\u201d \u00e9 o lema da 21\u00aa Romaria das Comunidades Negras ao Santu\u00e1rio Nacional de Nossa Senhora Aparecida, marcada para o dia 4 de novembro. O tema escolhido para o evento \u00e9 \u201cNegro escravo de ontem, exclu\u00eddo de hoje\u201d.<\/p>\n<p style=\"text-align: justify\"><a href=\"http:\/\/cnbb.net.br\/21a-romaria-das-comunidades-negras-aborda-resistencia-contra-exclusao-social\/cartaz-romaria-pastoral-afro\/\" rel=\"attachment wp-att-8219 noopener\" target=\"_blank\"><img decoding=\"async\" loading=\"lazy\" class=\" wp-image-8219 alignright\" src=\"http:\/\/cnbb.net.br\/wp-content\/uploads\/2017\/10\/cartaz-Romaria-Pastoral-Afro-212x300.png\" alt=\"\" width=\"228\" height=\"323\" \/><\/a> V\u00e1rios objetivos foram apresentados pela Pastoral Afro-Brasileira para serem trabalhados durante a romaria. A inten\u00e7\u00e3o \u00e9 resgatar nomes de pessoas que se destacaram nas lutas contra o racismo, e figuras que neste momento est\u00e3o contribuindo positivamente para a garantia dos direitos humanos com o recorte \u00e9tnico racial.<\/p>\n<p style=\"text-align: justify\">Tamb\u00e9m se quer ter presente a caminhada das Comunidades Eclesiais de Base (CEBs), da Teologia da Liberta\u00e7\u00e3o e o exterm\u00ednio dos jovens negros; refletir sobre a presen\u00e7a do negro, da negra e da Pastoral Afro-brasileira na Igreja; garantir a continuidade dos leigos, das leigas, do clero e da hierarquia comprometidos com as propostas da Pastoral Afro-Brasileira; mostrar a Identidade Negra e celebrar nas respectivas culturas; e caminhar em conjunto com outras organiza\u00e7\u00f5es contra a desigualdade, a discrimina\u00e7\u00e3o, e o racismo, a intoler\u00e2ncia religiosa, a exclus\u00e3o dos direitos dos negros e negras nas periferias.<\/p>\n<p style=\"text-align: justify\"><strong><span style=\"color: #993300\">Texto-base<\/span><\/strong><br \/>\nA agente da Pastoral Afro-Brasileira Vera L\u00facia Lopes explica que a romaria acontece h\u00e1 21 anos no primeiro s\u00e1bado de novembro porque h\u00e1 a necessidade de \u201cacabar com essa hist\u00f3ria de negro ser inferior\u201d e que o povo negro \u201cquer formar uma roda diferente, onde gira a alegria e a f\u00e9 da nossa gente\u201d.<\/p>\n<p style=\"text-align: justify\">Vera recorda a CF de 1988, cujo tema foi \u201cFraternidade e o Negro\u201d e o lema \u201cDeus ouviu o clamor do seu povo\u201d (Ex 3,7) para sublinhar a realidade ainda presente de que os negros s\u00e3o v\u00edtimas de discrimina\u00e7\u00e3o e marginaliza\u00e7\u00e3o e vivem expostos a todo tipo de perigo na sociedade que proclama que todos s\u00e3o iguais.<\/p>\n<p style=\"text-align: justify\">O texto-base, preparado para a romaria e enviado aos agentes, apresenta reflex\u00f5es a respeito da situa\u00e7\u00e3o atual dos negros no Brasil, a rela\u00e7\u00e3o de devo\u00e7\u00e3o e liberta\u00e7\u00e3o com Nossa Senhora Aparecida e a quest\u00e3o da perten\u00e7a e acolhimento ao negro na Igreja.<\/p>\n","protected":false},"excerpt":{"rendered":"<p>\u201c300 anos celebrando a resist\u00eancia com a M\u00e3e Negra Aparecida\u201d \u00e9 o lema da 21\u00aa Romaria das Comunidades Negras ao Santu\u00e1rio Nacional de Nossa Senhora Aparecida, marcada para o dia 4 de novembro. O tema escolhido para o evento \u00e9 \u201cNegro escravo de ontem, exclu\u00eddo de hoje\u201d. V\u00e1rios objetivos foram apresentados pela Pastoral Afro-Brasileira para &hellip;<\/p>\n<p class=\"read-more\"> <a class=\"\" href=\"https:\/\/www.cnbb.org.br\/21a-romaria-das-comunidades-negras-aborda-resistencia-contra-exclusao-social\/\"> <span class=\"screen-reader-text\">21\u00aa Romaria das Comunidades Negras aborda resist\u00eancia contra exclus\u00e3o social<\/span> Leia mais &raquo;<\/a><\/p>\n","protected":false},"author":83,"featured_media":0,"comment_status":"closed","ping_status":"open","sticky":false,"template":"","format":"standard","meta":{"site-sidebar-layout":"default","site-content-layout":"default","ast-global-header-display":"","ast-banner-title-visibility":"","ast-main-header-display":"","ast-hfb-above-header-display":"","ast-hfb-below-header-display":"","ast-hfb-mobile-header-display":"","site-post-title":"","ast-breadcrumbs-content":"","ast-featured-img":"","footer-sml-layout":"","theme-transparent-header-meta":"","adv-header-id-meta":"","stick-header-meta":"","header-above-stick-meta":"","header-main-stick-meta":"","header-below-stick-meta":""},"categories":[851,766],"tags":[],"acf":[],"_links":{"self":[{"href":"https:\/\/www.cnbb.org.br\/cnbb-app\/wp\/v2\/posts\/8004"}],"collection":[{"href":"https:\/\/www.cnbb.org.br\/cnbb-app\/wp\/v2\/posts"}],"about":[{"href":"https:\/\/www.cnbb.org.br\/cnbb-app\/wp\/v2\/types\/post"}],"author":[{"embeddable":true,"href":"https:\/\/www.cnbb.org.br\/cnbb-app\/wp\/v2\/users\/83"}],"replies":[{"embeddable":true,"href":"https:\/\/www.cnbb.org.br\/cnbb-app\/wp\/v2\/comments?post=8004"}],"version-history":[{"count":0,"href":"https:\/\/www.cnbb.org.br\/cnbb-app\/wp\/v2\/posts\/8004\/revisions"}],"wp:attachment":[{"href":"https:\/\/www.cnbb.org.br\/cnbb-app\/wp\/v2\/media?parent=8004"}],"wp:term":[{"taxonomy":"category","embeddable":true,"href":"https:\/\/www.cnbb.org.br\/cnbb-app\/wp\/v2\/categories?post=8004"},{"taxonomy":"post_tag","embeddable":true,"href":"https:\/\/www.cnbb.org.br\/cnbb-app\/wp\/v2\/tags?post=8004"}],"curies":[{"name":"wp","href":"https:\/\/api.w.org\/{rel}","templated":true}]}}