{"id":8006,"date":"2017-10-19T00:00:00","date_gmt":"2017-10-19T02:00:00","guid":{"rendered":"https:\/\/www.cnbb.org.br\/em-reuniao-ampliada-comissao-para-os-ministerios-ordenados-discute-documento-de-aparecida\/"},"modified":"2017-10-19T00:00:00","modified_gmt":"2017-10-19T02:00:00","slug":"em-reuniao-ampliada-comissao-para-os-ministerios-ordenados-discute-documento-de-aparecida","status":"publish","type":"post","link":"https:\/\/www.cnbb.org.br\/em-reuniao-ampliada-comissao-para-os-ministerios-ordenados-discute-documento-de-aparecida\/","title":{"rendered":"Reuni\u00e3o ampliada discute Documento de Aparecida"},"content":{"rendered":"<figure id=\"attachment_8245\" aria-describedby=\"caption-attachment-8245\" style=\"width: 168px\" class=\"wp-caption alignleft\"><a href=\"http:\/\/cnbb.net.br\/em-reuniao-ampliada-comissao-para-os-ministerios-ordenados-discute-documento-de-aparecida\/img-20171017-wa0007\/\" rel=\"attachment wp-att-8245 noopener\" target=\"_blank\"><img decoding=\"async\" loading=\"lazy\" class=\"wp-image-8245 size-medium\" src=\"http:\/\/cnbb.net.br\/wp-content\/uploads\/2017\/10\/IMG-20171017-WA0007-168x300.jpg\" alt=\"\" width=\"168\" height=\"300\" \/><\/a><figcaption id=\"caption-attachment-8245\" class=\"wp-caption-text\">Dom Joel Portella assessorando o encontro<\/figcaption><\/figure>\n<p style=\"text-align: justify\">\u201cDocumento de Aparecida, numa perspectiva vocacional\u201d, este \u00e9 o tema central da reuni\u00e3o ampliada da Comiss\u00e3o Episcopal Pastoral para os Minist\u00e9rios Ordenados e a Vida Consagrada da Confer\u00eancia Nacional dos Bispos do Brasil (CNBB), que neste ano acontece entre os dias 16 e 20 de outubro, em Curitiba (PR) e conta com a assessoria do bispo auxiliar do Rio de Janeiro, dom Joel Portella Amado.<\/p>\n<p style=\"text-align: justify\">O objetivo do encontro, segundo dom Joel Portella \u00e9 refletir sobre a aplica\u00e7\u00e3o do Documento de Aparecida, especialmente nas mais diversas frentes vocacionais de trabalho, seja na fun\u00e7\u00e3o dos formadores, promotores vocacionais ou aqueles que chegam nas casas de forma\u00e7\u00e3o buscando informa\u00e7\u00f5es e desejos para a vida consagrada.<\/p>\n<p style=\"text-align: justify\">\u201cEm todas essas situa\u00e7\u00f5es n\u00f3s observamos o quanto \u00e9 importante o itiner\u00e1rio catecumenal para aqueles que chegam, aqueles que precisam ser despertados e at\u00e9 mesmo para os pr\u00f3prios formadores voltarem continuamente as suas origens, a identidade mais profunda do cristianismo, aquela perspectiva querigm\u00e1tica que Aparecida tanto destaca\u201d, explica o bispo.<\/p>\n<p style=\"text-align: justify\">Dom Joel destaca ainda que no encontro a Comiss\u00e3o deseja fazer mem\u00f3ria dos 10 anos da Confer\u00eancia de Aparecida. \u201cO papa Francisco tem feito um esfor\u00e7o de levar a mensagem de Aparecida para todas as Igrejas dos demais continentes. Aparecida nos chama aten\u00e7\u00e3o na mudan\u00e7a de \u00e9poca que pressupostos socioculturais de outras \u00e9pocas j\u00e1 n\u00e3o respondem mais atualmente, por isso \u00e9 preciso dar um novo passo, o passo da convers\u00e3o pastoral, do discipulado mission\u00e1rio recome\u00e7ar a partir de Jesus Cristo numa Igreja, rede de comunidades, servi\u00e7os e minist\u00e9rios a servi\u00e7o da vida\u201d, destacou o bispo.<\/p>\n<figure id=\"attachment_8244\" aria-describedby=\"caption-attachment-8244\" style=\"width: 300px\" class=\"wp-caption alignright\"><img decoding=\"async\" loading=\"lazy\" class=\"wp-image-8244 size-medium\" src=\"http:\/\/cnbb.net.br\/wp-content\/uploads\/2017\/10\/IMG-20171017-WA0002-300x168.jpg\" alt=\"\" width=\"300\" height=\"168\" \/><figcaption id=\"caption-attachment-8244\" class=\"wp-caption-text\">Representantes da Comiss\u00e3o no encontro<\/figcaption><\/figure>\n<p style=\"text-align: justify\"><span style=\"color: #800000\"><strong>Programa\u00e7\u00e3o<\/strong><\/span><\/p>\n<p style=\"text-align: justify\">Al\u00e9m da parte formativa feita por dom Joel, o assessor da Comiss\u00e3o, padre Jo\u00e3o C\u00e2ndido da Silva Neto, explica que durante os pr\u00f3ximos dias, 19 e 20 de outubro, os organismos que fazem parte da Comiss\u00e3o realizar\u00e3o reuni\u00f5es para avaliarem atividades executadas em 2017 e programarem as pr\u00f3ximas de 2018. Al\u00e9m disso, a Comiss\u00e3o tamb\u00e9m ter\u00e1 um momento para acolher as sugest\u00f5es de celebra\u00e7\u00e3o do Ano Vocacional em 2019.<\/p>\n","protected":false},"excerpt":{"rendered":"<p>Com o tema \u201cDocumento de Aparecida, numa perspectiva vocacional\u201d, reuni\u00e3o acontece entre os dias 16 e 20 de outubro, em Curitiba (PR).<\/p>\n","protected":false},"author":83,"featured_media":0,"comment_status":"closed","ping_status":"open","sticky":false,"template":"","format":"standard","meta":{"site-sidebar-layout":"default","site-content-layout":"default","ast-global-header-display":"","ast-banner-title-visibility":"","ast-main-header-display":"","ast-hfb-above-header-display":"","ast-hfb-below-header-display":"","ast-hfb-mobile-header-display":"","site-post-title":"","ast-breadcrumbs-content":"","ast-featured-img":"","footer-sml-layout":"","theme-transparent-header-meta":"","adv-header-id-meta":"","stick-header-meta":"","header-above-stick-meta":"","header-main-stick-meta":"","header-below-stick-meta":""},"categories":[748,807],"tags":[],"acf":[],"_links":{"self":[{"href":"https:\/\/www.cnbb.org.br\/cnbb-app\/wp\/v2\/posts\/8006"}],"collection":[{"href":"https:\/\/www.cnbb.org.br\/cnbb-app\/wp\/v2\/posts"}],"about":[{"href":"https:\/\/www.cnbb.org.br\/cnbb-app\/wp\/v2\/types\/post"}],"author":[{"embeddable":true,"href":"https:\/\/www.cnbb.org.br\/cnbb-app\/wp\/v2\/users\/83"}],"replies":[{"embeddable":true,"href":"https:\/\/www.cnbb.org.br\/cnbb-app\/wp\/v2\/comments?post=8006"}],"version-history":[{"count":0,"href":"https:\/\/www.cnbb.org.br\/cnbb-app\/wp\/v2\/posts\/8006\/revisions"}],"wp:attachment":[{"href":"https:\/\/www.cnbb.org.br\/cnbb-app\/wp\/v2\/media?parent=8006"}],"wp:term":[{"taxonomy":"category","embeddable":true,"href":"https:\/\/www.cnbb.org.br\/cnbb-app\/wp\/v2\/categories?post=8006"},{"taxonomy":"post_tag","embeddable":true,"href":"https:\/\/www.cnbb.org.br\/cnbb-app\/wp\/v2\/tags?post=8006"}],"curies":[{"name":"wp","href":"https:\/\/api.w.org\/{rel}","templated":true}]}}