{"id":8041,"date":"2017-10-24T00:00:00","date_gmt":"2017-10-24T02:00:00","guid":{"rendered":"https:\/\/www.cnbb.org.br\/maria-mae-e-modelo-de-discipula\/"},"modified":"2017-10-24T00:00:00","modified_gmt":"2017-10-24T02:00:00","slug":"maria-mae-e-modelo-de-discipula","status":"publish","type":"post","link":"https:\/\/www.cnbb.org.br\/maria-mae-e-modelo-de-discipula\/","title":{"rendered":"Maria &#8211; M\u00e3e e modelo de disc\u00edpula"},"content":{"rendered":"<p style=\"text-align: right\"><strong><em>Dom Alo\u00edsio A. Dilli<br \/>\n<\/em><em>Bispo de Santa Cruz do Sul<\/em><\/strong><\/p>\n<p><strong>\u00a0<\/strong><\/p>\n<p style=\"text-align: justify\">Caros diocesanos. O Conc\u00edlio Ecum\u00eanico Vaticano II considera Maria Sant\u00edssima como modelo de ser Igreja, Povo de Deus. Ela, a partir da f\u00e9 e da obedi\u00eancia, consagrou-se totalmente como serva do Senhor, sempre disposta a fazer sua vontade. Por isso o Conc\u00edlio quis destacar seus m\u00e9ritos na salva\u00e7\u00e3o realizada por seu Filho Jesus Cristo, com estas palavras: \u201c<em>Ela ocupa o lugar mais alto depois de Cristo e o mais perto de n\u00f3s<\/em>\u201d (LG 54).<\/p>\n<p style=\"text-align: justify\">A uni\u00e3o (simbiose) entre M\u00e3e e Filho na obra da salva\u00e7\u00e3o manifestou-se desde sua concep\u00e7\u00e3o at\u00e9 a morte na cruz, onde ela foi dada por Jesus como m\u00e3e para todo g\u00eanero humano, na pessoa de Jo\u00e3o (Jo 19, 26-27). Maria fez-se presente tamb\u00e9m na vinda do prometido Esp\u00edrito Santo, em Pentecostes (At 1, 14), no alvorecer da Igreja. Afirma ainda o Conc\u00edlio Vaticano II: \u201c<em>Finalmente, a Imaculada Virgem, preservada imune de toda mancha da culpa original, terminou o curso da vida terrestre, foi assunta em corpo e alma \u00e0 gl\u00f3ria celeste<\/em>\u201d (LG 59). Sua assun\u00e7\u00e3o n\u00e3o foi separa\u00e7\u00e3o, pois Maria est\u00e1 sempre relacionada com a Igreja. Ela \u00e9 o modelo de Igreja, exemplo de virtudes, sobretudo de uni\u00e3o com Cristo. Como membro do Corpo Igreja, por sua constante intercess\u00e3o, continua a cuidar dos irm\u00e3os de seu Filho, que ainda peregrinam sobre a terra, qual medianeira ou advogada, mesmo sendo Cristo nosso \u00fanico mediador (LG 62-63). Por isso ela \u00e9 honrada com culto especial pela Igreja, mas este sempre deve conduzir a Cristo: \u201c<em>Origem de toda verdade, santidade e piedade<\/em>\u201d (LG 67).<\/p>\n<p style=\"text-align: justify\">Na sua admoesta\u00e7\u00e3o final, ao falar do culto a Maria, o documento conciliar afirma: \u201c<em>Saibam os fi\u00e9is que a verdadeira devo\u00e7\u00e3o n\u00e3o consiste num est\u00e9ril e transit\u00f3rio afeto, nem numa certa v\u00e3 credulidade, mas procede da f\u00e9 verdadeira pela qual somos levados a reconhecer a excel\u00eancia da M\u00e3e de Deus, impulsionados a um amor filial para com nossa M\u00e3e e \u00e0 imita\u00e7\u00e3o das suas virtudes<\/em>\u201d (LG 67).<\/p>\n<p style=\"text-align: justify\">Ao venerarmos a Virgem Maria, como M\u00e3e de Deus, ela n\u00e3o se distancia de n\u00f3s, antes, torna-se tamb\u00e9m nossa M\u00e3e. Ela concebeu o Verbo da Vida no cora\u00e7\u00e3o e no corpo. J\u00e1 diziam os Santos Padres: \u201c<em>Prius in mente quam ventre Maria concepit<\/em>\u201d (Maria concebeu antes na mente do que no ventre), pois antes de conceber o Verbo ela j\u00e1 o havia concebido em sua f\u00e9, seu cora\u00e7\u00e3o, sua vida. Citando S. Ambr\u00f3sio, Bento XVI afirma que, pela f\u00e9, Cristo vem habitar tamb\u00e9m em nossa vida: \u201c<em>Cada crist\u00e3o que cr\u00ea, em certo sentido, concebe e gera em si mesmo o Verbo de Deus: se h\u00e1 uma s\u00f3 M\u00e3e de Cristo segundo a carne, segundo a f\u00e9, por\u00e9m, Cristo \u00e9 fruto de todos<\/em>\u201d (VD 28). Al\u00e9m disso, destacando o discipulado fiel de Maria, lemos nos Serm\u00f5es de S. Agostinho: \u201c<em>Santa Maria fez totalmente a vontade do Pai e por isto mais valeu para ela ser disc\u00edpula de Cristo do que m\u00e3e de Cristo; maior felicidade gozou em ser disc\u00edpula do que m\u00e3e de Cristo. Assim Maria era feliz porque, j\u00e1 antes de dar \u00e0 luz o Mestre, trazia-o na mente<\/em>\u201d (Sermo 25,7 in LH, vol. IV, p. 1466). Maria nos conquiste e ensine como acolher, seguir e anunciar Jesus Cristo em nossa vida e em nosso tempo. Que a celebra\u00e7\u00e3o dos 300 anos de Aparecida, os 100 de F\u00e1tima e outras datas jubilares nos fa\u00e7am ir al\u00e9m de simples busca devocional e passageira, mas nos conduzam a Jesus Cristo e nos fa\u00e7am verdadeiros disc\u00edpulos seus, como Maria o foi.<\/p>\n<p>&nbsp;<\/p>\n","protected":false},"excerpt":{"rendered":"<p>Dom Alo\u00edsio A. Dilli Bispo de Santa Cruz do Sul \u00a0 Caros diocesanos. O Conc\u00edlio Ecum\u00eanico Vaticano II considera Maria Sant\u00edssima como modelo de ser Igreja, Povo de Deus. Ela, a partir da f\u00e9 e da obedi\u00eancia, consagrou-se totalmente como serva do Senhor, sempre disposta a fazer sua vontade. Por isso o Conc\u00edlio quis destacar &hellip;<\/p>\n<p class=\"read-more\"> <a class=\"\" href=\"https:\/\/www.cnbb.org.br\/maria-mae-e-modelo-de-discipula\/\"> <span class=\"screen-reader-text\">Maria &#8211; M\u00e3e e modelo de disc\u00edpula<\/span> Leia mais &raquo;<\/a><\/p>\n","protected":false},"author":33,"featured_media":0,"comment_status":"closed","ping_status":"open","sticky":false,"template":"","format":"standard","meta":{"site-sidebar-layout":"default","site-content-layout":"default","ast-global-header-display":"","ast-banner-title-visibility":"","ast-main-header-display":"","ast-hfb-above-header-display":"","ast-hfb-below-header-display":"","ast-hfb-mobile-header-display":"","site-post-title":"","ast-breadcrumbs-content":"","ast-featured-img":"","footer-sml-layout":"","theme-transparent-header-meta":"","adv-header-id-meta":"","stick-header-meta":"","header-above-stick-meta":"","header-main-stick-meta":"","header-below-stick-meta":""},"categories":[758],"tags":[],"acf":[],"_links":{"self":[{"href":"https:\/\/www.cnbb.org.br\/cnbb-app\/wp\/v2\/posts\/8041"}],"collection":[{"href":"https:\/\/www.cnbb.org.br\/cnbb-app\/wp\/v2\/posts"}],"about":[{"href":"https:\/\/www.cnbb.org.br\/cnbb-app\/wp\/v2\/types\/post"}],"author":[{"embeddable":true,"href":"https:\/\/www.cnbb.org.br\/cnbb-app\/wp\/v2\/users\/33"}],"replies":[{"embeddable":true,"href":"https:\/\/www.cnbb.org.br\/cnbb-app\/wp\/v2\/comments?post=8041"}],"version-history":[{"count":0,"href":"https:\/\/www.cnbb.org.br\/cnbb-app\/wp\/v2\/posts\/8041\/revisions"}],"wp:attachment":[{"href":"https:\/\/www.cnbb.org.br\/cnbb-app\/wp\/v2\/media?parent=8041"}],"wp:term":[{"taxonomy":"category","embeddable":true,"href":"https:\/\/www.cnbb.org.br\/cnbb-app\/wp\/v2\/categories?post=8041"},{"taxonomy":"post_tag","embeddable":true,"href":"https:\/\/www.cnbb.org.br\/cnbb-app\/wp\/v2\/tags?post=8041"}],"curies":[{"name":"wp","href":"https:\/\/api.w.org\/{rel}","templated":true}]}}