{"id":811813,"date":"2021-09-10T15:24:08","date_gmt":"2021-09-10T18:24:08","guid":{"rendered":"https:\/\/www.cnbb.org.br\/?p=811813"},"modified":"2021-09-10T15:28:05","modified_gmt":"2021-09-10T18:28:05","slug":"811813-2","status":"publish","type":"post","link":"https:\/\/www.cnbb.org.br\/811813-2\/","title":{"rendered":"Comiss\u00e3o Episcopal para os Minist\u00e9rios Ordenados e a Vida Consagrada realiza reuni\u00e3o ampliada"},"content":{"rendered":"<p style=\"text-align: justify;\">De 6 a 9 de setembro, aconteceu a Reuni\u00e3o Ampliada da Comiss\u00e3o Episcopal Pastoral para os Minist\u00e9rios Ordenados e a Vida Consagrada da Confer\u00eancia Nacional dos Bispos do Brasil (CNBB). Esta reuni\u00e3o acontece sempre anualmente, no segundo semestre, por volta de setembro ou outubro.<\/p>\n<p style=\"text-align: justify;\">A reuni\u00e3o ampliada reuniu 68 pessoas com representa\u00e7\u00e3o da Comiss\u00e3o Nacional dos Di\u00e1conos, Comiss\u00e3o Nacional dos Presb\u00edteros, Confer\u00eancia Nacional dos Institutos Seculares do Brasil, Confer\u00eancia dos Religiosos do Brasil, Organiza\u00e7\u00e3o dos Semin\u00e1rios e Institutos do Brasil, Servi\u00e7o de Anima\u00e7\u00e3o Vocacional\/Pastoral Vocacional. Participaram ainda os quatro bispos e dois padres assessores que integram a Comiss\u00e3o para os Minist\u00e9rios Ordenados e a Vida Consagrada.<\/p>\n<p style=\"text-align: justify;\">De acordo com o bispo de Tubar\u00e3o (SC) e presidente da Comiss\u00e3o, dom Jo\u00e3o Francisco Salm chama-se \u201campliada\u201d quando se consideram, al\u00e9m dos seis membros da Comiss\u00e3o propriamente dita, tamb\u00e9m os Organismos que a comp\u00f5em. Inclui-se, ainda, como membros parceiros, como o IPV.<\/p>\n<p>O primeiro dia foi dedicado ao estudo do tema: \u201cPara uma Cultura Vocacional como Gra\u00e7a e Miss\u00e3o\u201d, tendo em vista a prepara\u00e7\u00e3o, desde j\u00e1, do Ano Vocacional de 2023, que tem como tema \u201cVoca\u00e7\u00e3o: Gra\u00e7a e Miss\u00e3o\u201d, com assessoria do padre rogacionista Juarez Albino Destro.<\/p>\n<p style=\"text-align: justify;\">O assessor da comiss\u00e3o, padre Juarez iniciou sua exposi\u00e7\u00e3o citando a Christus Vivit: \u201cToda a pastoral \u00e9 vocacional, toa a forma\u00e7\u00e3o \u00e9 vocacional, toda a espiritualidade \u00e9 vocacional&#8221;. Esta afirma\u00e7\u00e3o, segundo o dom Salm, \u00e9 muito inspiradora para o trabalho que a Comiss\u00e3o realiza.<\/p>\n<p style=\"text-align: justify;\">&#8220;Ao refletir sobre cultura vocacional, falou de atitudes vocacionais b\u00e1sicas para uma aut\u00eantica cultura vocacional, de mentalidade vocacional, de resist\u00eancias, de passos da resposta \u00e0 voca\u00e7\u00e3o, espiritualidade vocacional, anima\u00e7\u00e3o vocacional permanente e muito mais&#8221;, pontou dom Salm.<\/p>\n<p style=\"text-align: justify;\">O segundo dia foi dedicado \u00e0 reuni\u00e3o em grupos dos organismos para refletirem sobre o tema estudado, avaliarem e prepararem o relat\u00f3rio anual. No \u00faltimo dia fez-se a partilha e se combinaram algumas datas para o pr\u00f3ximo ano.<\/p>\n<h3>Tempo para o encontro e para a ora\u00e7\u00e3o e partilha<\/h3>\n<blockquote>\n<p style=\"text-align: justify;\">&#8220;Numa reuni\u00e3o assim, h\u00e1 tempo para o encontro, para a ora\u00e7\u00e3o, para a reflex\u00e3o, para a partilha de experi\u00eancias e a edifica\u00e7\u00e3o m\u00fatua. Constata-se quanto trabalho se realiza e como \u00e9 grande nossa responsabilidade&#8221;, avaliou dom Salm.<\/p>\n<\/blockquote>\n<p style=\"text-align: justify;\">De acordo com o presidente da Comiss\u00e3o, foi encontro muito proveitoso, momento importante, e significativo tendo em vista o Ano Vocacional.<\/p>\n","protected":false},"excerpt":{"rendered":"<p>A reuni\u00e3o ampliada reuniu 68 pessoas com representa\u00e7\u00e3o da Comiss\u00e3o Nacional dos Di\u00e1conos, Comiss\u00e3o Nacional dos Presb\u00edteros, Confer\u00eancia Nacional dos Institutos Seculares do Brasil, Confer\u00eancia dos Religiosos do Brasil, Organiza\u00e7\u00e3o dos Semin\u00e1rios e Institutos do Brasil, Servi\u00e7o de Anima\u00e7\u00e3o Vocacional\/Pastoral Vocacional<\/p>\n","protected":false},"author":83,"featured_media":811870,"comment_status":"open","ping_status":"open","sticky":false,"template":"","format":"standard","meta":{"site-sidebar-layout":"default","site-content-layout":"default","ast-global-header-display":"","ast-banner-title-visibility":"","ast-main-header-display":"","ast-hfb-above-header-display":"","ast-hfb-below-header-display":"","ast-hfb-mobile-header-display":"","site-post-title":"","ast-breadcrumbs-content":"","ast-featured-img":"","footer-sml-layout":"","theme-transparent-header-meta":"default","adv-header-id-meta":"","stick-header-meta":"","header-above-stick-meta":"","header-main-stick-meta":"","header-below-stick-meta":""},"categories":[50,807],"tags":[3708,2811],"acf":[],"_links":{"self":[{"href":"https:\/\/www.cnbb.org.br\/cnbb-app\/wp\/v2\/posts\/811813"}],"collection":[{"href":"https:\/\/www.cnbb.org.br\/cnbb-app\/wp\/v2\/posts"}],"about":[{"href":"https:\/\/www.cnbb.org.br\/cnbb-app\/wp\/v2\/types\/post"}],"author":[{"embeddable":true,"href":"https:\/\/www.cnbb.org.br\/cnbb-app\/wp\/v2\/users\/83"}],"replies":[{"embeddable":true,"href":"https:\/\/www.cnbb.org.br\/cnbb-app\/wp\/v2\/comments?post=811813"}],"version-history":[{"count":0,"href":"https:\/\/www.cnbb.org.br\/cnbb-app\/wp\/v2\/posts\/811813\/revisions"}],"wp:featuredmedia":[{"embeddable":true,"href":"https:\/\/www.cnbb.org.br\/cnbb-app\/wp\/v2\/media\/811870"}],"wp:attachment":[{"href":"https:\/\/www.cnbb.org.br\/cnbb-app\/wp\/v2\/media?parent=811813"}],"wp:term":[{"taxonomy":"category","embeddable":true,"href":"https:\/\/www.cnbb.org.br\/cnbb-app\/wp\/v2\/categories?post=811813"},{"taxonomy":"post_tag","embeddable":true,"href":"https:\/\/www.cnbb.org.br\/cnbb-app\/wp\/v2\/tags?post=811813"}],"curies":[{"name":"wp","href":"https:\/\/api.w.org\/{rel}","templated":true}]}}