{"id":8154,"date":"2017-11-06T00:00:00","date_gmt":"2017-11-06T02:00:00","guid":{"rendered":"https:\/\/www.cnbb.org.br\/o-urbanismo-e-o-direito-a-ser-cidade\/"},"modified":"2017-11-06T00:00:00","modified_gmt":"2017-11-06T02:00:00","slug":"o-urbanismo-e-o-direito-a-ser-cidade","status":"publish","type":"post","link":"https:\/\/www.cnbb.org.br\/o-urbanismo-e-o-direito-a-ser-cidade\/","title":{"rendered":"O urbanismo e o Direito a ser Cidade"},"content":{"rendered":"<p style=\"text-align: right\"><strong>Dom Roberto Francisco Ferreria Paz<\/strong><br \/>\n<strong>Bispo de Campos (RJ)<\/strong><\/p>\n<p>&nbsp;<\/p>\n<p style=\"text-align: justify\">No dia 8 de novembro comemora-se a data mundial do Urbanismo, momento prop\u00edcio para repensar a nossa vida cidad\u00e3, nossas espectativas e sonhos, no bem viver e conviver no meio urbano. Desde os gregos e a antiguidade cl\u00e1ssica, a cidade respirava\u00a0 uma l\u00f3gica que privilegiava o p\u00fablico, a \u00e0gora (pra\u00e7a), o are\u00f3pago, em detrimento de outras fun\u00e7\u00f5es mais privadas e setoriais.<\/p>\n<p style=\"text-align: justify\">Na idade m\u00e9dia, o surgimento das comunas medievais e os Burgos, foram um movimento de emancipa\u00e7\u00e3o que buscou concretizar a harmonia de quatro elementos: limpeza, seguran\u00e7a, regularidade e beleza, proibindo-se o lixo e o dep\u00f3sito de dejetos diante das casas. Mais tarde, pela difus\u00e3o do coche, como meio de transporte, apareceram as avenidas. A revolu\u00e7\u00e3o industrial fez perder a id\u00e9ia de plano na polis e regularidade com o incha\u00e7o e a constru\u00e7\u00e3o de moradias emergenciais (corti\u00e7os e favelas).<\/p>\n<p style=\"text-align: justify\">Isto motivou v\u00e1rios movimentos urbanistas multifacetados, como o romantismo naturalista, preocupado com a mem\u00f3ria e o paisagismo, ou o funcionalista, com Walter Gropius, que quis fazer prevalecer a praticidade e articula\u00e7\u00e3o dos v\u00e1rios aspectos da cidade (pol\u00edtico, econ\u00f4mico, cultural, espiritual e residencial). Nos dias de hoje, o urbanismo corre atr\u00e1s da hegemonia financeira e da forte especula\u00e7\u00e3o imobili\u00e1ria que toma conta dos espa\u00e7os urbanos impondo seu valor mercantil.<\/p>\n<p style=\"text-align: justify\">Os trabalhadores e menos afortunados s\u00e3o empurrados para fora da cidade, perdendo o direito de mobilidade e consumindo seus parcos vencimentos com o transporte, al\u00e9m de gastar horas inteiras de sua vida para translados. Torna-se necess\u00e1rio uma nova centralidade nas cidades, retomar o espa\u00e7o p\u00fablico, privilegiar a moradia popular e o equipamento social como tamb\u00e9m garantir sua sustentabilidade ambiental, oferecendo m\u00faltiplos lugares de lazer social e cultural.<\/p>\n<p style=\"text-align: justify\">A realiza\u00e7\u00e3o do 14\u00ba Intereclesial das CEBS, nos dias 23 a 27 de janeiro de 2018, em Londrina, com o tema: \u201cCEBS e os desafios do mundo urbano\u201c, vai trazer muita luz e propostas de a\u00e7\u00e3o para esta quest\u00e3o crucial para a Igreja e a sociedade. Para n\u00f3s crist\u00e3os, Deus habita as cidades e foi nestas que se expandiram as primeiras comunidades que, na esperan\u00e7a e v\u00ednculos fraternos e solid\u00e1rios, testemunharam o sonho da Jerusal\u00e9m Celeste, a cidade toda iluminada pelo Senhor, e sem portas, divis\u00f5es<\/p>\n<p style=\"text-align: justify\">ou exclus\u00f5es. Deus seja louvado!<\/p>\n<p>&nbsp;<\/p>\n","protected":false},"excerpt":{"rendered":"<p>Dom Roberto Francisco Ferreria Paz Bispo de Campos (RJ) &nbsp; No dia 8 de novembro comemora-se a data mundial do Urbanismo, momento prop\u00edcio para repensar a nossa vida cidad\u00e3, nossas espectativas e sonhos, no bem viver e conviver no meio urbano. Desde os gregos e a antiguidade cl\u00e1ssica, a cidade respirava\u00a0 uma l\u00f3gica que privilegiava &hellip;<\/p>\n<p class=\"read-more\"> <a class=\"\" href=\"https:\/\/www.cnbb.org.br\/o-urbanismo-e-o-direito-a-ser-cidade\/\"> <span class=\"screen-reader-text\">O urbanismo e o Direito a ser Cidade<\/span> Leia mais &raquo;<\/a><\/p>\n","protected":false},"author":23,"featured_media":0,"comment_status":"closed","ping_status":"open","sticky":false,"template":"","format":"standard","meta":{"site-sidebar-layout":"default","site-content-layout":"default","ast-global-header-display":"","ast-banner-title-visibility":"","ast-main-header-display":"","ast-hfb-above-header-display":"","ast-hfb-below-header-display":"","ast-hfb-mobile-header-display":"","site-post-title":"","ast-breadcrumbs-content":"","ast-featured-img":"","footer-sml-layout":"","theme-transparent-header-meta":"","adv-header-id-meta":"","stick-header-meta":"","header-above-stick-meta":"","header-main-stick-meta":"","header-below-stick-meta":""},"categories":[758],"tags":[],"acf":[],"_links":{"self":[{"href":"https:\/\/www.cnbb.org.br\/cnbb-app\/wp\/v2\/posts\/8154"}],"collection":[{"href":"https:\/\/www.cnbb.org.br\/cnbb-app\/wp\/v2\/posts"}],"about":[{"href":"https:\/\/www.cnbb.org.br\/cnbb-app\/wp\/v2\/types\/post"}],"author":[{"embeddable":true,"href":"https:\/\/www.cnbb.org.br\/cnbb-app\/wp\/v2\/users\/23"}],"replies":[{"embeddable":true,"href":"https:\/\/www.cnbb.org.br\/cnbb-app\/wp\/v2\/comments?post=8154"}],"version-history":[{"count":0,"href":"https:\/\/www.cnbb.org.br\/cnbb-app\/wp\/v2\/posts\/8154\/revisions"}],"wp:attachment":[{"href":"https:\/\/www.cnbb.org.br\/cnbb-app\/wp\/v2\/media?parent=8154"}],"wp:term":[{"taxonomy":"category","embeddable":true,"href":"https:\/\/www.cnbb.org.br\/cnbb-app\/wp\/v2\/categories?post=8154"},{"taxonomy":"post_tag","embeddable":true,"href":"https:\/\/www.cnbb.org.br\/cnbb-app\/wp\/v2\/tags?post=8154"}],"curies":[{"name":"wp","href":"https:\/\/api.w.org\/{rel}","templated":true}]}}