{"id":8161,"date":"2017-11-08T00:00:00","date_gmt":"2017-11-08T02:00:00","guid":{"rendered":"https:\/\/www.cnbb.org.br\/dia-do-radialista-um-olhar-sobre-a-radiodifusao-religiosa\/"},"modified":"2017-11-08T00:00:00","modified_gmt":"2017-11-08T02:00:00","slug":"dia-do-radialista-um-olhar-sobre-a-radiodifusao-religiosa","status":"publish","type":"post","link":"https:\/\/www.cnbb.org.br\/dia-do-radialista-um-olhar-sobre-a-radiodifusao-religiosa\/","title":{"rendered":"Rede Cat\u00f3lica de R\u00e1dio: um olhar sobre a radiodifus\u00e3o religiosa"},"content":{"rendered":"<p style=\"text-align: justify\">Neste 7 de novembro, celebrou-se o Dia do Radialista. O R\u00e1dio \u00e9, na verdade, uma inven\u00e7\u00e3o cat\u00f3lica e brasileira. Segundo um resumo recente sobre o assunto feito pelo jornalista Luis Nassif para a revista GGN, a\u00a0patente da inven\u00e7\u00e3o do r\u00e1dio est\u00e1 devidamente creditada ao italiano Gugliermo Marconi, no entanto, anos antes dele, um padre brasileiro havia feito a primeira transmiss\u00e3o da voz humana por meio das ondas radiof\u00f4nicas. Nassif comenta: &#8220;<em>Roberto Landell de Moura era um &#8216;Professor Pardal&#8217; que levou a s\u00e9rio as suas experimenta\u00e7\u00f5es com as ondas eletromagn\u00e9ticas. Em 1894, apesar de transmitir um comunicado por v\u00e1rios quil\u00f4metros, na cidade de S\u00e3o Paulo, a sua inven\u00e7\u00e3o foi vista com desconfian\u00e7a, porque muitos religiosos o acusavam de praticar feiti\u00e7arias e, por isso, o seu experimento n\u00e3o teve a visibilidade que merecia. Ap\u00f3s muitos anos, Landell de Moura conseguiu patentear seu equipamento no Brasil e nos Estados Unidos<\/em>&#8220;.<\/p>\n<blockquote><p><span style=\"color: #993300\"><em>A patente da inven\u00e7\u00e3o do r\u00e1dio est\u00e1 devidamente creditada ao italiano Gugliermo Marconi, no entanto, anos antes dele, um padre brasileiro havia feito a primeira transmiss\u00e3o da voz humana por meio das ondas radiof\u00f4nicas<\/em><\/span><\/p>\n<p style=\"text-align: right\"><strong>Luis Nassif<\/strong><\/p>\n<\/blockquote>\n<figure id=\"attachment_9013\" aria-describedby=\"caption-attachment-9013\" style=\"width: 239px\" class=\"wp-caption alignleft\"><a href=\"http:\/\/cnbb.net.br\/\" rel=\"attachment wp-att-9013 noopener\" target=\"_blank\"><img decoding=\"async\" loading=\"lazy\" class=\"wp-image-9013\" src=\"http:\/\/cnbb.net.br\/wp-content\/uploads\/2017\/11\/Landell_de_Moura_-_New_York_Herald-204x300.jpg\" alt=\"\" width=\"239\" height=\"352\" \/><\/a><figcaption id=\"caption-attachment-9013\" class=\"wp-caption-text\">P. Landell Moura, jornal The New York Herald<\/figcaption><\/figure>\n<p style=\"text-align: justify\">O jornalista ainda traz informa\u00e7\u00e3o publicada em outubro de 1902 pelo jornal norte-americano\u00a0\u201cThe New York Herald\u201d:\u00a0\u201c<em>Por entre os cientistas, o brasileiro Padre Landell de Moura \u00e9 muito pouco conhecido. Poucos deles tem dado aten\u00e7\u00e3o aos seus t\u00edtulos para ser o pioneiro nesse ramo de investiga\u00e7\u00f5es el\u00e9tricas. Mas antes de Brigton e Ruhmer, o Padre Landell, ap\u00f3s anos de experimenta\u00e7\u00e3o, conseguiu obter uma patente brasileira para sua inven\u00e7\u00e3o, que ele chamou de Gouradphone<\/em>\u201c. Segundo informa\u00e7\u00f5es do artigo de Nassif, o\u00a0jornal publicou ampla reportagem sobre Landell de Moura, sua vida e obra, completada por uma fotografia do Padre, intitulada &#8216;Padre Landell de Moura \u2013 inventor do telefone sem fio'(denomina\u00e7\u00e3o da \u00e9poca para a radiotelefonia ou a transmiss\u00e3o da voz humana \u00e0 dist\u00e2ncia sem fio condutor).<\/p>\n<p><strong>O R\u00e1dio e as igrejas<\/strong><\/p>\n<p style=\"text-align: justify\">Tr\u00eas estudiosos da comunica\u00e7\u00e3o, Nair Prata e D\u00e9bora Cristina Lopez, da Universidade Federal de Ouro Preto e Wani Campelo do Centro Universit\u00e1rio de Belo Horizonte, fizeram uma apresenta\u00e7\u00e3o\u00a0sobre o r\u00e1dio religioso no 37\u00ba\u00a0 Congresso Brasileiro de Ci\u00eancias da Comunica\u00e7\u00e3o, o Intercom, realizado em Foz do Igua\u00e7u (PR) em setembro de 2014. na apresenta\u00e7\u00e3o afirmaram que &#8220;<em>H\u00e1 70 anos foi ao ar o primeiro programa de r\u00e1dio brasileiro de cunho religioso, A Voz da Profecia [programa da Igreja Adventista]. Hoje, r\u00e1dio e igreja est\u00e3o atados de forma visceral, ligando altares e microfones num fen\u00f4meno que desafia os pesquisadores do campo da Comunica\u00e7\u00e3o<\/em>&#8220;.<\/p>\n<p style=\"text-align: justify\"><a href=\"http:\/\/cnbb.net.br\/dia-do-radialista-um-olhar-sobre-a-radiodifusao-religiosa\/intercom\/\" rel=\"attachment wp-att-9017 noopener\" target=\"_blank\"><img decoding=\"async\" loading=\"lazy\" class=\"size-medium wp-image-9017 alignright\" src=\"http:\/\/cnbb.net.br\/wp-content\/uploads\/2017\/11\/intercom-300x172.jpg\" alt=\"\" width=\"300\" height=\"172\" \/><\/a>No mesmo estudo, trataram do cen\u00e1rio cat\u00f3lico: &#8220;<em>A Igreja Cat\u00f3lica tem longa tradi\u00e7\u00e3o em transmiss\u00f5es radiof\u00f4nicas. A R\u00e1dio Vaticano, emissora oficial dos cat\u00f3licos, foi criada pelo papa Pio XI e inaugurada em 12 de fevereiro de 1931, com utiliza\u00e7\u00e3o de duas frequ\u00eancias e um transmissor de 10kw. Hoje transmite em 45 idiomas, tem um site em portugu\u00eas e sua programa\u00e7\u00e3o \u00e9 replicada por dezenas de r\u00e1dios de todo o mundo. \u201c[&#8230;] A Igreja Cat\u00f3lica sempre teve o r\u00e1dio como forte aliado em seu trabalho de evangeliza\u00e7\u00e3o. No entanto, \u00e9 mais comum observarmos uma rela\u00e7\u00e3o vertical entre a Igreja e devotos por interm\u00e9dio dos meios de comunica\u00e7\u00e3o\u201d (MARCELO, 2007, p.5). Isso se d\u00e1, segundo a autora, pelo car\u00e1ter culturalmente hegem\u00f4nico da pr\u00f3pria institui\u00e7\u00e3o e n\u00e3o impede a ado\u00e7\u00e3o de estrat\u00e9gias que a aproximem dos fi\u00e9is atrav\u00e9s do dial<\/em>&#8220;.<\/p>\n<p><strong>Rede Cat\u00f3lica de R\u00e1dio<\/strong><\/p>\n<p style=\"text-align: justify\">Informa\u00e7\u00f5es apresentadas pelo Jornal Santu\u00e1rio, de Aaprecida (SP), mostram que em 1994, a comunica\u00e7\u00e3o cat\u00f3lica no Brasil inovou e lan\u00e7ou a Rede Cat\u00f3lica de R\u00e1dio (RCR). Os mais distantes territ\u00f3rios passaram a receber uma comunica\u00e7\u00e3o crist\u00e3 de qualidade e o Evangelho passou a ser mais disseminado pa\u00eds a fora.\u00a0 &#8220;<em>De in\u00edcio havia o pensamento de que a RCR tinha um conceito somente de rede geradora via sat\u00e9lite, mas agora \u00e9 mais al\u00e9m. \u00c9 um projeto maior que distribui conte\u00fados, possibilita pequenas r\u00e1dios integrar uma grande rede e aumentar a sua qualidade e capacidade e tamb\u00e9m d\u00e1 a possibilidade de transmiss\u00e3o tamb\u00e9m via internet, de forma pr\u00e1tica, r\u00e1pida e acess\u00edvel. O Portal da RCR se tornou um grande portal cat\u00f3lico e integrador de conte\u00fado, pois \u00e9 uma fonte de informa\u00e7\u00e3o para outras emissoras, possibilitando r\u00e1dios que eram desconhecidas passarem a ser notadas e fazer parte de um corpo produtor, ou seja, al\u00e9m das bases geradoras as emissoras menores tamb\u00e9m come\u00e7am a produzir conte\u00fado e compartilhar. A RCR tamb\u00e9m \u00e9 um sucesso com aplicativos para Android e iOS. \u00c9 uma rede cat\u00f3lica mais digitalizada<\/em>&#8220;, afirmam os redatores do Jornal.<\/p>\n<blockquote><p><span style=\"color: #993300\"><em>O lema da RCR \u00e9 fortalecer a Igreja atrav\u00e9s do R\u00e1dio, e isso tem sido a nossa miss\u00e3o!\u00a0 Em constante comunh\u00e3o com as bases geradoras de conte\u00fado somos uma Rede a servi\u00e7o da Igreja no Brasil.<\/em><\/span><\/p>\n<p style=\"text-align: right\"><b>\u00c2ngela<\/b><strong>\u00a0M. Morais<\/strong><\/p>\n<\/blockquote>\n<p style=\"text-align: justify\"><a href=\"http:\/\/cnbb.net.br\/dia-do-radialista-um-olhar-sobre-a-radiodifusao-religiosa\/rcr\/\" rel=\"attachment wp-att-9018 noopener\" target=\"_blank\"><img decoding=\"async\" loading=\"lazy\" class=\"size-full wp-image-9018 alignleft\" src=\"http:\/\/cnbb.net.br\/wp-content\/uploads\/2017\/11\/rcr.jpg\" alt=\"\" width=\"225\" height=\"225\" \/><\/a>No portal da Rede, encontra-se\u00a0 a informa\u00e7\u00e3o de que, nos \u00faltimos anos, a RCR trabalha na realiza\u00e7\u00e3o de projetos conjuntos de cobertura nacional e internacional, a RCR \u00e9 formada por sete grandes bases geradoras de r\u00e1dio que produzem e distribuem conte\u00fados e programas colocando em comum o ideal evangelizador: Rede Aparecida (SP); Rede Can\u00e7\u00e3o Nova (SP); Rede Mil\u00edcia Sat (SP); Rede Pai Eterno (GO); RedeSul de R\u00e1dio (RS); Rede Scalabriniana (RS); Rede Evangelizar \u00e9 Preciso (PR) e RCR\u00a0 (ES). O resultado desta parceria, segundo informa\u00e7\u00f5es do Portal, \u00e9 a produ\u00e7\u00e3o e distribui\u00e7\u00e3o de conte\u00fado jornal\u00edstico Crist\u00e3o de primando pela qualidade direcionado \u00e0 fam\u00edlia respeitando \u00e0 vida e os princ\u00edpios da dignidade humana. A programa\u00e7\u00e3o \u00e9 composta por temas atuais, debates, not\u00edcias de repercuss\u00e3o nacional e internacional que gera e transmite conte\u00fado relevante para as r\u00e1dios abordando assuntos do mundo Crist\u00e3o e da sociedade como um todo.<\/p>\n<figure id=\"attachment_9019\" aria-describedby=\"caption-attachment-9019\" style=\"width: 291px\" class=\"wp-caption alignright\"><a href=\"http:\/\/cnbb.net.br\/dia-do-radialista-um-olhar-sobre-a-radiodifusao-religiosa\/angela_rcr\/\" rel=\"attachment wp-att-9019 noopener\" target=\"_blank\"><img decoding=\"async\" loading=\"lazy\" class=\"wp-image-9019\" src=\"http:\/\/cnbb.net.br\/wp-content\/uploads\/2017\/11\/angela_rcr-300x300.jpg\" alt=\"\" width=\"291\" height=\"291\" \/><\/a><figcaption id=\"caption-attachment-9019\" class=\"wp-caption-text\">\u00c2ngela Morais, presidente da RCR\/Divulga\u00e7\u00e3o<\/figcaption><\/figure>\n<p><strong>Conte\u00fado<\/strong><\/p>\n<p style=\"text-align: justify\">A produ\u00e7\u00e3o da Rede \u00e9 transmitida atrav\u00e9s dos programas como: Jornal Brasil Hoje; Plant\u00e3o RCR; RCR em Debate; Igreja no R\u00e1dio; Consagra\u00e7\u00e3o a Nossa Senhora, Palavra da CNBB, entre outros, a partir das diferentes regi\u00f5es do Brasil.<\/p>\n<p style=\"text-align: justify\">Eleita em novembro de 2016, \u00c2ngela Maria de Morais \u00e9 a nova presidente da RCR. Celebrando um ano de trabalho ela diz que &#8220;<em>RCR passa por uma reestrutura\u00e7\u00e3o desde sua funda\u00e7\u00e3o em julho de 1994! Para responder \u00e0s demandas das novas tecnologias, precisamos estar em constante atualiza\u00e7\u00e3o e intera\u00e7\u00e3o! O lema da RCR \u00e9 fortalecer a Igreja atrav\u00e9s do R\u00e1dio, e isso tem sido a nossa miss\u00e3o!\u00a0 Em constante comunh\u00e3o com as bases geradoras de conte\u00fado somos uma Rede a servi\u00e7o da Igreja no Brasil<\/em>&#8220;.<\/p>\n","protected":false},"excerpt":{"rendered":"<p>Nesta semana se celebra o Dia do Radialista e a Igreja sempre esteve presente neste meio<\/p>\n","protected":false},"author":83,"featured_media":0,"comment_status":"closed","ping_status":"open","sticky":false,"template":"","format":"standard","meta":{"site-sidebar-layout":"default","site-content-layout":"default","ast-global-header-display":"","ast-banner-title-visibility":"","ast-main-header-display":"","ast-hfb-above-header-display":"","ast-hfb-below-header-display":"","ast-hfb-mobile-header-display":"","site-post-title":"","ast-breadcrumbs-content":"","ast-featured-img":"","footer-sml-layout":"","theme-transparent-header-meta":"","adv-header-id-meta":"","stick-header-meta":"","header-above-stick-meta":"","header-main-stick-meta":"","header-below-stick-meta":""},"categories":[841],"tags":[],"acf":[],"_links":{"self":[{"href":"https:\/\/www.cnbb.org.br\/cnbb-app\/wp\/v2\/posts\/8161"}],"collection":[{"href":"https:\/\/www.cnbb.org.br\/cnbb-app\/wp\/v2\/posts"}],"about":[{"href":"https:\/\/www.cnbb.org.br\/cnbb-app\/wp\/v2\/types\/post"}],"author":[{"embeddable":true,"href":"https:\/\/www.cnbb.org.br\/cnbb-app\/wp\/v2\/users\/83"}],"replies":[{"embeddable":true,"href":"https:\/\/www.cnbb.org.br\/cnbb-app\/wp\/v2\/comments?post=8161"}],"version-history":[{"count":0,"href":"https:\/\/www.cnbb.org.br\/cnbb-app\/wp\/v2\/posts\/8161\/revisions"}],"wp:attachment":[{"href":"https:\/\/www.cnbb.org.br\/cnbb-app\/wp\/v2\/media?parent=8161"}],"wp:term":[{"taxonomy":"category","embeddable":true,"href":"https:\/\/www.cnbb.org.br\/cnbb-app\/wp\/v2\/categories?post=8161"},{"taxonomy":"post_tag","embeddable":true,"href":"https:\/\/www.cnbb.org.br\/cnbb-app\/wp\/v2\/tags?post=8161"}],"curies":[{"name":"wp","href":"https:\/\/api.w.org\/{rel}","templated":true}]}}