{"id":8164,"date":"2017-11-08T00:00:00","date_gmt":"2017-11-08T02:00:00","guid":{"rendered":"https:\/\/www.cnbb.org.br\/pastoral-da-aids-prepara-atividades-para-dia-mundial-de-luta-contra-a-doenca\/"},"modified":"2020-03-11T17:09:54","modified_gmt":"2020-03-11T20:09:54","slug":"pastoral-da-aids-prepara-atividades-para-dia-mundial-de-luta-contra-a-doenca","status":"publish","type":"post","link":"https:\/\/www.cnbb.org.br\/pastoral-da-aids-prepara-atividades-para-dia-mundial-de-luta-contra-a-doenca\/","title":{"rendered":"Pastoral da Aids prepara atividades para Dia Mundial de Luta contra a doen\u00e7a"},"content":{"rendered":"<p style=\"text-align: justify\">O Dia Mundial de Luta contra a AIDS \u00e9 celebrado em todo o mundo no dia 1\u00ba de dezembro. No Brasil, h\u00e1 v\u00e1rios anos a Pastoral da Aids vem implementando, nesta data, iniciativas e a\u00e7\u00f5es com o objetivo de informar e orientar toda a popula\u00e7\u00e3o sobre a epidemia do HIV\/Aids e da necessidade do diagn\u00f3stico precoce para o HIV. Al\u00e9m disso, a campanha busca acompanhar e apoiar as pessoas que se descobrem portadoras do HIV na realiza\u00e7\u00e3o do tratamento precoce, para evitar o adoecimento e ter uma melhor qualidade de vida.<\/p>\n<p style=\"text-align: justify\">Este ano o trabalho ser\u00e1 concentrado no tema: \u201cEm defesa do Sistema \u00danico de Sa\u00fade (SUS), contra o HIV\u201d. A ideia \u00e9 que toda a Igreja, bispos, padres, pastorais e leigos a se engajarem na luta contra a Aids e principalmente na informa\u00e7\u00e3o e orienta\u00e7\u00e3o para que a popula\u00e7\u00e3o v\u00e1 \u00e0 rede p\u00fablica de sa\u00fade buscar o diagn\u00f3stico precoce para HIV. O teste \u00e9 r\u00e1pido, seguro e sigiloso, est\u00e1 dispon\u00edvel na rede de sa\u00fade e \u00e9 um direito de todos.<\/p>\n<p style=\"text-align: justify\">\u201cOs avan\u00e7os da medicina, o esfor\u00e7o de gestores e o empenho da sociedade civil fizeram da Aids uma doen\u00e7a trat\u00e1vel. Com o conhecimento das tecnologias \u00e9 poss\u00edvel viver com qualidade, mesmo tendo HIV. \u00c9 o SUS que garante estes avan\u00e7os. Apoiar o SUS \u00e9 apoiar a resposta brasileira contra a Aids. Para melhorar a qualidade de vida e evitar novas infec\u00e7\u00f5es e \u00f3bitos por causa do HIV \u00e9 preciso fortalecer e ampliar a rede de cuidados\u201d, esclarece a coordena\u00e7\u00e3o nacional da Pastoral da Aids.<\/p>\n<p style=\"text-align: justify\">A campanha ser\u00e1 realizada pelos agentes da Pastoral da Aids e de outras pastorais nas dioceses do Brasil, a partir do dia 1\u00ba de dezembro, Dia Mundial de Luta contra a Aids.<\/p>\n<p style=\"text-align: justify\"><span style=\"color: #993300\"><strong>Outras frentes<\/strong><\/span><\/p>\n<p style=\"text-align: justify\">O Departamento de Vigil\u00e2ncia, Preven\u00e7\u00e3o e Controle das IST, do HIV\/Aids e das Hepatites Virais (DIAHV) do Minist\u00e9rio da Sa\u00fade tamb\u00e9m prepara uma campanha que vai trabalhar a Preven\u00e7\u00e3o Combinada do HIV. A proposta \u00e9 ampliar a gama de op\u00e7\u00f5es que os indiv\u00edduos possuem para a preven\u00e7\u00e3o contra o v\u00edrus e oferecer mais alternativas cientificamente eficazes, por meio da combina\u00e7\u00e3o de novas estrat\u00e9gias comportamentais e biom\u00e9dicas baseadas em direitos humanos e informadas por evid\u00eancias.<\/p>\n<p style=\"text-align: justify\">A preven\u00e7\u00e3o combinada engloba, al\u00e9m do uso do preservativo, o tratamento como preven\u00e7\u00e3o, a Profilaxia P\u00f3s-exposi\u00e7\u00e3o (PEP) e a Profilaxia Pr\u00e9-exposi\u00e7\u00e3o (PrEP). Todas essas novas estrat\u00e9gias devem ser vistas e consideradas como novas op\u00e7\u00f5es no leque de estrat\u00e9gias que comp\u00f5em a preven\u00e7\u00e3o combinada ao HIV.<\/p>\n<div data-url=\"https:\/\/issuu.com\/unaidsbrasil\/docs\/2017_08_10_prevcomb\" style=\"width: 500px; height: 355px;\" class=\"issuuembed\"><\/div>\n<p><script type=\"text\/javascript\" src=\"\/\/e.issuu.com\/embed.js\" async=\"true\"><\/script><\/p>\n<p style=\"text-align: justify\"><span style=\"color: #993300\"><strong>Protocolos para o Tratamento do HIV no Brasil<\/strong><\/span><\/p>\n<p style=\"text-align: justify\">Desde 2013, o Minist\u00e9rio da Sa\u00fade, atrav\u00e9s do Departamento de DST, AIDS e Hepatites Virais (DDAHV), t\u00eam disponibilizado os medicamentos antirretrovirais de forma gratuita a todas as pessoas vivendo com HIV\/AIDS \u2013 independente do n\u00edvel do CD4. O Protocolo Cl\u00ednico e Diretrizes Terap\u00eauticas para Manejo da Infec\u00e7\u00e3o pelo HIV em Adultos, implementado em dezembro de 2013 durante as celebra\u00e7\u00f5es do Dia Mundial de Luta contra a AIDS, tamb\u00e9m \u00e9 um marco do in\u00edcio da pol\u00edtica brasileira de \u201cTestar e Tratar\u201d e do uso do Tratamento como preven\u00e7\u00e3o pelo pa\u00eds.<\/p>\n<p style=\"text-align: justify\">J\u00e1 o mais recente Protocolo Cl\u00ednico e Diretrizes Terap\u00eauticas para Profilaxia Antirretroviral P\u00f3s-Exposi\u00e7\u00e3o de Risco \u00e0 Infec\u00e7\u00e3o pelo HIV atualizou as recomenda\u00e7\u00f5es brasileiras para o uso de medicamentos antirretrovirais para a Profilaxia P\u00f3s-exposi\u00e7\u00e3o (PEP).<\/p>\n<p><strong style=\"color: #993300;text-align: justify\">UNAIDS<\/strong><\/p>\n<p style=\"text-align: justify\"><a href=\"http:\/\/cnbb.net.br\/pastoral-da-aids-prepara-atividades-para-dia-mundial-de-luta-contra-a-doenca\/prevencao-combinada\/\" rel=\"attachment wp-att-9055 noopener\" target=\"_blank\"><img decoding=\"async\" loading=\"lazy\" class=\" wp-image-9055 alignright\" src=\"http:\/\/cnbb.net.br\/wp-content\/uploads\/2017\/11\/preven\u00e7\u00e3o-combinada-300x273.png\" alt=\"\" width=\"310\" height=\"282\" \/><\/a>O Programa Conjunto das Na\u00e7\u00f5es Unidas sobre HIV\/Aids (Unaids), estima que 36,7 milh\u00f5es de pessoas vivem com o v\u00edrus HIV ao redor do mundo, 57% sabem que s\u00e3o soropositivos e apenas 46% tem acesso ao tratamento. Al\u00e9m disso, o levantamento mostra que 1,1 milh\u00e3o morreram em decorr\u00eancia de doen\u00e7as relacionadas \u00e0 AIDS, entre 2010 e 2015. No Brasil, estima-se que 830 mil pessoas t\u00eam o v\u00edrus HIV. Desses, somente 55% fazem o tratamento. Os dados revelam ainda que em m\u00e9dia 44 mil novos casos s\u00e3o notificados por ano. Os n\u00fameros revelam ainda que entre 2010 e 2015, 15 mil mortes foram em decorr\u00eancia da doen\u00e7a. Segundo a Unaids, 40% das infec\u00e7\u00f5es da Am\u00e9rica Latina est\u00e3o concentradas no Brasil.<\/p>\n<p style=\"text-align: justify\">A expectativa da Unaids \u00e9, at\u00e9 2030, tornar o n\u00famero de novas infec\u00e7\u00f5es baixos a n\u00edveis n\u00e3o epid\u00eamico cumprindo a meta 90-90-90: que 90% de todas as pessoas com HIV conhe\u00e7am seu diagn\u00f3stico, que 90% das diagnosticadas sejam tratadas imediatamente, e que 90% das tratadas possuam carga viral indetect\u00e1vel e n\u00e3o possam mais transmitir o v\u00edrus.<\/p>\n<p style=\"text-align: justify\"><span style=\"color: #993300\"><strong>Sobre o HIV e a AIDS<\/strong><\/span><\/p>\n<p style=\"text-align: justify\">HIV \u00e9 um v\u00edrus que se espalha atrav\u00e9s de flu\u00eddos corporais e afeta c\u00e9lulas espec\u00edficas do sistema imunol\u00f3gico, conhecidas como c\u00e9lulas CD4, ou c\u00e9lulas T. Sem o tratamento antirretroviral, o HIV afeta e destr\u00f3i essas c\u00e9lulas espec\u00edficas do sistema imunol\u00f3gico e torna o organismo incapaz de lutar contra infec\u00e7\u00f5es e doen\u00e7as. Quando isso acontece, a infec\u00e7\u00e3o por HIV leva \u00e0 AIDS.<\/p>\n<p style=\"text-align: justify\"><span style=\"color: #993300\"><strong>O que \u00e9 HIV?<\/strong><\/span><\/p>\n<p style=\"text-align: justify\">HIV \u00e9 uma sigla para v\u00edrus da imunodefici\u00eancia humana. \u00c9 o v\u00edrus que pode levar \u00e0 s\u00edndrome da imunodefici\u00eancia adquirida (AIDS). Ao contr\u00e1rio de outros v\u00edrus, o corpo humano n\u00e3o consegue se livrar do HIV. Isso significa que uma vez que voc\u00ea contrai o HIV, voc\u00ea viver\u00e1 com o v\u00edrus para sempre.<\/p>\n","protected":false},"excerpt":{"rendered":"<p>Este ano o trabalho ser\u00e1 concentrado no tema: \u201cEm defesa do Sistema \u00danico de Sa\u00fade (SUS), contra o HIV\u201d e a preven\u00e7\u00e3o combinada<\/p>\n","protected":false},"author":83,"featured_media":0,"comment_status":"closed","ping_status":"open","sticky":false,"template":"","format":"standard","meta":{"site-sidebar-layout":"default","site-content-layout":"default","ast-global-header-display":"","ast-banner-title-visibility":"","ast-main-header-display":"","ast-hfb-above-header-display":"","ast-hfb-below-header-display":"","ast-hfb-mobile-header-display":"","site-post-title":"","ast-breadcrumbs-content":"","ast-featured-img":"","footer-sml-layout":"","theme-transparent-header-meta":"","adv-header-id-meta":"","stick-header-meta":"","header-above-stick-meta":"","header-main-stick-meta":"","header-below-stick-meta":""},"categories":[863],"tags":[],"acf":[],"_links":{"self":[{"href":"https:\/\/www.cnbb.org.br\/cnbb-app\/wp\/v2\/posts\/8164"}],"collection":[{"href":"https:\/\/www.cnbb.org.br\/cnbb-app\/wp\/v2\/posts"}],"about":[{"href":"https:\/\/www.cnbb.org.br\/cnbb-app\/wp\/v2\/types\/post"}],"author":[{"embeddable":true,"href":"https:\/\/www.cnbb.org.br\/cnbb-app\/wp\/v2\/users\/83"}],"replies":[{"embeddable":true,"href":"https:\/\/www.cnbb.org.br\/cnbb-app\/wp\/v2\/comments?post=8164"}],"version-history":[{"count":0,"href":"https:\/\/www.cnbb.org.br\/cnbb-app\/wp\/v2\/posts\/8164\/revisions"}],"wp:attachment":[{"href":"https:\/\/www.cnbb.org.br\/cnbb-app\/wp\/v2\/media?parent=8164"}],"wp:term":[{"taxonomy":"category","embeddable":true,"href":"https:\/\/www.cnbb.org.br\/cnbb-app\/wp\/v2\/categories?post=8164"},{"taxonomy":"post_tag","embeddable":true,"href":"https:\/\/www.cnbb.org.br\/cnbb-app\/wp\/v2\/tags?post=8164"}],"curies":[{"name":"wp","href":"https:\/\/api.w.org\/{rel}","templated":true}]}}