{"id":8210,"date":"2017-11-12T00:00:00","date_gmt":"2017-11-12T02:00:00","guid":{"rendered":"https:\/\/www.cnbb.org.br\/4o-seminario-de-comunicacao\/"},"modified":"2017-11-12T00:00:00","modified_gmt":"2017-11-12T02:00:00","slug":"4o-seminario-de-comunicacao","status":"publish","type":"post","link":"https:\/\/www.cnbb.org.br\/4o-seminario-de-comunicacao\/","title":{"rendered":"4\u00ba Semin\u00e1rio de Comunica\u00e7\u00e3o da arquidiocese do Rio de Janeiro"},"content":{"rendered":"<p style=\"text-align: justify\">\u201cSimplifica\u00e7\u00e3o dos meios, o uso e a acessibilidade\u201d foi o tema apresentado pelo assessor da Comiss\u00e3o Episcopal para Comunica\u00e7\u00e3o da Confer\u00eancia Nacional dos Bispos do Brasil (CNBB), Padre Ant\u00f4nio Xavier, na noite desta ter\u00e7a-feira, 7 de novembro, durante a abertura do 4\u00ba Semin\u00e1rio de Comunica\u00e7\u00e3o, que ser\u00e1 realizado at\u00e9 o dia 10, no Centro de Estudos e Forma\u00e7\u00e3o do Sumar\u00e9, no Rio de Janeiro.<\/p>\n<p style=\"text-align: justify\">Logo ap\u00f3s a abertura oficial do semin\u00e1rio e apresenta\u00e7\u00e3o do tema realizada pelo arcebispo do Rio, Cardeal Orani Jo\u00e3o Tempesta, juntamente com o vig\u00e1rio episcopal para a Comunica\u00e7\u00e3o Social e Cultura da Arquidiocese, C\u00f4nego Marcos William, Padre Ant\u00f4nio proferiu a primeira confer\u00eancia do encontro recordando a hist\u00f3ria da Igreja com a comunica\u00e7\u00e3o e realizando um panorama dos dias atuais com o advento da cultura digital.<\/p>\n<p style=\"text-align: justify\">\u201cAbordamos nessa primeira palestra exatamente a caminhada que a Igreja fez em rela\u00e7\u00e3o aos meios de comunica\u00e7\u00e3o e, ao mesmo tempo, apresentamos um pouco do cen\u00e1rio em que vivemos hoje com tantas mudan\u00e7as trazidas pela cultura digital e por toda essa revolu\u00e7\u00e3o tecnol\u00f3gica \u00e0s vezes chamada de quarta revolu\u00e7\u00e3o industrial. A partir disso, expomos e refletimos um pouco sobre tem\u00e1ticas como o v\u00edcio digital, as diferen\u00e7as entre algu\u00e9m que est\u00e1 online e algu\u00e9m que est\u00e1 realmente dispon\u00edvel para uma conversa ou algo assim, um discernimento mais apurado diante do entusiasmo pela tecnologia que \u00e0s vezes gera certa ansiedade, que s\u00e3o provindas desse meio, mas ao mesmo tempo toda a abordagem positiva em rela\u00e7\u00e3o ao crescimento, utiliza\u00e7\u00e3o dos meios digitais para a sa\u00fade, para a educa\u00e7\u00e3o e para tantas outras abordagens\u201d, explicou o sacerdote.<\/p>\n<p style=\"text-align: justify\">Partindo da afirma\u00e7\u00e3o que \u201ca evolu\u00e7\u00e3o da tecnologia \u00e9 t\u00e3o inerente quanto a evolu\u00e7\u00e3o da humanidade\u201d, padre Ant\u00f4nio apresentou a linha do tempo das revolu\u00e7\u00f5es industriais destacando que hoje \u201cvivencia-se uma grande variedade de itens tecnol\u00f3gicos capazes de facilitar a vida e os relacionamentos e impulsionar a produtividade\u201d.<\/p>\n<p style=\"text-align: justify\">\u201cA mudan\u00e7a de paradigmas trazida pelas tecnologias muda os processos relacionais do ser humano. Assim como no tempo do autom\u00f3vel e da energia el\u00e9trica, a internet gerou nas pessoas comportamentos distintos daqueles de um tempo, a ponto de distinguir gera\u00e7\u00f5es que antecedem e sucedem tais momentos\u201d, disse.<\/p>\n<p style=\"text-align: justify\">O assessor para comunica\u00e7\u00e3o da CNBB tamb\u00e9m apresentou um estudo sobre a interpreta\u00e7\u00e3o das gera\u00e7\u00f5es X, Y e Z, identificadas pela vis\u00e3o, familiaridade e utiliza\u00e7\u00e3o dos meios. Ele ressaltou ainda um novo conceito surgido h\u00e1 alguns anos atr\u00e1s: o de perfis digigr\u00e1ficos, que n\u00e3o parte mais da ideia de gera\u00e7\u00e3o, mas das atitudes diante dos meios modernos.<\/p>\n<p style=\"text-align: justify\">\u201cDentro desse contexto, n\u00e3o mais a idade definiria a rela\u00e7\u00e3o com a tecnologia. Claro que aqueles que nascem dentro desse processo, possuem uma vis\u00e3o de mundo a partir dele por ser o \u00fanico mundo conhecido por eles e os coloca em situa\u00e7\u00e3o de vantagem. Embora o homem conserve sempre sua liberdade diante da tecnologia, essa modifica sua vida social independente de sua vontade. A consequ\u00eancia \u00e9 sempre a mesma, temos os entusiastas plenos e os combatentes que tentam responsabilizar as tecnologias por boa parte dos problemas da sociedade atual\u201d, recordou Padre Ant\u00f4nio.<\/p>\n<p style=\"text-align: justify\">Por fim, o presb\u00edtero apresentou alguns desafios lembrando dos influenciadores digitais como novas celebridades; da velocidade da informa\u00e7\u00e3o \u00e0 dificuldade da aferi\u00e7\u00e3o; das dificuldades no campo do direito; da sa\u00fade e qualidade de vida; de que forma os conectados podem ajudar os ainda n\u00e3o conectados; a exposi\u00e7\u00e3o de si e o gerenciamento de privacidade em contextos digitais; e a diferen\u00e7a do estar online e estar dispon\u00edvel; dentre outras abordagens. Al\u00e9m disso, Padre Ant\u00f4nio Xavier trouxe a vis\u00e3o do Papa Francisco, a partir de sua mensagem para o Dia Mundial das Comunica\u00e7\u00f5es de 2017, onde o Santo Padre exortava que \u201cgra\u00e7as ao progresso tecnol\u00f3gico, o acesso aos meios de comunica\u00e7\u00e3o possibilita a muitas pessoas ter conhecimento quase instant\u00e2neo das not\u00edcias e divulg\u00e1-las de forma capilar. Estas not\u00edcias podem ser boas ou m\u00e1s, verdadeiras ou falsas. J\u00e1 os nossos antigos pais na f\u00e9 comparavam a mente humana \u00e0 m\u00f3 da azenha que, movida pela \u00e1gua, n\u00e3o se pode parar. Mas o moleiro encarregado da azenha tem possibilidades de decidir se quer moer, nela, trigo ou joio. A mente do homem est\u00e1 sempre em a\u00e7\u00e3o e n\u00e3o pode parar de \u00abmoer\u00bb o que recebe, mas cabe a n\u00f3s decidir o material que lhe fornecemos\u201d.<\/p>\n<p><em>(Texto: Raphael Freire\/Arquidiocese do Rio de Janeiro)<\/em><\/p>\n","protected":false},"excerpt":{"rendered":"<p>P. Antonio Xavier: \u201cvivencia-se variedade de itens tecnol\u00f3gicos capazes de facilitar a vida e os relacionamentos e impulsionar a produtividade\u201d<\/p>\n","protected":false},"author":83,"featured_media":8211,"comment_status":"closed","ping_status":"open","sticky":false,"template":"","format":"standard","meta":{"site-sidebar-layout":"default","site-content-layout":"default","ast-global-header-display":"","ast-banner-title-visibility":"","ast-main-header-display":"","ast-hfb-above-header-display":"","ast-hfb-below-header-display":"","ast-hfb-mobile-header-display":"","site-post-title":"","ast-breadcrumbs-content":"","ast-featured-img":"","footer-sml-layout":"","theme-transparent-header-meta":"","adv-header-id-meta":"","stick-header-meta":"","header-above-stick-meta":"","header-main-stick-meta":"","header-below-stick-meta":""},"categories":[1],"tags":[],"acf":[],"_links":{"self":[{"href":"https:\/\/www.cnbb.org.br\/cnbb-app\/wp\/v2\/posts\/8210"}],"collection":[{"href":"https:\/\/www.cnbb.org.br\/cnbb-app\/wp\/v2\/posts"}],"about":[{"href":"https:\/\/www.cnbb.org.br\/cnbb-app\/wp\/v2\/types\/post"}],"author":[{"embeddable":true,"href":"https:\/\/www.cnbb.org.br\/cnbb-app\/wp\/v2\/users\/83"}],"replies":[{"embeddable":true,"href":"https:\/\/www.cnbb.org.br\/cnbb-app\/wp\/v2\/comments?post=8210"}],"version-history":[{"count":0,"href":"https:\/\/www.cnbb.org.br\/cnbb-app\/wp\/v2\/posts\/8210\/revisions"}],"wp:featuredmedia":[{"embeddable":true,"href":"https:\/\/www.cnbb.org.br\/cnbb-app\/wp\/v2\/media\/8211"}],"wp:attachment":[{"href":"https:\/\/www.cnbb.org.br\/cnbb-app\/wp\/v2\/media?parent=8210"}],"wp:term":[{"taxonomy":"category","embeddable":true,"href":"https:\/\/www.cnbb.org.br\/cnbb-app\/wp\/v2\/categories?post=8210"},{"taxonomy":"post_tag","embeddable":true,"href":"https:\/\/www.cnbb.org.br\/cnbb-app\/wp\/v2\/tags?post=8210"}],"curies":[{"name":"wp","href":"https:\/\/api.w.org\/{rel}","templated":true}]}}