{"id":8215,"date":"2017-11-12T00:00:00","date_gmt":"2017-11-12T02:00:00","guid":{"rendered":"https:\/\/www.cnbb.org.br\/oracao-dos-pobres\/"},"modified":"2017-11-12T00:00:00","modified_gmt":"2017-11-12T02:00:00","slug":"oracao-dos-pobres","status":"publish","type":"post","link":"https:\/\/www.cnbb.org.br\/oracao-dos-pobres\/","title":{"rendered":"Ora\u00e7\u00e3o dos pobres"},"content":{"rendered":"<p style=\"text-align: right\"><strong>Cardeal Orani Jo\u00e3o Tempesta<\/strong><strong><br \/>\nArcebispo Metropolitano de S\u00e3o Sebasti\u00e3o do Rio de Janeiro, RJ<\/strong><\/p>\n<p style=\"text-align: justify\">Vivenciando a semana da solidariedade preparando o Dia Mundial do pobre, recordo que o Papa Francisco, em sua mensagem (n\u00ba 8) trata do tema da ora\u00e7\u00e3o do pobre. A ora\u00e7\u00e3o do pobre \u00e9 a ora\u00e7\u00e3o do Pai Nosso.<\/p>\n<p style=\"text-align: justify\">O Evangelho de Lucas 11, 1-13 nos apresenta a ora\u00e7\u00e3o do Pai Nosso. Jesus, mais uma vez, est\u00e1 em ora\u00e7\u00e3o, num lugar. Lucas n\u00e3o se importa em precis\u00e1-lo. Qualquer lugar pode se tornar um espa\u00e7o de ora\u00e7\u00e3o: em casa, fora da p\u00e1tria, na estrada. Os disc\u00edpulos esperam respeitosamente, Jesus terminar a ora\u00e7\u00e3o, para pedir-lhe que os ensine. V\u00eaem que Jesus alimenta a sua espiritualidade na ora\u00e7\u00e3o e sentem necessidade de tamb\u00e9m eles beberem desta fonte, capaz de sustentar a caminhada. Querem saber o conte\u00fado da ora\u00e7\u00e3o, a qual Jesus resume em cinco pedidos, que facilmente podem ser repetidos.<\/p>\n<p style=\"text-align: justify\">Chamar a Deus de Pai revoluciona a rela\u00e7\u00e3o entre aquele que faz a ora\u00e7\u00e3o e a quem se dirige a mesma. Estabelece uma rela\u00e7\u00e3o de intimidade e de confian\u00e7a naquele que \u00e9 doador da vida, cheio de miseric\u00f3rdia (6,36). N\u00e3o \u00e9 um pedido intimista, mas aberto. Expressa o desejo de que o Pai se d\u00ea conhecer a todos, para que todos conhe\u00e7am a sua santidade, ou seja, que se realize a sua justi\u00e7a. Historicamente, Deus se deu a conhecer libertando seu povo (\u00cax 3,14).<\/p>\n<p style=\"text-align: justify\">O Evangelho (Lc 11, 1-13) retoma o tema da ora\u00e7\u00e3o. Jesus, solicitado pelos seus disc\u00edpulos, ensina-os a orar: \u201cQuando orardes, dizei: Pai, santificado seja o Teu nome. Venha o Teu reino\u201d (Lc 11, 2). O crist\u00e3o, autorizado por Jesus, chama a Deus de Pai, nome que d\u00e1 \u00e0 ora\u00e7\u00e3o uma atitude filial, que pode derramar o seu cora\u00e7\u00e3o no cora\u00e7\u00e3o de Deus, apresentando-Lhe as suas necessidades, de maneira simples e espont\u00e2nea, como indica o Pai-nosso.<\/p>\n<p style=\"text-align: justify\">Com a par\u00e1bola do amigo importuno Jesus ensina a orar com perseveran\u00e7a e insist\u00eancia, como fez Abra\u00e3o, sem temer a ser indiscretos: \u201cPedi, procurai, batei\u201d. N\u00e3o h\u00e1 horas inconvenientes para Deus. Nunca se aborrece da ora\u00e7\u00e3o humilde e confiada dos Seus filhos, mas antes se compraz com ela: \u201cTodo aquele que pede recebe; quem procura encontra; e ao que bate abrir-se-\u00e1\u201d (Lc 11, 10). E, mesmo que o homem nem sempre obtenha aquilo que pede, \u00e9 certo que a sua ora\u00e7\u00e3o n\u00e3o \u00e9 em v\u00e3o, pois o Pai celeste responde sempre com o Seu amor e a seu favor, embora de uma maneira oculta e diferente da que o homem espera. O mais importante n\u00e3o \u00e9 obter isto ou aquilo, mas sim, que nunca lhe falte a gra\u00e7a de ser cada dia fiel a Deus. Esta gra\u00e7a est\u00e1 garantida ao que ora sem cessar: \u201cSe v\u00f3s que sois maus sabeis dar coisas boas aos vossos filhos, quanto mais o Pai do c\u00e9u dar\u00e1 o Esp\u00edrito Santo aos que O pedirem\u201d (Lc 11, 13). No dom do Esp\u00edrito Santo, est\u00e3o inclu\u00eddos todos os bens que Deus quer conceder aos Seus filhos.<\/p>\n<p style=\"text-align: justify\">Afinal, por que orar? Para nos abrir e escutar o Senhor, para nos fazer tomar consci\u00eancia dele com todo o nosso ser, para que percebamos com cada fibra do nosso ser, do nosso consciente e do nosso inconsciente que n\u00e3o nos bastamos a n\u00f3s mesmos, mas somos seres chamados a viver a vida em comunh\u00e3o com o Infinito, em rela\u00e7\u00e3o com o Senhor. Sem a ora\u00e7\u00e3o, perder\u00edamos nossa refer\u00eancia viva a Deus, cair\u00edamos na ilus\u00e3o que somos o centro da nossa vida e reduzir\u00edamos o Senhor Deus a uma simples ideia abstrata, distante e sem for\u00e7a. \u00a0\u00a0\u00a0 Todo aquele que n\u00e3o reza, seja leigo, seja religioso, seja padre, perde Deus, perde a rela\u00e7\u00e3o viva com ele. Pode at\u00e9 falar dele, mas fala como quem fala de uma ideia, de uma teoria e n\u00e3o de algu\u00e9m vivo e pr\u00f3ximo, que enche a vida de alegria, ternura, paz e amor. Sem a ora\u00e7\u00e3o, Deus morre em n\u00f3s. Sem a ora\u00e7\u00e3o \u00e9 imposs\u00edvel uma experi\u00eancia verdadeira e profunda de Deus e, portanto, \u00e9 imposs\u00edvel ser crist\u00e3o. Por tudo isso, a ora\u00e7\u00e3o tem que ser di\u00e1ria, perseverante e fiel.<\/p>\n<p style=\"text-align: justify\">Jesus retirava-se para rezar, com frequ\u00eancia! E um dia, ao terminar a sua ora\u00e7\u00e3o, seus disc\u00edpulos lhe pediram: \u201cSenhor, ensina-nos a orar\u2026 \u00c9 o que n\u00f3s temos de pedir tamb\u00e9m: Jesus, ensina-me de que modo relacionar-me com o Pai, diz-me como e que coisas devo pedir! Se Jesus foi um homem orante, tamb\u00e9m os crist\u00e3os s\u00e3o chamados a serem homens e mulheres orantes. Para que possam transformar toda a sua vida numa comunh\u00e3o profunda com Deus, importa dedicar espa\u00e7os de tempo explicitamente ao exerc\u00edcio da ora\u00e7\u00e3o. Sem d\u00favida a ora\u00e7\u00e3o constitui uma profunda experi\u00eancia pascal. Da\u00ed cuidarmos da vida de ora\u00e7\u00e3o, pois a ora\u00e7\u00e3o \u00e9 o grande recurso para sair do pecado, perseverar na gra\u00e7a, mover o cora\u00e7\u00e3o de Deus e atrair sobre n\u00f3s toda a sorte de b\u00ean\u00e7\u00e3os do c\u00e9u, quer para a alma, quer pelo que respeita \u00e0s nossas necessidades temporais.<\/p>\n<p style=\"text-align: justify\">O Santo Padre nos diz: \u201co\u00a0Pai Nosso<em>\u00a0<\/em>\u00e9 a ora\u00e7\u00e3o dos pobres. De fato, o pedido do p\u00e3o exprime o abandono a Deus nas necessidades prim\u00e1rias da nossa vida\u201d. \u201cO\u00a0Pai Nosso<em>\u00a0<\/em>\u00e9 uma ora\u00e7\u00e3o que se exprime no plural: o p\u00e3o que se pede \u00e9 \u201cnosso\u201d, e isto implica partilha, comparticipa\u00e7\u00e3o e responsabilidade comum. Nesta ora\u00e7\u00e3o, todos reconhecemos a exig\u00eancia de superar qualquer forma de ego\u00edsmo, para termos acesso \u00e0 alegria do acolhimento rec\u00edproco\u201d (Retirado do site: tps:\/\/w2.vatican.va\/content\/francesco\/pt\/messages\/poveri\/documents\/papa-francesco_20170613_messaggio-i-giornatamondiale-poveri-2017.html. acessado pela \u00faltima vez em: 07\/11\/2017).<\/p>\n<p style=\"text-align: justify\">Contudo, observemos que a ora\u00e7\u00e3o que Jesus ensinou, o Pai-nosso, \u00e9 toda ela centrada n\u00e3o em n\u00f3s, mas no Pai: no seu Reino, na sua vontade, na santifica\u00e7\u00e3o do seu nome. Somente depois, quando aprendermos a deixar que Deus seja tudo na nossa vida, \u00e9 que experimentaremos que somos pessoas novas, transformadas pela gra\u00e7a do Senhor.<\/p>\n<p>&nbsp;<\/p>\n","protected":false},"excerpt":{"rendered":"<p>Cardeal Orani Jo\u00e3o Tempesta Arcebispo Metropolitano de S\u00e3o Sebasti\u00e3o do Rio de Janeiro, RJ Vivenciando a semana da solidariedade preparando o Dia Mundial do pobre, recordo que o Papa Francisco, em sua mensagem (n\u00ba 8) trata do tema da ora\u00e7\u00e3o do pobre. A ora\u00e7\u00e3o do pobre \u00e9 a ora\u00e7\u00e3o do Pai Nosso. O Evangelho de &hellip;<\/p>\n<p class=\"read-more\"> <a class=\"\" href=\"https:\/\/www.cnbb.org.br\/oracao-dos-pobres\/\"> <span class=\"screen-reader-text\">Ora\u00e7\u00e3o dos pobres<\/span> Leia mais &raquo;<\/a><\/p>\n","protected":false},"author":31,"featured_media":0,"comment_status":"closed","ping_status":"open","sticky":false,"template":"","format":"standard","meta":{"site-sidebar-layout":"default","site-content-layout":"default","ast-global-header-display":"","ast-banner-title-visibility":"","ast-main-header-display":"","ast-hfb-above-header-display":"","ast-hfb-below-header-display":"","ast-hfb-mobile-header-display":"","site-post-title":"","ast-breadcrumbs-content":"","ast-featured-img":"","footer-sml-layout":"","theme-transparent-header-meta":"","adv-header-id-meta":"","stick-header-meta":"","header-above-stick-meta":"","header-main-stick-meta":"","header-below-stick-meta":""},"categories":[758],"tags":[],"acf":[],"_links":{"self":[{"href":"https:\/\/www.cnbb.org.br\/cnbb-app\/wp\/v2\/posts\/8215"}],"collection":[{"href":"https:\/\/www.cnbb.org.br\/cnbb-app\/wp\/v2\/posts"}],"about":[{"href":"https:\/\/www.cnbb.org.br\/cnbb-app\/wp\/v2\/types\/post"}],"author":[{"embeddable":true,"href":"https:\/\/www.cnbb.org.br\/cnbb-app\/wp\/v2\/users\/31"}],"replies":[{"embeddable":true,"href":"https:\/\/www.cnbb.org.br\/cnbb-app\/wp\/v2\/comments?post=8215"}],"version-history":[{"count":0,"href":"https:\/\/www.cnbb.org.br\/cnbb-app\/wp\/v2\/posts\/8215\/revisions"}],"wp:attachment":[{"href":"https:\/\/www.cnbb.org.br\/cnbb-app\/wp\/v2\/media?parent=8215"}],"wp:term":[{"taxonomy":"category","embeddable":true,"href":"https:\/\/www.cnbb.org.br\/cnbb-app\/wp\/v2\/categories?post=8215"},{"taxonomy":"post_tag","embeddable":true,"href":"https:\/\/www.cnbb.org.br\/cnbb-app\/wp\/v2\/tags?post=8215"}],"curies":[{"name":"wp","href":"https:\/\/api.w.org\/{rel}","templated":true}]}}