{"id":8255,"date":"2017-11-17T00:00:00","date_gmt":"2017-11-17T02:00:00","guid":{"rendered":"https:\/\/www.cnbb.org.br\/espero-que-o-apelo-do-papa-ecoe-no-brasil-diz-dom-murilo-sobre-o-1-dia-mundial-dos-pobres\/"},"modified":"2017-11-17T00:00:00","modified_gmt":"2017-11-17T02:00:00","slug":"espero-que-o-apelo-do-papa-ecoe-no-brasil-diz-dom-murilo-sobre-o-1-dia-mundial-dos-pobres","status":"publish","type":"post","link":"https:\/\/www.cnbb.org.br\/espero-que-o-apelo-do-papa-ecoe-no-brasil-diz-dom-murilo-sobre-o-1-dia-mundial-dos-pobres\/","title":{"rendered":"&#8220;Espero que o apelo do papa ecoe no Brasil&#8221;, diz dom Murilo sobre o 1\u00b0 Dia Mundial dos Pobres"},"content":{"rendered":"<p style=\"text-align: justify\">A A\u00e7\u00e3o da Cidadania volta a realizar a campanha <em>Natal sem Fome<\/em> ap\u00f3s 10 anos e segundo um estudo divulgado em fevereiro pelo Banco Mundial, o n\u00famero de pessoas vivendo na pobreza no Brasil dever\u00e1 aumentar entre 2,5 milh\u00f5es e 3,6 milh\u00f5es at\u00e9 o fim de 2017. Esses s\u00e3o sinais claros de que a fome e a mis\u00e9ria, um pouco atenuadas em fun\u00e7\u00e3o das \u00faltimas pol\u00edticas p\u00fablicas adotadas pelo Brasil, como o Bolsa Fam\u00edlia, voltam a rondar o pa\u00eds. No dia 19, pr\u00f3ximo domingo, ser\u00e1 celebrado o 1\u00ba Dia Mundial dos Pobres, institu\u00eddo pelo papa Francisco. Neste contexto, o vice-presidente da CNBB, o arcebispo de Salvador, dom Murilo Krieger, fala do gesto do santo padre. \u201cA inten\u00e7\u00e3o do papa \u00e9 a de despertar o mundo &#8211; pa\u00edses e pessoas -, e de acord\u00e1-lo para a triste realidade de nosso tempo\u201d, disse. A pobreza e a fome amea\u00e7am milh\u00f5es de pessoas pelo planeta porque falta o senso de solidariedade e o respeito aos mais pobres aponta o bispo. Acompanhe a \u00edntegra da entrevista.<\/p>\n<p><strong>Portal CNBB<\/strong> &#8211; <em>No dia 19, pr\u00f3ximo domingo, ser\u00e1 celebrado o 1\u00ba Dia Mundial dos Pobres, institu\u00eddo pelo papa Francisco. Qual o sinal o santo padre quer dar para a humanidade com este gesto?<\/em><\/p>\n<figure id=\"attachment_9457\" aria-describedby=\"caption-attachment-9457\" style=\"width: 200px\" class=\"wp-caption alignright\"><a href=\"http:\/\/cnbb.net.br\/espero-que-o-apelo-do-papa-ecoe-no-brasil-diz-dom-murilo-sobre-o-1-dia-mundial-dos-pobres\/dom-murilo-3\/\" rel=\"attachment wp-att-9457 noopener\" target=\"_blank\"><img decoding=\"async\" loading=\"lazy\" class=\"wp-image-9457 size-medium\" src=\"http:\/\/cnbb.net.br\/wp-content\/uploads\/2017\/11\/Dom-Murilo-200x300.jpg\" alt=\"\" width=\"200\" height=\"300\" \/><\/a><figcaption id=\"caption-attachment-9457\" class=\"wp-caption-text\">Foto: Arquidiocese de Salvador<\/figcaption><\/figure>\n<p style=\"text-align: justify\"><strong>Dom Murilo Krieger<\/strong> &#8211; H\u00e1 multid\u00f5es que hoje, em pleno s\u00e9culo XXI, passam fome e vivem sem as m\u00ednimas condi\u00e7\u00f5es para se falar em vida digna. E elas s\u00e3o ignoradas por todos &#8211; incluindo aqui os pa\u00edses ricos e as pessoas em melhores condi\u00e7\u00f5es. Pior: n\u00e3o faltam alimentos ao mundo; n\u00e3o faltam riquezas. Falta o senso de solidariedade e de respeito \u00e0queles que Jesus considera o menor de seus irm\u00e3os. A inten\u00e7\u00e3o do Papa Francisco \u00e9 a de despertar o mundo &#8211; isto \u00e9, pa\u00edses e pessoas -, de acord\u00e1-lo para a triste realidade de nosso tempo.<\/p>\n<p style=\"text-align: justify\"><strong>Portal CNBB<\/strong> &#8211; <em>H\u00e1 sinais claros de que a fome e a mis\u00e9ria, um pouco atenuadas em fun\u00e7\u00e3o das \u00faltimas pol\u00edticas p\u00fablicas, como o Bolsa Fam\u00edlia, adotadas pelo Brasil, voltam a rondar o pa\u00eds. Ap\u00f3s 10 anos, a A\u00e7\u00e3o da Cidadania volta a realizar o Natal sem Fome.\u00a0\u00a0<\/em><em>De acordo com um estudo divulgado em fevereiro pelo Banco Mundial, o n\u00famero de pessoas vivendo na pobreza no Brasil dever\u00e1 aumentar entre 2,5 milh\u00f5es e 3,6 milh\u00f5es at\u00e9 o fim de 2017. Como vice-presidente da CNBB, qual a sua avalia\u00e7\u00e3o desta realidade?<\/em><\/p>\n<p style=\"text-align: justify\"><strong>Dom Murilo Krieger <\/strong>&#8211; Se h\u00e1 um pa\u00eds onde palavra &#8220;pobre&#8221; n\u00e3o deveria existir, esse pa\u00eds \u00e9 o nosso. Temos uma natureza maravilhosa, riquezas minerais imensas, um clima excelente; n\u00e3o temos problemas naturais t\u00e3o comuns em outros pa\u00edses, e que causam desgra\u00e7as e preju\u00edzos imensos. N\u00e3o temos, contudo, a consci\u00eancia de que os pobres n\u00e3o s\u00e3o pobres por acaso. J\u00e1 em 1979, em Puebla, os Bispos diziam que o grande problema nosso \u00e9 a injusti\u00e7a institucionalizada, como parte de nossas estruturas. A\u00ed est\u00e3o os esc\u00e2ndalos de corrup\u00e7\u00e3o que s\u00e3o denunciados a cada dia, a nos mostrar que quando falta o devido cuidado com os bens do pa\u00eds, cresce o enriquecimento de alguns e o empobrecimento de multid\u00f5es. Espero que o apelo do papa tenha eco em nossa terra de Santa Cruz.<\/p>\n<p><strong>Portal CNBB<\/strong> &#8211; <em>Quais passos s\u00e3o necess\u00e1rios para supera\u00e7\u00e3o da pobreza entre n\u00f3s?<\/em><\/p>\n<p style=\"text-align: justify\"><strong>Dom Murilo Krieger<\/strong> &#8211; Diria que cinco: 1\u00ba) Consci\u00eancia de que o Brasil deve ser um pa\u00eds para todos; 2\u00ba) A justi\u00e7a \u00e9 o fundamento da paz; 3\u00ba) H\u00e1 necessidades de gestos imediatos para resolver o problema da fome, das doen\u00e7as, da falta de educa\u00e7\u00e3o, de habita\u00e7\u00e3o por parte daqueles pessoas que sofrem com tais car\u00eancias. Al\u00e9m disso, h\u00e1 necessidade de decis\u00f5es a m\u00e9dio prazo, com investimento adequado para a educa\u00e7\u00e3o &#8211; base para qualquer supera\u00e7\u00e3o da mis\u00e9ria e da fome; e, a longo prazo, despertar a consci\u00eancia de que com corrup\u00e7\u00e3o, n\u00e3o se constr\u00f3i pa\u00eds algum; 4\u00ba) Ver o pobre com o olhar de Jesus Cristo e ver Jesus Cristo no rosto de quem \u00e9 pobre; 5\u00ba) Cada um fazer o que estiver a seu alcance para combater a pobreza, como resposta aos apelos do Evangelho. Parafraseando o presidente Kennedy \u00e9 necess\u00e1rio deixar de perguntar o que os outros podem fazer por n\u00f3s, mas o que n\u00f3s podemos fazer por aqueles que, sozinhos, n\u00e3o sair\u00e3o de sua situa\u00e7\u00e3o de pobreza.<\/p>\n","protected":false},"excerpt":{"rendered":"<p>Entrevista com o vice-presidente da CNBB, dom Murilo Krieger<\/p>\n","protected":false},"author":83,"featured_media":0,"comment_status":"closed","ping_status":"open","sticky":false,"template":"","format":"standard","meta":{"site-sidebar-layout":"default","site-content-layout":"default","ast-global-header-display":"","ast-banner-title-visibility":"","ast-main-header-display":"","ast-hfb-above-header-display":"","ast-hfb-below-header-display":"","ast-hfb-mobile-header-display":"","site-post-title":"","ast-breadcrumbs-content":"","ast-featured-img":"","footer-sml-layout":"","theme-transparent-header-meta":"","adv-header-id-meta":"","stick-header-meta":"","header-above-stick-meta":"","header-main-stick-meta":"","header-below-stick-meta":""},"categories":[869],"tags":[],"acf":[],"_links":{"self":[{"href":"https:\/\/www.cnbb.org.br\/cnbb-app\/wp\/v2\/posts\/8255"}],"collection":[{"href":"https:\/\/www.cnbb.org.br\/cnbb-app\/wp\/v2\/posts"}],"about":[{"href":"https:\/\/www.cnbb.org.br\/cnbb-app\/wp\/v2\/types\/post"}],"author":[{"embeddable":true,"href":"https:\/\/www.cnbb.org.br\/cnbb-app\/wp\/v2\/users\/83"}],"replies":[{"embeddable":true,"href":"https:\/\/www.cnbb.org.br\/cnbb-app\/wp\/v2\/comments?post=8255"}],"version-history":[{"count":0,"href":"https:\/\/www.cnbb.org.br\/cnbb-app\/wp\/v2\/posts\/8255\/revisions"}],"wp:attachment":[{"href":"https:\/\/www.cnbb.org.br\/cnbb-app\/wp\/v2\/media?parent=8255"}],"wp:term":[{"taxonomy":"category","embeddable":true,"href":"https:\/\/www.cnbb.org.br\/cnbb-app\/wp\/v2\/categories?post=8255"},{"taxonomy":"post_tag","embeddable":true,"href":"https:\/\/www.cnbb.org.br\/cnbb-app\/wp\/v2\/tags?post=8255"}],"curies":[{"name":"wp","href":"https:\/\/api.w.org\/{rel}","templated":true}]}}