{"id":8299,"date":"2017-11-22T00:00:00","date_gmt":"2017-11-22T02:00:00","guid":{"rendered":"https:\/\/www.cnbb.org.br\/diagnostico-precoce-aumenta-chances-de-cura-do-cancer-infantil\/"},"modified":"2017-11-22T00:00:00","modified_gmt":"2017-11-22T02:00:00","slug":"diagnostico-precoce-aumenta-chances-de-cura-do-cancer-infantil","status":"publish","type":"post","link":"https:\/\/www.cnbb.org.br\/diagnostico-precoce-aumenta-chances-de-cura-do-cancer-infantil\/","title":{"rendered":"Diagn\u00f3stico precoce aumenta em at\u00e9 80% chances de cura do c\u00e2ncer infantil"},"content":{"rendered":"<p style=\"text-align: justify\">Dados do Instituto Nacional de C\u00e2ncer, mostram que, em 2017, foram estimados 12.600 casos novos de c\u00e2ncer em crian\u00e7as e adolescentes at\u00e9 os 19 anos no Brasil em 2017. O c\u00e2ncer infantojuvenil engloba, na verdade, v\u00e1rios tipos de c\u00e2ncer.<\/p>\n<p style=\"text-align: justify\">As leucemias \u2013 c\u00e2ncer da medula \u00f3ssea e do sangue &#8211; representam o maior percentual de incid\u00eancia (26%) nessa faixa et\u00e1ria, seguida dos linfomas (14%) e tumores do sistema nervoso central (SNC) (13%). Diante dessa realidade, desde 2008 \u00e9 celebrado no dia 23 de novembro, o \u201cDia Nacional de Combate ao C\u00e2ncer Infantil\u201d, que \u00e9 a maior causa de mortes por doen\u00e7a na faixa de 1 a 19 anos.<\/p>\n<blockquote>\n<p style=\"text-align: justify\"><span style=\"color: #993300\"><strong>&#8220;Nossa principal meta \u00e9 fazer o diagn\u00f3stico o mais precoce poss\u00edvel j\u00e1 que n\u00e3o existe um fator de causa direta da doen\u00e7a em crian\u00e7as. Por isso, n\u00e3o h\u00e1 medidas que possam ser eitas para evitar a evitar a doen\u00e7a como \u00e9 poss\u00edvel em adultos&#8221;, destaca a m\u00e9dica oncologista e hematologista pedi\u00e1trica do Hospital da Crian\u00e7a de Bras\u00edlia Jos\u00e9 de Alencar, Isis Magalh\u00e3es.<\/strong><\/span><\/p>\n<\/blockquote>\n<p style=\"text-align: justify\"><span style=\"color: #993300\"><span style=\"color: #000000\">Segundo a m\u00e9dica, no caso de um diagn\u00f3stico positivo, o mais importante \u00e9 que a crian\u00e7a esteja boas condi\u00e7\u00f5es clinicas e tenha acesso um centro de refer\u00eancia de c\u00e2ncer infantojuvenil e inicie o tratamento o mais r\u00e1pido poss\u00edvel.<\/span><\/span><\/p>\n<p><span style=\"color: #000000\">A Pastoral da Crian\u00e7a incentiva que\u00a0o bem-estar da crian\u00e7a seja pensado desde o in\u00edcio da gesta\u00e7\u00e3o. Estudos comprovam que o cuidado que m\u00e3es e pais dedicam nos primeiros 1000 dias do beb\u00ea (270 da gesta\u00e7\u00e3o + 365 do primeiro ano + 365 do 2\u00ba ano) s\u00e3o primordiais para uma vida saud\u00e1vel, mesmo depois de adulto. <\/span><\/p>\n<blockquote>\n<p style=\"text-align: justify\"><span style=\"color: #993300\"><strong>&#8220;O mesmo zelo dedicado durante os nove meses devem acontecer nos primeiros dois anos de vida para garantir a vida em abund\u00e2ncia, ressalta o coordenador internacional da Pastoral da Crian\u00e7a, Nelson Arns Neumann.<\/strong><\/span><\/p>\n<\/blockquote>\n<p style=\"text-align: justify\"><span style=\"color: #000000\">Segundo Nelson, esse compromisso come\u00e7a com um pr\u00e9-natal bem feito, com uma alimenta\u00e7\u00e3o saud\u00e1vel e h\u00e1bitos de vida saud\u00e1veis, como a pr\u00e1tica de exerc\u00edcios e o n\u00e3o consumo de \u00e1lcool e cigarro, por exemplo. At\u00e9 mesmo a escolha por um parto sem interven\u00e7\u00f5es desnecess\u00e1rias pode influenciar na vida que vem por a\u00ed.<\/span><\/p>\n<p style=\"text-align: justify\">As doen\u00e7as de crian\u00e7a s\u00e3o muito comuns aparecerem diversas vezes, mas se a frequ\u00eancia ao pediatra for constante n\u00e3o h\u00e1 espa\u00e7o para desespero. O mais importante \u00e9 fazer o acompanhamento da sa\u00fade dos pequenos. No caso da Leucemia, n\u00e3o existem sinais espec\u00edficos para sua identifica\u00e7\u00e3o, o que chama a aten\u00e7\u00e3o \u00e9 a persist\u00eancia de sinais e sintomas comuns a outras doen\u00e7as, tais como febre, dor abdominal, aumento de g\u00e2nglios, que n\u00e3o melhoram com o tratamento habitual e que devem ser levados em considera\u00e7\u00e3o.<\/p>\n<p style=\"text-align: justify\">Dados de um estudo sobre o panorama do c\u00e2ncer infantojuvenil divulgado pelo INCA e pelo Minist\u00e9rio da Sa\u00fade (MS), em novembro de 2016, apontam que a sobrevida estimada no Brasil por c\u00e2ncer na faixa et\u00e1ria de zero a 19 anos \u00e9 de 64%, \u00edndice calculado com base nas informa\u00e7\u00f5es de incid\u00eancia e mortalidade.<\/p>\n<p style=\"text-align: justify\">O estudo apontou que a sobrevida varia de acordo com a regi\u00e3o do Pa\u00eds. Os \u00edndices s\u00e3o mais elevados nas regi\u00f5es Sul (75%) e Sudeste (70%) do que no Centro-Oeste (65%), Nordeste (60%) e Norte (50%). Por isso, a import\u00e2ncia do diagn\u00f3stico precoce.<\/p>\n<blockquote>\n<p style=\"text-align: justify\"><strong><span style=\"color: #993300\">&#8220;H\u00e1 30 anos era uma doen\u00e7a fatal. Hoje, no mundo, mostra que as taxas de cura atingiram n\u00edveis que chegam a 80%. Com a evolu\u00e7\u00e3o dos m\u00e9todos de tratamento, n\u00f3s temos um melhor \u00edndice de cura com menos sequelas&#8221;, destaca a m\u00e9dica.<\/span><\/strong><\/p>\n<\/blockquote>\n<p style=\"text-align: justify\"><span style=\"color: #993300\"><strong>C\u00e2ncer em crian\u00e7a e adultos<\/strong><\/span><\/p>\n<p style=\"text-align: justify\">As diferen\u00e7as entre os c\u00e2nceres infantis e de adultos consistem principalmente no tipo do tumor, na evolu\u00e7\u00e3o e localiza\u00e7\u00f5es prim\u00e1rias. Nas crian\u00e7as e nos adolescentes, a neoplasia geralmente afeta as c\u00e9lulas do sistema sangu\u00edneo, o sistema nervoso e os tecidos de sustenta\u00e7\u00e3o.<\/p>\n<p style=\"text-align: justify\">Nos adultos, as c\u00e9lulas epiteliais, que recobrem os \u00f3rg\u00e3os, s\u00e3o as mais atingidas. Enquanto o c\u00e2ncer no adulto apresenta muta\u00e7\u00f5es, geralmente em decorr\u00eancia de fatores ambientais, no c\u00e2ncer pedi\u00e1trico ainda n\u00e3o h\u00e1 estudos conclusivos sobre a influ\u00eancia desse aspecto.<\/p>\n<p style=\"text-align: justify\">O tratamento nos pequenos se faz com quimioterapia, radioterapia e em alguns casos com cirurgia e transplante de medula.<\/p>\n<p style=\"text-align: justify\"><span style=\"color: #993300\"><strong>Sinais e Sintomas<\/strong><\/span><\/p>\n<p style=\"text-align: justify\"><a href=\"http:\/\/cnbb.net.br\/diagnostico-precoce-aumenta-chances-de-cura-do-cancer-infantil\/cancer-infantil\/\" rel=\"attachment wp-att-9633 noopener\" target=\"_blank\"><img decoding=\"async\" loading=\"lazy\" class=\"wp-image-9633 aligncenter\" src=\"http:\/\/cnbb.net.br\/wp-content\/uploads\/2017\/11\/Cancer-infantil-300x269.png\" alt=\"\" width=\"309\" height=\"277\" \/><\/a><\/p>\n<p style=\"text-align: justify\">A Funda\u00e7\u00e3o do C\u00e2ncer, o Instituto Desiderata e a Sociedade Brasileira de Oncologia Pedi\u00e1trica (Sobope) produziram um filme em celebra\u00e7\u00e3o ao Dia Nacional de Combate ao C\u00e2ncer Infantil, 23 de novembro, que fala sobre a import\u00e2ncia do diagn\u00f3stico precoce em crian\u00e7as e adolescentes.<\/p>\n<p>A Funda\u00e7\u00e3o do C\u00e2ncer preparou diversos materiais informativos para divulga\u00e7\u00e3o da Campanha de combate ao C\u00e2ncer Infantil. Entre elas, um v\u00eddeo que faz um alerta sobre doen\u00e7a de crian\u00e7a que vai e volta \u00e9 sinal de alerta. E incentiva o diagn\u00f3stico precoce. A campanha trabalha o slogan\u00a0<a class=\"_58cn\" href=\"https:\/\/www.facebook.com\/hashtag\/unidospelacura?source=embed\" target=\"_blank\" rel=\"noopener\"><span class=\"_5afx\"><span class=\"_58cl _5afz\">#<\/span><span class=\"_58cm\">unidospelacura<\/span><\/span><\/a><\/p>\n<div class=\"ast-oembed-container\" style=\"height: 100%;\"><iframe loading=\"lazy\" title=\"23 de novembro - Dia Nacional de Combate ao C\u00e2ncer Infantil\" width=\"500\" height=\"281\" src=\"https:\/\/www.youtube.com\/embed\/a4P9TGMs_9s?feature=oembed\" frameborder=\"0\" allow=\"accelerometer; autoplay; clipboard-write; encrypted-media; gyroscope; picture-in-picture\" allowfullscreen><\/iframe><\/div>\n<p style=\"text-align: justify\">[ot-video][\/ot-video]<\/p>\n","protected":false},"excerpt":{"rendered":"<p>A doen\u00e7a que pode ter sintomas semelhantes a outros problemas comuns da inf\u00e2ncia \u00e9 mais agressivo, mas taxa de cura \u00e9 maior<\/p>\n","protected":false},"author":83,"featured_media":0,"comment_status":"closed","ping_status":"open","sticky":false,"template":"","format":"standard","meta":{"site-sidebar-layout":"default","site-content-layout":"default","ast-global-header-display":"","ast-banner-title-visibility":"","ast-main-header-display":"","ast-hfb-above-header-display":"","ast-hfb-below-header-display":"","ast-hfb-mobile-header-display":"","site-post-title":"","ast-breadcrumbs-content":"","ast-featured-img":"","footer-sml-layout":"","theme-transparent-header-meta":"","adv-header-id-meta":"","stick-header-meta":"","header-above-stick-meta":"","header-main-stick-meta":"","header-below-stick-meta":""},"categories":[841],"tags":[],"acf":[],"_links":{"self":[{"href":"https:\/\/www.cnbb.org.br\/cnbb-app\/wp\/v2\/posts\/8299"}],"collection":[{"href":"https:\/\/www.cnbb.org.br\/cnbb-app\/wp\/v2\/posts"}],"about":[{"href":"https:\/\/www.cnbb.org.br\/cnbb-app\/wp\/v2\/types\/post"}],"author":[{"embeddable":true,"href":"https:\/\/www.cnbb.org.br\/cnbb-app\/wp\/v2\/users\/83"}],"replies":[{"embeddable":true,"href":"https:\/\/www.cnbb.org.br\/cnbb-app\/wp\/v2\/comments?post=8299"}],"version-history":[{"count":0,"href":"https:\/\/www.cnbb.org.br\/cnbb-app\/wp\/v2\/posts\/8299\/revisions"}],"wp:attachment":[{"href":"https:\/\/www.cnbb.org.br\/cnbb-app\/wp\/v2\/media?parent=8299"}],"wp:term":[{"taxonomy":"category","embeddable":true,"href":"https:\/\/www.cnbb.org.br\/cnbb-app\/wp\/v2\/categories?post=8299"},{"taxonomy":"post_tag","embeddable":true,"href":"https:\/\/www.cnbb.org.br\/cnbb-app\/wp\/v2\/tags?post=8299"}],"curies":[{"name":"wp","href":"https:\/\/api.w.org\/{rel}","templated":true}]}}