{"id":8304,"date":"2017-11-22T00:00:00","date_gmt":"2017-11-22T02:00:00","guid":{"rendered":"https:\/\/www.cnbb.org.br\/santa-cecilia-a-padroeira-universal-da-musica-e-dos-musicos\/"},"modified":"2020-03-11T16:55:38","modified_gmt":"2020-03-11T19:55:38","slug":"santa-cecilia-a-padroeira-universal-da-musica-e-dos-musicos","status":"publish","type":"post","link":"https:\/\/www.cnbb.org.br\/santa-cecilia-a-padroeira-universal-da-musica-e-dos-musicos\/","title":{"rendered":"A Igreja celebra hoje a mem\u00f3ria lit\u00fargica de Santa Cec\u00edlia, considerada padroeira da m\u00fasica"},"content":{"rendered":"<p style=\"text-align: justify\">A Igreja celebra nesta quarta-feira, 22 de novembro, a mem\u00f3ria lit\u00fargica de Santa Cec\u00edlia, considerada padroeira da m\u00fasica e da m\u00fasica sacra. Embora tenha sido acolhida pela Igreja como patrona dos m\u00fasicos, o assessor da m\u00fasica Lit\u00fargica da Confer\u00eancia Nacional dos Bispos do Brasil (CNBB), irm\u00e3o jesu\u00edta Fernando Vieira afirma que a hist\u00f3ria da santa \u201cpouco tem a ver com a m\u00fasica\u201d, isso porque de acordo ele, deduz-se que por Cec\u00edlia ser de uma fam\u00edlia aristocrata tocasse algum instrumento, assim como era comum na \u00e9poca, o que n\u00e3o \u00e9 comprovado.<\/p>\n<p style=\"text-align: justify\">O fato \u00e9 que a devo\u00e7\u00e3o \u00e0 sua santidade avan\u00e7ou pelos s\u00e9culos e hoje Cec\u00edlia \u00e9 uma das mais veneradas pelos fi\u00e9is crist\u00e3os, do Ocidente e do Oriente. \u201c\u00c9 um dia de celebra\u00e7\u00e3o para todos os que se dedicam \u00e0 m\u00fasica, mas m\u00fasica de verdade! \u00c9 tamb\u00e9m um momento para refletirmos como anda a m\u00fasica em nossas liturgias&#8221;, disse. Segundo o irm\u00e3o canta-se de tudo e, muitas vezes com mau gosto e sem qualidade. &#8220;Toca-se tudo e canta-se de qualquer jeito, tudo muito barulhento&#8221;, adverte.<\/p>\n<p style=\"text-align: justify\">Na ocasi\u00e3o, o assessor de m\u00fasica da CNBB tamb\u00e9m enfatizou a import\u00e2ncia da qualifica\u00e7\u00e3o em M\u00fasica. \u201cCuidar para que haja instrumentos em perfeito funcionamento \u00e9 importante, mas tem que haver tamb\u00e9m um investimento em pessoas que saibam realmente o que \u00e9 m\u00fasica, que tenham estudos ou estejam estudando, aproveitar essa m\u00e3o de obra qualificada\u201d, finalizou.<\/p>\n<p style=\"text-align: justify\"><span style=\"color: #800000\"><strong>Hist\u00f3ria &#8211;<\/strong> <\/span>Nascida em Roma, no s\u00e9culo II, Cec\u00edlia era de uma fam\u00edlia nobre. De acordo com as atas de seu mart\u00edrio, desde crian\u00e7a era crist\u00e3 e muito temente a Deus. Por amor, decidiu consagrar sua pureza ao Senhor, fazendo o voto de virgindade. Na adolesc\u00eancia, Cec\u00edlia chamou a aten\u00e7\u00e3o do jovem Valeriano, com quem foi obrigada a casar. Mesmo assim, em seu cora\u00e7\u00e3o, pedia \u00e0 Virgem Maria para lhe ajudar a guardar seu compromisso de castidade.<\/p>\n<p style=\"text-align: justify\">Ap\u00f3s o casamento, contou ao marido que era crist\u00e3 e que sua virgindade era protegida por um anjo, seu fiel protetor e companheiro nos cantos constantes em louvor a Deus. A presen\u00e7a do anjo p\u00f4de ser constatada por Valeriano, que um dia chegou em casa e viu sua esposa rezando e, ao seu lado, o anjo da guarda. Diante da vis\u00e3o, ele tamb\u00e9m se abriu a Cristo, e foi batizado pelo papa Urbano, junto com seu irm\u00e3o, escondidos nas catacumbas por causa das persegui\u00e7\u00f5es aos crist\u00e3os.<\/p>\n<p style=\"text-align: justify\">Depois de den\u00fancias, as autoridades romanas descobriram a convers\u00e3o de Valeriano e de seu irm\u00e3o, e os decapitaram. Tamb\u00e9m Cec\u00edlia foi presa, e condenada \u00e0 morte por n\u00e3o renegar a f\u00e9 em Cristo. Primeiro, tentaram mat\u00e1-la em uma c\u00e2mara de vapores e milagrosamente nada aconteceu. Depois, o carrasco deu tr\u00eas golpes em seu pesco\u00e7o ferindo-a mortalmente, mas sem conseguir decapit\u00e1-la. Ap\u00f3s tr\u00eas dias, onde animou a f\u00e9 dos crist\u00e3os da \u00e9poca, ela faleceu. Seu corpo foi enterrado nas catacumbas e, por volta de 820, foi verificado que permanecia intacto. Depois, em 1559, o cardeal Sfondrati ordenou nova abertura do t\u00famulo, e o corpo permanecia o mesmo, incorrupt\u00edvel. Em 1594, o papa Greg\u00f3rio XIII a nomeou como patrona dos m\u00fasicos.<\/p>\n<p>&nbsp;<\/p>\n<p>&nbsp;<\/p>\n","protected":false},"excerpt":{"rendered":"<p>\u201c\u00c9 um dia de celebra\u00e7\u00e3o para todos os que se dedicam \u00e0 m\u00fasica e de refletirmos como ela anda em nossas liturgias&#8221;, diz assessor de m\u00fasica<\/p>\n","protected":false},"author":83,"featured_media":8305,"comment_status":"closed","ping_status":"open","sticky":false,"template":"","format":"standard","meta":{"site-sidebar-layout":"default","site-content-layout":"default","ast-global-header-display":"","ast-banner-title-visibility":"","ast-main-header-display":"","ast-hfb-above-header-display":"","ast-hfb-below-header-display":"","ast-hfb-mobile-header-display":"","site-post-title":"","ast-breadcrumbs-content":"","ast-featured-img":"","footer-sml-layout":"","theme-transparent-header-meta":"","adv-header-id-meta":"","stick-header-meta":"","header-above-stick-meta":"","header-main-stick-meta":"","header-below-stick-meta":""},"categories":[859],"tags":[],"acf":[],"_links":{"self":[{"href":"https:\/\/www.cnbb.org.br\/cnbb-app\/wp\/v2\/posts\/8304"}],"collection":[{"href":"https:\/\/www.cnbb.org.br\/cnbb-app\/wp\/v2\/posts"}],"about":[{"href":"https:\/\/www.cnbb.org.br\/cnbb-app\/wp\/v2\/types\/post"}],"author":[{"embeddable":true,"href":"https:\/\/www.cnbb.org.br\/cnbb-app\/wp\/v2\/users\/83"}],"replies":[{"embeddable":true,"href":"https:\/\/www.cnbb.org.br\/cnbb-app\/wp\/v2\/comments?post=8304"}],"version-history":[{"count":0,"href":"https:\/\/www.cnbb.org.br\/cnbb-app\/wp\/v2\/posts\/8304\/revisions"}],"wp:featuredmedia":[{"embeddable":true,"href":"https:\/\/www.cnbb.org.br\/cnbb-app\/wp\/v2\/media\/8305"}],"wp:attachment":[{"href":"https:\/\/www.cnbb.org.br\/cnbb-app\/wp\/v2\/media?parent=8304"}],"wp:term":[{"taxonomy":"category","embeddable":true,"href":"https:\/\/www.cnbb.org.br\/cnbb-app\/wp\/v2\/categories?post=8304"},{"taxonomy":"post_tag","embeddable":true,"href":"https:\/\/www.cnbb.org.br\/cnbb-app\/wp\/v2\/tags?post=8304"}],"curies":[{"name":"wp","href":"https:\/\/api.w.org\/{rel}","templated":true}]}}