{"id":8306,"date":"2017-11-22T00:00:00","date_gmt":"2017-11-22T02:00:00","guid":{"rendered":"https:\/\/www.cnbb.org.br\/igreja-no-brasil-conta-com-mais-uma-diocese-no-estado-da-bahia\/"},"modified":"2020-03-11T20:47:33","modified_gmt":"2020-03-11T23:47:33","slug":"igreja-no-brasil-conta-com-mais-uma-diocese-no-estado-da-bahia","status":"publish","type":"post","link":"https:\/\/www.cnbb.org.br\/igreja-no-brasil-conta-com-mais-uma-diocese-no-estado-da-bahia\/","title":{"rendered":"Igreja no Brasil conta com mais uma diocese no estado da Bahia"},"content":{"rendered":"<p style=\"text-align: justify\">S\u00e3o 10 munic\u00edpios, 12 par\u00f3quias e 185 comunidades que comp\u00f5em a nova diocese, localizada no rec\u00f4ncavo Sul da Bahia. Distante 146 quil\u00f4metros da capital Salvador (BA), a diocese de Cruz das Almas (BA) foi erigida nesta quarta-feira, 22 de novembro, pelo papa Francisco. Na mesma ocasi\u00e3o, foi nomeado o primeiro bispo: dom Ant\u00f4nio Tourinho Neto, ent\u00e3o bispo auxiliar de Olinda e Recife (PE).<\/p>\n<p style=\"text-align: justify\">O territ\u00f3rio da nova diocese foi desmembrado da arquidiocese de Salvador. Desta forma, as 12 par\u00f3quias localizadas em 10 munic\u00edpios far\u00e3o parte da nova circunscri\u00e7\u00e3o. Cabaceiras do Paragua\u00e7u, Cachoeira, Cruz das Almas, Governador Mangabeira, Maragogipe, Muritiba, Santo Amaro, S\u00e3o F\u00e9lix, Sapea\u00e7u e Saubara, todas cidades baianas, somam juntas 185 comunidades, as quais refletem em seus padroeiros a devo\u00e7\u00e3o a Bom Jesus da Lapa e a Nossa Senhora.<\/p>\n<p style=\"text-align: justify\">O munic\u00edpio de Cruz das Almas tem em torno de 63.300 habitantes. A hist\u00f3ria diz que o nome Cruz das Almas refere-se a antigos tropeiros que passavam pela regi\u00e3o e que, ao chegarem \u00e0 vila de Nossa Senhora do Bonsucesso paravam e rezavam diante da cruz localizada no centro da vila, na inten\u00e7\u00e3o das almas de seus mortos.<\/p>\n<p style=\"text-align: justify\">De acordo com a hist\u00f3ria do munic\u00edpio divulgada pela prefeitura, os primeiros povoadores procederam de S\u00e3o F\u00e9lix e Cachoeira, no s\u00e9culo XVIII, atra\u00eddos pela capacidade produtiva do solo. V\u00e1rias par\u00f3quias da regi\u00e3o datam ainda do s\u00e9culo XVII.<\/p>\n<p><strong><span style=\"color: #993300\">\u00cdcone de Cruz das Almas<br \/>\n<\/span><\/strong><\/p>\n<figure id=\"attachment_9698\" aria-describedby=\"caption-attachment-9698\" style=\"width: 300px\" class=\"wp-caption alignright\"><a href=\"http:\/\/cnbb.net.br\/igreja-no-brasil-conta-com-mais-uma-diocese-no-estado-da-bahia\/monsenhor-neiva-fotos-sara-gomes-46-300x200\/\" rel=\"attachment wp-att-9698 noopener\" target=\"_blank\"><img decoding=\"async\" loading=\"lazy\" class=\"size-medium wp-image-9698\" src=\"http:\/\/cnbb.net.br\/wp-content\/uploads\/2017\/11\/Monsenhor-Neiva-Fotos-Sara-Gomes-46-300x200-300x200.jpg\" alt=\"\" width=\"300\" height=\"200\" \/><\/a><figcaption id=\"caption-attachment-9698\" class=\"wp-caption-text\"><em>Arquidiocese de Salvador\/Sara Gomes | Monsenhor Neiva, padre centen\u00e1rio na arquidiocese Primaz do Brasil<\/em><\/figcaption><\/figure>\n<p>Personagem marcante da regi\u00e3o \u00e9 o padre mais velho da arquidiocese de Salvador, o monsenhor Jos\u00e9 de Souza Neiva, que completou 100 anos em abril. A solene comemora\u00e7\u00e3o teve missa presidida por dom Murilo Krieger.<\/p>\n<p style=\"text-align: justify\">Foi professor no semin\u00e1rio e depois enviado \u00e0 comunidade do munic\u00edpio de Baixa Grande, que na \u00e9poca pertencia \u00e0 arquidiocese de Salvador. Fundou uma escola em Itaberaba, para que as crian\u00e7as da regi\u00e3o pudessem estudar e tamb\u00e9m serem evangelizadas.<\/p>\n<p style=\"text-align: justify\">No ano de 1966 monsenhor Neiva foi enviado para pastorear o munic\u00edpio de Cruz das Almas, onde est\u00e1 at\u00e9 hoje.<\/p>\n<p style=\"text-align: justify\"><strong><span style=\"color: #993300\">Servo por amor<br \/>\n<\/span><\/strong>O bispo eleito para a nova diocese tamb\u00e9m se pronunciou, por meio de carta. Dom Ant\u00f4nio Tourinho Neto afirmou que ir\u00e1 como pastor desta por\u00e7\u00e3o do Povo de Deus, tendo em vista um princ\u00edpio: \u201cfazer-me servo por amor, pois creio que \u2018o amor vence tudo\u2019\u201d.<\/p>\n<p style=\"text-align: justify\">\u201cTenho ci\u00eancia de que preciso conhecer a realidade local e depois, em esp\u00edrito de unidade, tendo Jesus em nosso meio e pelo impulso do Esp\u00edrito Santo, construirmos o rosto pastoral da nossa rec\u00e9m-criada diocese, respeitando as experi\u00eancias positivas j\u00e1 existentes, em comunh\u00e3o com a a\u00e7\u00e3o evangelizadora da Igreja no Brasil\u201d.<\/p>\n<p style=\"text-align: justify\"><span style=\"color: #993300\"><strong>Antigo sonho<\/strong><\/span><\/p>\n<figure id=\"attachment_9701\" aria-describedby=\"caption-attachment-9701\" style=\"width: 300px\" class=\"wp-caption alignright\"><a href=\"http:\/\/cnbb.net.br\/igreja-no-brasil-conta-com-mais-uma-diocese-no-estado-da-bahia\/dom-murilo-cruz-das-almas-site\/\" rel=\"attachment wp-att-9701 noopener\" target=\"_blank\"><img decoding=\"async\" loading=\"lazy\" class=\"size-medium wp-image-9701\" src=\"http:\/\/cnbb.net.br\/wp-content\/uploads\/2017\/11\/Dom-Murilo-Cruz-das-Almas-site-300x192.jpg\" alt=\"\" width=\"300\" height=\"192\" \/><\/a><figcaption id=\"caption-attachment-9701\" class=\"wp-caption-text\"><em>Par\u00f3quia Nossa Senhora do Bom Sucesso | Dom Murilo Krieger preside missa na matriz de Cruz das Almas<\/em><\/figcaption><\/figure>\n<p style=\"text-align: justify\">\u201cA cria\u00e7\u00e3o desta diocese \u00e9 um antigo sonho dos fi\u00e9is do Rec\u00f4ncavo Baiano\u201d, afirma a arquidiocese de Salvador (BA), assinada por seu arcebispo e vice-presidente da Confer\u00eancia Nacional dos Bispos do Brasil (CNBB), dom Murilo Krieger.<\/p>\n<p style=\"text-align: justify\">A instala\u00e7\u00e3o acontecer\u00e1 no dia 28 de janeiro de 2018, \u00e0s 10h na matriz de Nossa Senhora do Bom Sucesso, que passar\u00e1 a ser catedral diocesana, diz o texto. Na ocasi\u00e3o, dom Ant\u00f4nio Tourinho Neto tomar\u00e1 posse como primeiro bispo diocesano. A celebra\u00e7\u00e3o ser\u00e1 presidida pelo n\u00fancio apost\u00f3lico no Brasil, dom Giovanni D&#8217;Aniello.<\/p>\n<p style=\"text-align: justify\">\u201cAgradecemos ao santo padre por ter acolhido o antigo desejo do povo do Rec\u00f4ncavo, felicitamos os fi\u00e9is da nova diocese e pedimos que todos elevem preces aos c\u00e9us pelo povo da nova diocese e, particularmente, pelo seu bispo diocesano\u201d, afirmou dom Murilo no texto.<\/p>\n<p>&nbsp;<\/p>\n<p style=\"text-align: justify\"><strong><em><span style=\"color: #993300\">Munic\u00edpios e suas par\u00f3quias:<\/span><\/em><\/strong><br \/>\n<strong>Cabaceiras do Paragua\u00e7u<\/strong><br \/>\nPar\u00f3quia S\u00e3o Jo\u00e3o Batista &#8211; 9 comunidades<br \/>\nTem 13 comunidades da par\u00f3quia S\u00e3o Pedro do Monte<\/p>\n<p style=\"text-align: justify\"><strong>Cachoeira<\/strong><br \/>\nPar\u00f3quia Nossa Senhora do Ros\u00e1rio<\/p>\n<p style=\"text-align: justify\"><strong>Cruz das Almas <\/strong><br \/>\nPar\u00f3quia Nossa Senhora do Bom Sucesso &#8211; 22 comunidades<\/p>\n<p style=\"text-align: justify\"><strong>Governador Mangabeira <\/strong><br \/>\nPar\u00f3quia Nossa Senhora da Concei\u00e7\u00e3o &#8211; 8 comunidades<\/p>\n<p style=\"text-align: justify\"><strong>Maragogipe<\/strong><br \/>\nPar\u00f3quia S\u00e3o Bartolomeu &#8211; 75 comunidades<\/p>\n<p style=\"text-align: justify\"><strong>Muritiba <\/strong><br \/>\nPar\u00f3quia S\u00e3o Pedro do Monte &#8211; 13 comunidades<\/p>\n<p style=\"text-align: justify\"><strong>Santo Amaro <\/strong><br \/>\nPar\u00f3quia Nossa Senhora da Purifica\u00e7\u00e3o<br \/>\nPar\u00f3quia Nossa Senhora da Soledade<br \/>\nPar\u00f3quia Nossa Senhora do Ros\u00e1rio<\/p>\n<p style=\"text-align: justify\"><strong>S\u00e3o F\u00e9lix <\/strong><br \/>\nPar\u00f3quia Senhor Deus Menino &#8211; 30 comunidades<\/p>\n<p style=\"text-align: justify\"><strong>Sapea\u00e7u <\/strong><br \/>\nPar\u00f3quia Nossa Senhora da Concei\u00e7\u00e3o &#8211; 17 comunidades<\/p>\n<p style=\"text-align: justify\"><strong>Saubara <\/strong><br \/>\nPar\u00f3quia S\u00e3o Domingos de Gusm\u00e3o &#8211; 7 comunidades<\/p>\n","protected":false},"excerpt":{"rendered":"<p>O papa Francisco erigiu nesta quarta-feira a diocese de Cruz das Almas. A nova Igreja Particular far\u00e1 parte do regional Nordeste 3 da CNBB<\/p>\n","protected":false},"author":83,"featured_media":0,"comment_status":"closed","ping_status":"open","sticky":false,"template":"","format":"standard","meta":{"site-sidebar-layout":"default","site-content-layout":"default","ast-global-header-display":"","ast-banner-title-visibility":"","ast-main-header-display":"","ast-hfb-above-header-display":"","ast-hfb-below-header-display":"","ast-hfb-mobile-header-display":"","site-post-title":"","ast-breadcrumbs-content":"","ast-featured-img":"","footer-sml-layout":"","theme-transparent-header-meta":"","adv-header-id-meta":"","stick-header-meta":"","header-above-stick-meta":"","header-main-stick-meta":"","header-below-stick-meta":""},"categories":[841],"tags":[],"acf":[],"_links":{"self":[{"href":"https:\/\/www.cnbb.org.br\/cnbb-app\/wp\/v2\/posts\/8306"}],"collection":[{"href":"https:\/\/www.cnbb.org.br\/cnbb-app\/wp\/v2\/posts"}],"about":[{"href":"https:\/\/www.cnbb.org.br\/cnbb-app\/wp\/v2\/types\/post"}],"author":[{"embeddable":true,"href":"https:\/\/www.cnbb.org.br\/cnbb-app\/wp\/v2\/users\/83"}],"replies":[{"embeddable":true,"href":"https:\/\/www.cnbb.org.br\/cnbb-app\/wp\/v2\/comments?post=8306"}],"version-history":[{"count":0,"href":"https:\/\/www.cnbb.org.br\/cnbb-app\/wp\/v2\/posts\/8306\/revisions"}],"wp:attachment":[{"href":"https:\/\/www.cnbb.org.br\/cnbb-app\/wp\/v2\/media?parent=8306"}],"wp:term":[{"taxonomy":"category","embeddable":true,"href":"https:\/\/www.cnbb.org.br\/cnbb-app\/wp\/v2\/categories?post=8306"},{"taxonomy":"post_tag","embeddable":true,"href":"https:\/\/www.cnbb.org.br\/cnbb-app\/wp\/v2\/tags?post=8306"}],"curies":[{"name":"wp","href":"https:\/\/api.w.org\/{rel}","templated":true}]}}