{"id":8316,"date":"2017-11-22T00:00:00","date_gmt":"2017-11-22T02:00:00","guid":{"rendered":"https:\/\/www.cnbb.org.br\/os-pobres-e-a-pobreza\/"},"modified":"2017-11-22T00:00:00","modified_gmt":"2017-11-22T02:00:00","slug":"os-pobres-e-a-pobreza","status":"publish","type":"post","link":"https:\/\/www.cnbb.org.br\/os-pobres-e-a-pobreza\/","title":{"rendered":"Os pobres e a pobreza"},"content":{"rendered":"<p style=\"text-align: right\"><strong><u>Dom Fernando Ar\u00eaas Rifan<br \/>\nBispo da Administra\u00e7\u00e3o Apost\u00f3lica Pessoal S\u00e3o Jo\u00e3o Maria Vianney<\/p>\n<p><\/u><\/strong><\/p>\n<p style=\"text-align: justify\">Celebramos no domingo passado, por institui\u00e7\u00e3o do Papa Francisco, o 1\u00ba Dia Mundial dos Pobres, ocasi\u00e3o oportuna para refletirmos mais sobre a pobreza e suas implica\u00e7\u00f5es morais, na linha da doutrina social da Igreja.<\/p>\n<p style=\"text-align: justify\">\u201cHoje muitos homens, talvez a maioria, n\u00e3o disp\u00f5em de instrumentos que consintam entrar, de modo efetivo e humanamente digno, dentro de um sistema de empresa, no qual o trabalho ocupa uma posi\u00e7\u00e3o verdadeiramente central&#8230; Em suma, eles, se n\u00e3o s\u00e3o propriamente explorados, veem-se amplamente marginalizados, e o progresso econ\u00f4mico desenvolve-se, por assim dizer, por cima das suas cabe\u00e7as, quando n\u00e3o restringe ainda mais os espa\u00e7os j\u00e1 estreitos das suas economias tradicionais de subsist\u00eancia&#8230; Muitos outros, embora n\u00e3o estando totalmente marginalizados, vivem inseridos em ambientes onde a luta pelo necess\u00e1rio \u00e9 absolutamente prim\u00e1ria&#8230; Infelizmente a grande maioria dos habitantes do Terceiro Mundo vive ainda nestas condi\u00e7\u00f5es\u201d (S. Jo\u00e3o Paulo II, <em>Centesimus Annus<\/em>, 33).<\/p>\n<p style=\"text-align: justify\">\u201cQuanto aos deserdados da fortuna, aprendam da Igreja que, segundo o ju\u00edzo do pr\u00f3prio Deus,<u> a pobreza n\u00e3o \u00e9 um opr\u00f3brio<\/u> e que se n\u00e3o deve corar por ter de ganhar o p\u00e3o com o suor do seu rosto. \u00c9 o que Jesus Cristo nosso Senhor confirmou com o seu exemplo. Ele que, \u2018de muito rico que era, se fez indigente\u2019 (2Cor 8,9) para a salva\u00e7\u00e3o dos homens; que, Filho de Deus e Deus Ele mesmo, quis passar aos olhos do mundo como filho dum carpinteiro, que chegou a consumir uma grande parte da sua vida no trabalho manual: \u2018N\u00e3o \u00e9 Ele o carpinteiro, filho de Maria\u2019 (Mc 6,3)? Quem tiver na sua frente o modelo divino compreender\u00e1 mais facilmente o que vamos dizer: que <u>a verdadeira dignidade<\/u> do homem e a sua excel\u00eancia reside nos seus costumes, isto \u00e9, na sua virtude; que <u>a virtude \u00e9 o patrim\u00f4nio<\/u> comum dos mortais, ao alcance de todos, dos pequenos e dos grandes, dos pobres e dos ricos; s\u00f3 a virtude e os m\u00e9ritos, seja qual for a pessoa em que se encontrem, obter\u00e3o a recompensa da eterna felicidade. Mais ainda: \u00e9 para as classes desafortunadas que o cora\u00e7\u00e3o de Deus parece inclinar-se mais. Jesus Cristo chama os pobres bem-aventurados (cf. Mt 5,3); convida com amor a virem at\u00e9 Ele, a fim de consolar todos os que sofrem e choram (cf. Mt 11, 18). Abra\u00e7a com a caridade mais terna os pequenos e os oprimidos. Estas doutrinas foram, sem d\u00favida alguma, feitas para humilhar a alma orgulhosa do rico e torna-la mais condescendente, para reanimar a coragem daqueles que sofrem e inspirar-lhes resigna\u00e7\u00e3o. Com elas achar-se-ia diminu\u00eddo o abismo procurado pelo orgulho e obter-se-ia sem dificuldade que as duas classes se dessem as m\u00e3os, e as vontades se unissem na mesma amizade\u201d (Le\u00e3o XIII, <em>Rerum Novarum<\/em>, 15).<\/p>\n<p style=\"text-align: justify\">\u201cA caridade representa o maior mandamento social. Respeita o outro em seus direitos. Exige a pr\u00e1tica da justi\u00e7a e s\u00f3 ela nos torna capazes de pratic\u00e1-la. Inspira uma vida de autodoa\u00e7\u00e3o: \u2018Quem procura ganhar sua vida vai perd\u00ea-la; e quem a perder vai conserv\u00e1-la\u2019 (Lc 17, 33)\u201d (Catecismo da Igreja Cat\u00f3lica, n. 1889).<\/p>\n<p>&nbsp;<\/p>\n<p>&nbsp;<\/p>\n<p>&nbsp;<\/p>\n","protected":false},"excerpt":{"rendered":"<p>Dom Fernando Ar\u00eaas Rifan Bispo da Administra\u00e7\u00e3o Apost\u00f3lica Pessoal S\u00e3o Jo\u00e3o Maria Vianney Celebramos no domingo passado, por institui\u00e7\u00e3o do Papa Francisco, o 1\u00ba Dia Mundial dos Pobres, ocasi\u00e3o oportuna para refletirmos mais sobre a pobreza e suas implica\u00e7\u00f5es morais, na linha da doutrina social da Igreja. \u201cHoje muitos homens, talvez a maioria, n\u00e3o disp\u00f5em &hellip;<\/p>\n<p class=\"read-more\"> <a class=\"\" href=\"https:\/\/www.cnbb.org.br\/os-pobres-e-a-pobreza\/\"> <span class=\"screen-reader-text\">Os pobres e a pobreza<\/span> Leia mais &raquo;<\/a><\/p>\n","protected":false},"author":29,"featured_media":0,"comment_status":"closed","ping_status":"open","sticky":false,"template":"","format":"standard","meta":{"site-sidebar-layout":"default","site-content-layout":"default","ast-global-header-display":"","ast-banner-title-visibility":"","ast-main-header-display":"","ast-hfb-above-header-display":"","ast-hfb-below-header-display":"","ast-hfb-mobile-header-display":"","site-post-title":"","ast-breadcrumbs-content":"","ast-featured-img":"","footer-sml-layout":"","theme-transparent-header-meta":"","adv-header-id-meta":"","stick-header-meta":"","header-above-stick-meta":"","header-main-stick-meta":"","header-below-stick-meta":""},"categories":[758],"tags":[],"acf":[],"_links":{"self":[{"href":"https:\/\/www.cnbb.org.br\/cnbb-app\/wp\/v2\/posts\/8316"}],"collection":[{"href":"https:\/\/www.cnbb.org.br\/cnbb-app\/wp\/v2\/posts"}],"about":[{"href":"https:\/\/www.cnbb.org.br\/cnbb-app\/wp\/v2\/types\/post"}],"author":[{"embeddable":true,"href":"https:\/\/www.cnbb.org.br\/cnbb-app\/wp\/v2\/users\/29"}],"replies":[{"embeddable":true,"href":"https:\/\/www.cnbb.org.br\/cnbb-app\/wp\/v2\/comments?post=8316"}],"version-history":[{"count":0,"href":"https:\/\/www.cnbb.org.br\/cnbb-app\/wp\/v2\/posts\/8316\/revisions"}],"wp:attachment":[{"href":"https:\/\/www.cnbb.org.br\/cnbb-app\/wp\/v2\/media?parent=8316"}],"wp:term":[{"taxonomy":"category","embeddable":true,"href":"https:\/\/www.cnbb.org.br\/cnbb-app\/wp\/v2\/categories?post=8316"},{"taxonomy":"post_tag","embeddable":true,"href":"https:\/\/www.cnbb.org.br\/cnbb-app\/wp\/v2\/tags?post=8316"}],"curies":[{"name":"wp","href":"https:\/\/api.w.org\/{rel}","templated":true}]}}